{"id":177085,"date":"2025-10-14T21:51:13","date_gmt":"2025-10-14T21:51:13","guid":{"rendered":"https:\/\/www.europesays.com\/es\/177085\/"},"modified":"2025-10-14T21:51:13","modified_gmt":"2025-10-14T21:51:13","slug":"cadillac-f1-le-lanza-un-guino-a-charles-leclerc-lo-llevaria-sin-dudarlo","status":"publish","type":"post","link":"https:\/\/www.europesays.com\/es\/177085\/","title":{"rendered":"Cadillac F1 le lanza un gui\u00f1o a Charles Leclerc: \u201cLo llevar\u00eda sin dudarlo\u201d"},"content":{"rendered":"<p data-journey-content=\"true\" data-node-id=\"3\" class=\"css-6wxqfj emevuu60\"><strong data-node-id=\"3.0\">Charles Leclerc<\/strong> es una de las caras visibles de la F\u00f3rmula 1 actual. \u2018Il Predestinato\u2019 lleva varias temporadas tratando de llevarse la gloria con <strong data-node-id=\"3.2\">Ferrari<\/strong>. Sin embargo, los de Maranello a\u00fan no han podido hacer frente al dominio de Red Bull y McLaren en las \u00faltimas temporadas. El piloto est\u00e1 pasando por un 2025 dif\u00edcil, en el que a\u00fan n<strong data-node-id=\"3.4\">o ha conseguido victorias <\/strong>y est\u00e1 teniendo algunos problemas con el coche. El monegasco est\u00e1 completamente adaptado y es un<strong data-node-id=\"3.6\"> \u00eddolo para los tifosi<\/strong>, por lo que todo apunta a que le queda mucho tiempo vestido de rojo, sin embargo, no le faltan admiradores.<\/p>\n<p>Andretti deja caer una futura posibilidad<\/p>\n<p data-journey-content=\"true\" data-node-id=\"7\" class=\"css-6wxqfj emevuu60\">El proyecto de Cadillac en la F\u00f3rmula 1 acaba de empezar. La nueva escuder\u00eda ha apostado por la experiencia para su primera temporada en el Gran Circo, con la pareja formada por <strong data-node-id=\"7.1\">Sergio P\u00e9rez <\/strong>y <strong data-node-id=\"7.3\">Valtteri Bottas<\/strong>. Esta alineaci\u00f3n busca una adaptaci\u00f3n r\u00e1pida, pero el equipo podr\u00eda buscar pronto una opci\u00f3n m\u00e1s a futuro. En una entrevista para La Gazzetta dello Sport, <strong data-node-id=\"7.5\">Andretti <\/strong>admite que su debilidad personal con un piloto: \u201c<strong data-node-id=\"7.7\">Soy un gran fan de Leclerc<\/strong>; si alg\u00fan d\u00eda quisiera cambiar de equipo,<strong data-node-id=\"7.9\"> lo llevar\u00eda a Cadillac sin dudarlo<\/strong>. Ferrari es Ferrari, y tarde o temprano volver\u00e1. Siempre\u201d.<\/p>\n<p data-journey-content=\"true\" data-node-id=\"9\" class=\"css-6wxqfj emevuu60\">La relaci\u00f3n del monegasco con los de Maranello parece indestructible, al menos a corto plazo. El equipo est\u00e1 especialmente interesado en potenciar su talento y darle un coche que le permita ser campe\u00f3n del mundo. Sin embargo, el piloto <strong data-node-id=\"9.1\">podr\u00eda cansarse de esperar<\/strong> si los resultados no son buenos y estudiar algunas ofertas. Para que los estadounidenses tuvieran alguna opci\u00f3n, su<strong data-node-id=\"9.3\"> llegada a la m\u00e1xima competici\u00f3n <\/strong>tendr\u00eda que salir a la perfecci\u00f3n para postularse como una de las escuder\u00edas favoritas en las pr\u00f3ximas temporadas.<\/p>\n<p><img draggable=\"true\" alt=\"f1 grand prix of singapore qualifying\" title=\"F1 Grand Prix Of Singapore - Qualifying\" loading=\"lazy\" width=\"4466\" height=\"2977\" decoding=\"async\" data-nimg=\"1\" style=\"color:transparent;width:100%;height:auto;\"   src=\"https:\/\/www.europesays.com\/es\/wp-content\/uploads\/2025\/10\/scuderia-ferrari-driver-charles-leclerc-participates-in-the-news-photo-1760456998.pjpeg\" class=\"css-0 e1g79fud0\"\/><a target=\"_blank\" rel=\"noopener nofollow\" data-theme-key=\"base-link\" href=\"https:\/\/pinterest.com\/pin\/create\/button\/?url=https:\/\/www.caranddriver.com\/es\/formula-1\/a69031519\/cadillac-f1-lanza-guino-charles-leclerc-llevaria-sin-dudarlo\/&amp;description=&amp;media=https:\/\/hips.hearstapps.com\/hmg-prod\/images\/scuderia-ferrari-driver-charles-leclerc-participates-in-the-news-photo-1760456998.pjpeg?resize=1600:*\" class=\"pinterest css-on9hn5 e1c1bym14\"><img decoding=\"async\" data-dynamic-svg=\"true\" src=\"https:\/\/www.caranddriver.com\/_assets\/design-tokens\/fre\/static\/icons\/social\/pinterest.e8cf655.svg?primary=%2523ffffff\" loading=\"lazy\" data-testid=\"dynamic-svg-base\" height=\"auto\" width=\"auto\" alt=\"pinterest\" class=\"css-4lml0h e1mlxuuw1\"\/><\/a><\/p>\n<p>NurPhoto\/\/Getty Images<\/p>\n<p data-journey-content=\"true\" data-node-id=\"14\" class=\"css-6wxqfj emevuu60\">El asesor de Cadillac no se ha limitado a hablar sobre Charles Leclerc. Andretti explica su visi\u00f3n sobre algunas de las figuras m\u00e1s importantes de la parrilla actual: \u201c<strong data-node-id=\"14.1\">Max Verstappen<\/strong> es muy fuerte.<strong data-node-id=\"14.3\"> Me gusta Piastri por su agallas<\/strong>, pero me parece que en McLaren, por alguna raz\u00f3n, no s\u00e9 por qu\u00e9, <strong data-node-id=\"14.5\">prefieren a Lando Norris<\/strong>\u201d. El dardo a los de Woking viene justo despu\u00e9s de la<a href=\"https:\/\/www.caranddriver.com\/es\/formula-1\/a68875503\/mclaren-f1-celebra-campeonato-constructores-2025-aunque-no-todos-estan-contentos\/\" target=\"_blank\" data-vars-ga-outbound-link=\"https:\/\/www.caranddriver.com\/es\/formula-1\/a68875503\/mclaren-f1-celebra-campeonato-constructores-2025-aunque-no-todos-estan-contentos\/\" data-vars-ga-ux-element=\"Hyperlink\" data-vars-ga-call-to-action=\" pol\u00e9mica del GP de Singapur\" data-node-id=\"14.7\" class=\"body-link css-168zq96 emevuu60\" rel=\"nofollow noopener\"> pol\u00e9mica del GP de Singapur<\/a>, con el enfado del australiano incluido.<\/p>\n<p>P\u00e9rez y Bottas tienen una nueva oportunidad<\/p>\n<p data-journey-content=\"true\" data-node-id=\"17\" class=\"css-6wxqfj emevuu60\">Ambos pilotos est\u00e1n ante la que podr\u00eda ser su \u00faltima oportunidad titular en la F\u00f3rmula 1. En cuanto a las tablas, entre los dos suman <strong data-node-id=\"17.1\">527 Grandes Premios<\/strong>. Sin embargo, un a\u00f1o de par\u00f3n no es precisamente el mejor precedente justo antes de afrontar una temporada clave. Bottas ha podido mantenerse muy cerca de la pista, participando constantemente en su rol de<strong data-node-id=\"17.3\"> reserva en Mercedes<\/strong>. Sin embargo, el ex de Red Bull lleva sin subirse al monoplaza desde el GP de Abu Dhabi de 2024.<\/p>\n<p data-journey-content=\"true\" data-node-id=\"19\" class=\"css-6wxqfj emevuu60\">Cadillac tiene un proyecto muy ambicioso por delante, con la<strong data-node-id=\"19.1\"> representaci\u00f3n de Estados Unidos<\/strong> como uno de los puntos m\u00e1s destacados. Por el momento, el nivel del equipo es una completa inc\u00f3gnita, aunque ninguna escuder\u00eda sabr\u00e1 su potencial real hasta el <strong data-node-id=\"19.3\">GP de Australia<\/strong>. La temporada 2026 es crucial con los cambios de reglamento, aunque por el momento, todo apunta a que queda un largo camino para tener opciones de tentar a Charles Leclerc.<\/p>\n<p><img src=\"https:\/\/www.europesays.com\/es\/wp-content\/uploads\/2025\/10\/1760478673_256_d3baca1e-d34f-44ac-842c-f2c50fb6b579_1737539442.file\" alt=\"Headshot of Alejandro Fern\u00e1ndez Montealegre\" title=\"Headshot of Alejandro Fern\u00e1ndez Montealegre\" width=\"100%\" height=\"100%\" decoding=\"async\" loading=\"lazy\" class=\"css-o0wq4v ev8dhu53\"\/><\/p>\n<p>Amante del mundo del motor en todas sus versiones, desde salir tranquilamente de ruta hasta escuchar a Lobato dej\u00e1ndose las cuerdas vocales en una vuelta importante de F1. Que mi abuelo fuera mec\u00e1nico seguramente influyera en que me llamara la atenci\u00f3n todo este mundo. \u00a0<\/p>\n","protected":false},"excerpt":{"rendered":"Charles Leclerc es una de las caras visibles de la F\u00f3rmula 1 actual. \u2018Il Predestinato\u2019 lleva varias temporadas&hellip;\n","protected":false},"author":2,"featured_media":177086,"comment_status":"","ping_status":"","sticky":false,"template":"","format":"standard","meta":{"footnotes":""},"categories":[270],"tags":[168,253,25,24,306,271,272,23,167],"class_list":{"0":"post-177085","1":"post","2":"type-post","3":"status-publish","4":"format-standard","5":"has-post-thumbnail","7":"category-formula-1","8":"tag-deportes","9":"tag-discover","10":"tag-es","11":"tag-espana","12":"tag-f1","13":"tag-formula-1","14":"tag-formula1","15":"tag-spain","16":"tag-sports"},"share_on_mastodon":{"url":"","error":""},"_links":{"self":[{"href":"https:\/\/www.europesays.com\/es\/wp-json\/wp\/v2\/posts\/177085","targetHints":{"allow":["GET"]}}],"collection":[{"href":"https:\/\/www.europesays.com\/es\/wp-json\/wp\/v2\/posts"}],"about":[{"href":"https:\/\/www.europesays.com\/es\/wp-json\/wp\/v2\/types\/post"}],"author":[{"embeddable":true,"href":"https:\/\/www.europesays.com\/es\/wp-json\/wp\/v2\/users\/2"}],"replies":[{"embeddable":true,"href":"https:\/\/www.europesays.com\/es\/wp-json\/wp\/v2\/comments?post=177085"}],"version-history":[{"count":0,"href":"https:\/\/www.europesays.com\/es\/wp-json\/wp\/v2\/posts\/177085\/revisions"}],"wp:featuredmedia":[{"embeddable":true,"href":"https:\/\/www.europesays.com\/es\/wp-json\/wp\/v2\/media\/177086"}],"wp:attachment":[{"href":"https:\/\/www.europesays.com\/es\/wp-json\/wp\/v2\/media?parent=177085"}],"wp:term":[{"taxonomy":"category","embeddable":true,"href":"https:\/\/www.europesays.com\/es\/wp-json\/wp\/v2\/categories?post=177085"},{"taxonomy":"post_tag","embeddable":true,"href":"https:\/\/www.europesays.com\/es\/wp-json\/wp\/v2\/tags?post=177085"}],"curies":[{"name":"wp","href":"https:\/\/api.w.org\/{rel}","templated":true}]}}