{"id":177093,"date":"2025-10-14T21:55:42","date_gmt":"2025-10-14T21:55:42","guid":{"rendered":"https:\/\/www.europesays.com\/es\/177093\/"},"modified":"2025-10-14T21:55:42","modified_gmt":"2025-10-14T21:55:42","slug":"la-arquitecta-espanola-que-esta-reinventando-la-vivienda-social-desde-paris","status":"publish","type":"post","link":"https:\/\/www.europesays.com\/es\/177093\/","title":{"rendered":"La arquitecta espa\u00f1ola que est\u00e1 reinventando la vivienda social desde Par\u00eds"},"content":{"rendered":"<p>En el caso de los balcones plug, que pueden cerrarse y convertirse en una habitaci\u00f3n m\u00e1s, \u201cbasta mirar <strong>la cantidad de gente que ha cerrado -de manera m\u00e1s o menos informal- su balc\u00f3n:<\/strong> revela una necesidad futura de superficie adicional\u201d.<\/p>\n<p>As\u00ed, START-Ivry propone multitud de tipos de viviendas. Por tama\u00f1o, comienzan desde <strong>los estudios de 30 metros cuadrados, que est\u00e1n tan cuidados como el resto: cuentan con doble orientaci\u00f3n, ba\u00f1o con ventana,<\/strong> posibilidad de dividir temporalmente en dos espacios el sal\u00f3n, y optimizaci\u00f3n m\u00e1xima de almacenamiento y amueblamiento gracias a la posici\u00f3n de las ventanas, las puertas, los radiadores, los enchufes\u2026<\/p>\n<p><strong>Las m\u00e1s grandes son las co-residencias de 155 metros cuadrados organizados en d\u00faplex y espacio para hasta seis personas.<\/strong> \u201cUna co-residencia es nuestra versi\u00f3n de la vivienda compartida para unidades familiares diversas: desde estudiantes hasta madres solteras, personas mayores que viven solas o solteros que prefieren compartir piso antes que vivir solos. <strong>Cada unidad privada tiene su ba\u00f1o, a veces hasta dos estancias, y entre ellas comparten la cocina y el sal\u00f3n comedor<\/strong>\u201d.<\/p>\n<p>Cada categor\u00eda de vivienda (estudio; uno, dos, tres o cuatro dormitorios, etc.) cuenta con un modo &#8216;Plus&#8217; (con una mini-habitaci\u00f3n extra) y \u2018Bonus\u2019 (con capacidad de crear temporalmente una<br \/>mini-habitaci\u00f3n sin a\u00f1adir superficie). Adem\u00e1s, todas las viviendas <strong>comparten el uso de espacios comunes, como salas polivalentes y habitaciones de invitados,<\/strong> as\u00ed como m\u00e1s de 2.000 m\u00b2 de terrazas verdes distribuidas a distintas alturas.<\/p>\n<p><img decoding=\"async\" alt=\"\u201cLas torres maximizan la variedad tipol\u00f3gica la luz natural la ventilaci\u00f3n y las vistas. El 90 de las viviendas cuentan...\" loading=\"lazy\" class=\"ResponsiveImageContainer-eNxvmU cfBbTk responsive-image__image\"   src=\"https:\/\/www.europesays.com\/es\/wp-content\/uploads\/2025\/10\/START-Ivry_11_Vladimir-Partalo.jpg\"\/><\/p>\n<p>\u201cLas torres maximizan la variedad tipol\u00f3gica, la luz natural, la ventilaci\u00f3n y las vistas. El 90% de las viviendas cuentan con doble o triple orientaci\u00f3n, la mayor\u00eda con vistas al Sena o al Marne. Cada torre se estructura en tres partes distintas, ofreciendo tres lecturas: calle, ciudad y cielo, mientras que una banda turquesa de espacios comunes en la s\u00e9ptima planta introduce un ritmo horizontal en la verticalidad\u201d, explican desde el estudio.<\/p>\n<p>Vladimir Partalo<\/p>\n<p>Asimismo, <strong>START crea 2.600 m\u00b2 de nuevos espacios p\u00fablicos a nivel de calle<\/strong>: una plaza central frente al Sena y dos pasajes peatonales que atraviesan el basamento comercial, conectan la plaza con la avenida principal y crean vistas hacia la ic\u00f3nica pasarela de cables sobre el Sena.<\/p>\n<p>Devolviendo la arquitectura moderna a los arquitectos: el &#8216;proceso inverso&#8217;<\/p>\n<p>Este ambicioso programa se ha llevado a cabo con medios m\u00ednimos, algo delicado teniendo en cuenta todo lo que propone. \u00bfSu secreto? El <strong>\u2018proceso inverso\u2019, un modus operandi ideado por STAR strategies + architecture que hace que sea el arquitecto, en lugar del promotor, quien redacte el pliego de condiciones.<\/strong> Es una idea rompedora que <strong>podr\u00eda cambiar la arquitectura de nuestras ciudades, dominada actualmente por la l\u00f3gica r\u00edgida y estandarizada de un <a href=\"https:\/\/www.revistaad.es\/articulos\/como-el-bloque-cebra-se-adueno-del-paisaje-urbano\" rel=\"nofollow noopener\" target=\"_blank\">mercado guiado por la rentabilidad<\/a>,<\/strong> y no por la capacidad de adaptarse a las necesidades de sus habitantes.<\/p>\n","protected":false},"excerpt":{"rendered":"En el caso de los balcones plug, que pueden cerrarse y convertirse en una habitaci\u00f3n m\u00e1s, \u201cbasta mirar&hellip;\n","protected":false},"author":2,"featured_media":177094,"comment_status":"","ping_status":"","sticky":false,"template":"","format":"standard","meta":{"footnotes":""},"categories":[173],"tags":[801,229,233,231,230,232,234,146,147,25,24,23,8373,8374],"class_list":{"0":"post-177093","1":"post","2":"type-post","3":"status-publish","4":"format-standard","5":"has-post-thumbnail","7":"category-arte-y-diseno","8":"tag-arquitectura","9":"tag-arte","10":"tag-arte-y-diseno","11":"tag-arts","12":"tag-arts-and-design","13":"tag-design","14":"tag-diseno","15":"tag-entertainment","16":"tag-entretenimiento","17":"tag-es","18":"tag-espana","19":"tag-spain","20":"tag-textaboveleftsmall","21":"tag-web"},"share_on_mastodon":{"url":"","error":""},"_links":{"self":[{"href":"https:\/\/www.europesays.com\/es\/wp-json\/wp\/v2\/posts\/177093","targetHints":{"allow":["GET"]}}],"collection":[{"href":"https:\/\/www.europesays.com\/es\/wp-json\/wp\/v2\/posts"}],"about":[{"href":"https:\/\/www.europesays.com\/es\/wp-json\/wp\/v2\/types\/post"}],"author":[{"embeddable":true,"href":"https:\/\/www.europesays.com\/es\/wp-json\/wp\/v2\/users\/2"}],"replies":[{"embeddable":true,"href":"https:\/\/www.europesays.com\/es\/wp-json\/wp\/v2\/comments?post=177093"}],"version-history":[{"count":0,"href":"https:\/\/www.europesays.com\/es\/wp-json\/wp\/v2\/posts\/177093\/revisions"}],"wp:featuredmedia":[{"embeddable":true,"href":"https:\/\/www.europesays.com\/es\/wp-json\/wp\/v2\/media\/177094"}],"wp:attachment":[{"href":"https:\/\/www.europesays.com\/es\/wp-json\/wp\/v2\/media?parent=177093"}],"wp:term":[{"taxonomy":"category","embeddable":true,"href":"https:\/\/www.europesays.com\/es\/wp-json\/wp\/v2\/categories?post=177093"},{"taxonomy":"post_tag","embeddable":true,"href":"https:\/\/www.europesays.com\/es\/wp-json\/wp\/v2\/tags?post=177093"}],"curies":[{"name":"wp","href":"https:\/\/api.w.org\/{rel}","templated":true}]}}