{"id":177095,"date":"2025-10-14T21:56:14","date_gmt":"2025-10-14T21:56:14","guid":{"rendered":"https:\/\/www.europesays.com\/es\/177095\/"},"modified":"2025-10-14T21:56:14","modified_gmt":"2025-10-14T21:56:14","slug":"la-diputacion-de-ourense-consigna-350-000-euros-para-libros","status":"publish","type":"post","link":"https:\/\/www.europesays.com\/es\/177095\/","title":{"rendered":"La Diputaci\u00f3n de Ourense consigna 350.000 euros para libros"},"content":{"rendered":"<p class=\"paragraph-atom &#10;        B-500-500-700-N B-600-500-700-N--md  \">La <a href=\"https:\/\/www.laregion.es\/temas\/diputacion\/\" target=\"_blank\" rel=\"nofollow noopener\">Diputaci\u00f3n de Ourense<\/a> pone en marcha su <strong>Plan de Lectura Provincial<\/strong>, donde fomentar\u00e1 la compra de libros entre los <strong>menores de edad empadronados en Ourense <\/strong>a trav\u00e9s de un plan de ayudas que contar\u00e1 este 2025 con un presupuesto de <strong>350.000 euros<\/strong>.<\/p>\n<p class=\"paragraph-atom &#10;        B-500-500-700-N B-600-500-700-N--md  \">Seg\u00fan indicaban fuentes del ente provincial \u201cas adquisici\u00f3ns de libros realizaranse dende <strong>o 15 de outubro ata o 20 de decembro<\/strong>. As persoas menores de idade empadroadas en concellos da provincia poden optar a estas axudas. Consisten nun <strong>libro por persoa<\/strong>, cun custo m\u00e1ximo de <strong>20 euros<\/strong>, e poden solicitarse nos <strong>50 establecementos <\/strong>comerciais que se adheriron \u00f3 programa\u201d. Los beneficiarios en esta edici\u00f3n son los nacidos de 2007 en adelante. <\/p>\n<p>        Alojamientos tur\u00edsticos<\/p>\n<p class=\"paragraph-atom &#10;        B-500-500-700-N B-600-500-700-N--md  \">La junta de gobierno de la Diputaci\u00f3n abord\u00f3 tambi\u00e9n la resoluci\u00f3n de ayudas para el establecimiento de ecoalojamientos tur\u00edsticos, a los que destinar\u00e1 <strong>212.00 euros<\/strong>, buscando reforzar una oferta hostelera que<strong> \u201c\u00e9 reducida ou inexistente\u201d<\/strong>, desde el punto de vista de los t\u00e9cnicos provinciales.<\/p>\n<p class=\"paragraph-atom &#10;        B-500-500-700-N B-600-500-700-N--md  \">Tambi\u00e9n se acord\u00f3 la concesi\u00f3n de <strong>100.000 euros para 96 entidades<\/strong> sin \u00e1nimo de lucro.<\/p>\n<p>\n        Relacionado\n    <\/p>\n","protected":false},"excerpt":{"rendered":"La Diputaci\u00f3n de Ourense pone en marcha su Plan de Lectura Provincial, donde fomentar\u00e1 la compra de libros&hellip;\n","protected":false},"author":2,"featured_media":177096,"comment_status":"","ping_status":"","sticky":false,"template":"","format":"standard","meta":{"footnotes":""},"categories":[172],"tags":[1609,38893,224,50672,7821,146,147,25,24,225,19704,23],"class_list":{"0":"post-177095","1":"post","2":"type-post","3":"status-publish","4":"format-standard","5":"has-post-thumbnail","7":"category-libros","8":"tag-1609","9":"tag-38893","10":"tag-books","11":"tag-consigna","12":"tag-diputacion","13":"tag-entertainment","14":"tag-entretenimiento","15":"tag-es","16":"tag-espana","17":"tag-libros","18":"tag-ourense","19":"tag-spain"},"share_on_mastodon":{"url":"","error":""},"_links":{"self":[{"href":"https:\/\/www.europesays.com\/es\/wp-json\/wp\/v2\/posts\/177095","targetHints":{"allow":["GET"]}}],"collection":[{"href":"https:\/\/www.europesays.com\/es\/wp-json\/wp\/v2\/posts"}],"about":[{"href":"https:\/\/www.europesays.com\/es\/wp-json\/wp\/v2\/types\/post"}],"author":[{"embeddable":true,"href":"https:\/\/www.europesays.com\/es\/wp-json\/wp\/v2\/users\/2"}],"replies":[{"embeddable":true,"href":"https:\/\/www.europesays.com\/es\/wp-json\/wp\/v2\/comments?post=177095"}],"version-history":[{"count":0,"href":"https:\/\/www.europesays.com\/es\/wp-json\/wp\/v2\/posts\/177095\/revisions"}],"wp:featuredmedia":[{"embeddable":true,"href":"https:\/\/www.europesays.com\/es\/wp-json\/wp\/v2\/media\/177096"}],"wp:attachment":[{"href":"https:\/\/www.europesays.com\/es\/wp-json\/wp\/v2\/media?parent=177095"}],"wp:term":[{"taxonomy":"category","embeddable":true,"href":"https:\/\/www.europesays.com\/es\/wp-json\/wp\/v2\/categories?post=177095"},{"taxonomy":"post_tag","embeddable":true,"href":"https:\/\/www.europesays.com\/es\/wp-json\/wp\/v2\/tags?post=177095"}],"curies":[{"name":"wp","href":"https:\/\/api.w.org\/{rel}","templated":true}]}}