{"id":177097,"date":"2025-10-14T21:57:10","date_gmt":"2025-10-14T21:57:10","guid":{"rendered":"https:\/\/www.europesays.com\/es\/177097\/"},"modified":"2025-10-14T21:57:10","modified_gmt":"2025-10-14T21:57:10","slug":"susana-griso-en-el-hormiguero-creo-que-hay-nerviosismo-en-el-pp-por-la-subida-de-vox","status":"publish","type":"post","link":"https:\/\/www.europesays.com\/es\/177097\/","title":{"rendered":"Susana Griso en &#8216;El Hormiguero&#8217;: \u00abCreo que hay nerviosismo en el PP por la subida de Vox\u00bb"},"content":{"rendered":"<p><a class=\"v-mdl-ath__fig-a\" href=\"https:\/\/www.elcorreo.com\/autor\/silvia-osorio-3311.html\" title=\"Silvia Osorio\" rel=\"nofollow noopener\" target=\"_blank\"><br \/>\n<img decoding=\"async\" class=\"v-mdl-ath__img\" src=\"https:\/\/s3.ppllstatics.com\/comun\/img\/2014\/autor\/autor-3311-foto-1.jpeg\" alt=\"Silvia Osorio\"\/><br \/>\n<\/a><\/p>\n<p class=\"v-mdl-ath__p v-mdl-ath__p--6\">\nMartes, 14 de octubre 2025, 22:44<\/p>\n<p class=\"v-p\">Con 20 a\u00f1os de historia, &#8216;Espejo P\u00fablico&#8217; es uno de los programas m\u00e1s longevos de la televisi\u00f3n. Susana Griso acudi\u00f3 como invitada este martes a &#8216;El Hormiguero&#8217;, otro espacio con id\u00e9ntica vida, para celebrar un cumplea\u00f1os tan especial. Y, c\u00f3mo no, Pablo Motos aprovech\u00f3 para realizar un repaso de la actualidad pol\u00edtica con la presentadora.<\/p>\n<p class=\"v-p\">El primero en salir a relucir fue el presidente Pedro S\u00e1nchez. \u00ab\u00bfQu\u00e9 queda del Pedro S\u00e1nchez que conociste?\u00bb, lanz\u00f3 el de Requena con gesto serio. La primera vez que la comicadora entrevist\u00f3 al l\u00edder del PSOE fue cuando se disputaba las primarias del partido con Eduardo Madina. \u00abEste Pedro S\u00e1nchez es distinto al que yo conoc\u00ed. Era muy t\u00edmido, hablaba con un volumen muy bajito, casi no le o\u00eda. Me pareci\u00f3 atrevido y ambicioso porque Madina ten\u00eda el apoyo de Felipe, de Zapatero&#8230;\u00bb, contest\u00f3 la presentadora.<\/p>\n<p class=\"v-p\">M\u00e1s tarde, antes de la repetici\u00f3n electoral, Griso record\u00f3 que S\u00e1nchez le dijo que \u00abno iba a ser presidente del Gobierno a cualquier precio. Espa\u00f1a no se merece un Gobierno con Podemos ni con el apoyo de los independentistas\u00bb.<\/p>\n<p class=\"v-p\">Con Feij\u00f3o estuvo hace poco. Le entrevist\u00f3 este lunes. \u00abA ver yo creo que hay nerviosismo en el Partido Popular. Sus apuestas les dan bien, pero desde septiembre notan la subida de Vox, no la que cuenta Tezanos, porque siempre dan m\u00e1s a las izquierdas\u00bb, se\u00f1al\u00f3 la periodista catalana que confes\u00f3 no identificarse con ninguna ideolog\u00eda y que asegur\u00f3 no tener reparos en criticar a Gobierno o partidos de la oposici\u00f3n. \u00abEste pa\u00eds necesita gente valiente y que diga las cosas como son, cueste lo que cueste\u00bb, defendi\u00f3 ante la relaci\u00f3n entre la pol\u00edtica y el periodismo.<\/p>\n<p class=\"v-p\">Presentador e invitada tambi\u00e9n hablaron sobre la monarqu\u00eda en Espa\u00f1a. La comunicadora catalana desvel\u00f3 que le gustar\u00eda entrevistar a la princesa Leonor: \u00abMe encantar\u00eda hacer la primera entrevista a la princesa Leonor. Y a los Reyes, no s\u00e9 por qu\u00e9 est\u00e1n tan protegidos\u00bb, desliz\u00f3.<\/p>\n<p class=\"v-p\">\u00ab\u00bfQu\u00e9 le preguntar\u00edas?\u00bb, le espet\u00f3 Motos. \u00abTeniendo en cuenta que tienen que ser neutrales, orillar\u00eda los temas pol\u00edticos, pero me gustar\u00eda saber qu\u00e9 visi\u00f3n tiene del mundo. Me consta que es una mujer muy preparada, muy aplicada, muy educada, me gustar\u00eda saber sus valores, m\u00e1s que sus opiniones porque entiendo que est\u00e1 limitada.<\/p>\n<p class=\"v-p\">Teniendo en cuenta que tienen que ser neutrales, orillar\u00eda los temas pol\u00edticos, pero me gustar\u00eda saber qu\u00e9 visi\u00f3n tiene del mundo. Me consta que es una mujer muy preparada, muy aplicada, muy educada, me gustar\u00eda saber sus valores, m\u00e1s que sus opiniones porque entiendo que est\u00e1 limitada\u00bb. El de Requena comparti\u00f3 la opini\u00f3n de Griso, pero tambi\u00e9n se postul\u00f3 para esa primera entrevista: \u00abA m\u00ed me gustar\u00eda preguntarle si hace las cosas que hace otras personas j\u00f3venes de su edad\u00bb, apunt\u00f3.<\/p>\n<p>La famosa pamela<\/p>\n<p class=\"v-p\">Durante la conversaci\u00f3n tambi\u00e9n hubo tiempo para otros asuntos m\u00e1s amables. La presentadora de &#8216;Espejo P\u00fablico caus\u00f3 sensaci\u00f3n con un vestido azul y una enorme pamela, que fue motivo de las bromas de Motos: \u00ab\u00bfCon esa pamela crees que te podr\u00edas comunicar con extraterrestres?\u00bb, le solt\u00f3 el comunicador que ten\u00eda preparados m\u00e1s chistes. \u00abA esa pamela le das la vuelta y puedes hacer un cocido para 12\u00bb. \u00abEs muy curioso porque la gente no me reconoc\u00eda. Me dec\u00edan: &#8216;Pero si es la Griso!\u00bb. El propio Cayetano no me reconoc\u00eda. Me bes\u00f3 en la mano\u00bb, zanj\u00f3 la presentadora.<\/p>\n<p>Reporta un error<\/p>\n","protected":false},"excerpt":{"rendered":"Martes, 14 de octubre 2025, 22:44 Con 20 a\u00f1os de historia, &#8216;Espejo P\u00fablico&#8217; es uno de los programas&hellip;\n","protected":false},"author":2,"featured_media":177098,"comment_status":"","ping_status":"","sticky":false,"template":"","format":"standard","meta":{"footnotes":""},"categories":[171],"tags":[10345,146,147,25,24,32231,17775,50673,5812,956,23,12083,32650,214,624],"class_list":{"0":"post-177097","1":"post","2":"type-post","3":"status-publish","4":"format-standard","5":"has-post-thumbnail","7":"category-tv","8":"tag-creo","9":"tag-entertainment","10":"tag-entretenimiento","11":"tag-es","12":"tag-espana","13":"tag-griso","14":"tag-hormiguero","15":"tag-nerviosismo","16":"tag-pablo-motos","17":"tag-pp","18":"tag-spain","19":"tag-subida","20":"tag-susana","21":"tag-tv","22":"tag-vox"},"share_on_mastodon":{"url":"","error":""},"_links":{"self":[{"href":"https:\/\/www.europesays.com\/es\/wp-json\/wp\/v2\/posts\/177097","targetHints":{"allow":["GET"]}}],"collection":[{"href":"https:\/\/www.europesays.com\/es\/wp-json\/wp\/v2\/posts"}],"about":[{"href":"https:\/\/www.europesays.com\/es\/wp-json\/wp\/v2\/types\/post"}],"author":[{"embeddable":true,"href":"https:\/\/www.europesays.com\/es\/wp-json\/wp\/v2\/users\/2"}],"replies":[{"embeddable":true,"href":"https:\/\/www.europesays.com\/es\/wp-json\/wp\/v2\/comments?post=177097"}],"version-history":[{"count":0,"href":"https:\/\/www.europesays.com\/es\/wp-json\/wp\/v2\/posts\/177097\/revisions"}],"wp:featuredmedia":[{"embeddable":true,"href":"https:\/\/www.europesays.com\/es\/wp-json\/wp\/v2\/media\/177098"}],"wp:attachment":[{"href":"https:\/\/www.europesays.com\/es\/wp-json\/wp\/v2\/media?parent=177097"}],"wp:term":[{"taxonomy":"category","embeddable":true,"href":"https:\/\/www.europesays.com\/es\/wp-json\/wp\/v2\/categories?post=177097"},{"taxonomy":"post_tag","embeddable":true,"href":"https:\/\/www.europesays.com\/es\/wp-json\/wp\/v2\/tags?post=177097"}],"curies":[{"name":"wp","href":"https:\/\/api.w.org\/{rel}","templated":true}]}}