{"id":177099,"date":"2025-10-14T21:58:08","date_gmt":"2025-10-14T21:58:08","guid":{"rendered":"https:\/\/www.europesays.com\/es\/177099\/"},"modified":"2025-10-14T21:58:08","modified_gmt":"2025-10-14T21:58:08","slug":"linkin-park-hablo-en-exclusiva-sobre-su-concierto-en-colombia-y-prometio-una-conexion-terapeutica-con-su-publico","status":"publish","type":"post","link":"https:\/\/www.europesays.com\/es\/177099\/","title":{"rendered":"Linkin Park habl\u00f3 en exclusiva sobre su concierto en Colombia y prometi\u00f3 una &#8216;conexi\u00f3n terap\u00e9utica&#8217; con su p\u00fablico"},"content":{"rendered":"<p><b>La banda estadounidense Linkin Park volver\u00e1 a Bogot\u00e1 el 25 de octubre<\/b> para presentar su m\u00e1s reciente trabajo discogr\u00e1fico, &#8216;From Zero&#8217;, en el Vive Claro Arena, el nuevo escenario de la capital.<\/p>\n<p>El grupo agot\u00f3 todas las entradas en su presentaci\u00f3n anterior en el Coliseo MedPlus, y esta vez se espera una asistencia igual de masiva: el recinto tiene capacidad para 40.000 personas, entre grader\u00edas y platea.<\/p>\n<p>Durante una entrevista virtual con EL TIEMPO, <b>Mike Shinoda y Emily Armstrong,<\/b> integrantes de la agrupaci\u00f3n, hablaron sobre el poder emocional de su m\u00fasica, la energ\u00eda del p\u00fablico colombiano y las expectativas para su pr\u00f3xima presentaci\u00f3n.<\/p>\n<p>\u00abTocar en vivo con una audiencia como la de Colombia es liberaci\u00f3n\u00bb<\/p>\n<p>Ante la pregunta sobre si se sienten que interpretar su m\u00fasica desde un escenario es \u201cterapia emocional\u201d, as\u00ed como les sucede a los fans al escuchar temas como <b>&#8216;Faint&#8217;<\/b> desde cualquier plataforma, Armstrong reconoci\u00f3 que la conexi\u00f3n es real.<\/p>\n<p>\u201cNo es solo como oyente, esas canciones tienen un sentimiento diferente. Tocarla en vivo con una audiencia como la de Colombia y ver a todos volverse locos, especialmente con la canci\u00f3n &#8216;Faint&#8217;, es una liberaci\u00f3n\u201d, dijo la estadounidense de 39 a\u00f1os.<\/p>\n<p>Shinoda a\u00f1adi\u00f3 que <b>los conciertos son la raz\u00f3n por la que la banda contin\u00faa con una gira intensa este a\u00f1o:<\/b> \u201cPuedes escuchar la canci\u00f3n, pero experimentarla en vivo con la energ\u00eda de la multitud es simplemente lo que espero. Por eso estamos tocando miles de shows este a\u00f1o\u201d.<\/p>\n<p class=\"c-cuerpo__media__txt\">Faltan menos de dos semanas para su presentaci\u00f3n. Foto:Instagram: @linkinpark<\/p>\n<p>Consultados sobre la pasi\u00f3n de los fans colombianos, conocidos por cantar m\u00e1s fuerte que los artistas, Shinoda no dud\u00f3 en destacar un momento especial:<\/p>\n<p>\u00abSiempre noto que en muchas ciudades hay un momento cuando tocamos &#8216;The Emptiness Machine&#8217; en el que la energ\u00eda sube un nivel(\u2026), especialmente cuando entra la parte de Emily. Esa es la que se ponen m\u00e1s ruidosos. Ella es una estrella\u00bb, a\u00f1adi\u00f3 entre risas.<\/p>\n<p>El guitarrista incluso brome\u00f3 diciendo que el p\u00fablico local tiene el recuerdo opuesto al TEPT:<\/p>\n<p>\u201cTienen como este recuerdo incre\u00edble del lanzamiento cuando escuchan ese tema, lo sienten de nuevo. Cada vez que la tocamos en vivo, se siente igual de emocionante\u201d.<\/p>\n<p>Por su parte, Emily Armstrong, quien se uni\u00f3 a Linkin Park en esta nueva etapa, record\u00f3 su visita anterior al pa\u00eds y confes\u00f3 que sus proyecciones para la noche del 25 de octubre son muy altas.<\/p>\n<p>\u201cMis expectativas son menos dificultades t\u00e9cnicas en el escenario. <b>Creo que siempre tendr\u00e9 altas expectativas para Colombia <\/b>porque fue tan loco, tan apasionado, tan ruidoso y eso es lo que espero de nuevo. No creo que vaya a ser menos que eso\u201d.<\/p>\n<p>MARIANA SIERRA ESCOBAR<\/p>\n<p>REDACCI\u00d3N ALCANCE DIGITAL<\/p>\n<p>EL TIEMPO<\/p>\n<p>M\u00e1s noticias en El Tiempo<\/p>\n","protected":false},"excerpt":{"rendered":"La banda estadounidense Linkin Park volver\u00e1 a Bogot\u00e1 el 25 de octubre para presentar su m\u00e1s reciente trabajo&hellip;\n","protected":false},"author":2,"featured_media":177100,"comment_status":"","ping_status":"","sticky":false,"template":"","format":"standard","meta":{"footnotes":""},"categories":[170],"tags":[2339,50676,50675,146,147,3141,25,24,8797,43041,50674,184,185,725,50677,1273,526,23,50678],"class_list":{"0":"post-177099","1":"post","2":"type-post","3":"status-publish","4":"format-standard","5":"has-post-thumbnail","7":"category-musica","8":"tag-concierto","9":"tag-coro","10":"tag-emily-armstrong","11":"tag-entertainment","12":"tag-entretenimiento","13":"tag-entrevista","14":"tag-es","15":"tag-espana","16":"tag-expectativas","17":"tag-linkin-park","18":"tag-mike-shinoda","19":"tag-music","20":"tag-musica","21":"tag-musicos","22":"tag-publico-colombiano","23":"tag-rock","24":"tag-show","25":"tag-spain","26":"tag-vive-claro"},"share_on_mastodon":{"url":"","error":""},"_links":{"self":[{"href":"https:\/\/www.europesays.com\/es\/wp-json\/wp\/v2\/posts\/177099","targetHints":{"allow":["GET"]}}],"collection":[{"href":"https:\/\/www.europesays.com\/es\/wp-json\/wp\/v2\/posts"}],"about":[{"href":"https:\/\/www.europesays.com\/es\/wp-json\/wp\/v2\/types\/post"}],"author":[{"embeddable":true,"href":"https:\/\/www.europesays.com\/es\/wp-json\/wp\/v2\/users\/2"}],"replies":[{"embeddable":true,"href":"https:\/\/www.europesays.com\/es\/wp-json\/wp\/v2\/comments?post=177099"}],"version-history":[{"count":0,"href":"https:\/\/www.europesays.com\/es\/wp-json\/wp\/v2\/posts\/177099\/revisions"}],"wp:featuredmedia":[{"embeddable":true,"href":"https:\/\/www.europesays.com\/es\/wp-json\/wp\/v2\/media\/177100"}],"wp:attachment":[{"href":"https:\/\/www.europesays.com\/es\/wp-json\/wp\/v2\/media?parent=177099"}],"wp:term":[{"taxonomy":"category","embeddable":true,"href":"https:\/\/www.europesays.com\/es\/wp-json\/wp\/v2\/categories?post=177099"},{"taxonomy":"post_tag","embeddable":true,"href":"https:\/\/www.europesays.com\/es\/wp-json\/wp\/v2\/tags?post=177099"}],"curies":[{"name":"wp","href":"https:\/\/api.w.org\/{rel}","templated":true}]}}