{"id":177105,"date":"2025-10-14T22:02:09","date_gmt":"2025-10-14T22:02:09","guid":{"rendered":"https:\/\/www.europesays.com\/es\/177105\/"},"modified":"2025-10-14T22:02:09","modified_gmt":"2025-10-14T22:02:09","slug":"viajes-a-madrid-y-comidas-en-cadiz","status":"publish","type":"post","link":"https:\/\/www.europesays.com\/es\/177105\/","title":{"rendered":"viajes a Madrid y comidas en C\u00e1diz"},"content":{"rendered":"<p class=\"ft-text\">El programa\u00a0\u2018El tiempo justo\u2019\u00a0ha sido testigo de un curioso fen\u00f3meno medi\u00e1tico pocas veces visto en la prensa del coraz\u00f3n. Este mi\u00e9rcoles, tanto\u00a0Lecturas\u00a0como\u00a0Semana\u00a0han lanzado sus revistas con\u00a0<strong>las mismas im\u00e1genes<\/strong>\u00a0y\u00a0<strong>el mismo protagonista<\/strong>:\u00a0<strong>Irene Rosales<\/strong>, exmujer de\u00a0<strong>Kiko Rivera<\/strong>, que ha sido fotografiada disfrutando de unos d\u00edas de descanso y complicidad junto a\u00a0<strong>Guillermo<\/strong>, un empresario sevillano con el que estar\u00eda iniciando una nueva relaci\u00f3n.<\/p>\n<p class=\"ft-text\">Las dos publicaciones coinciden incluso en el tono de sus titulares. Mientras\u00a0Lecturas\u00a0abre con \u201c<strong>Irene Rosales enamorada. La felicidad de la ex de Kiko Rivera<\/strong>\u201d,\u00a0Semana\u00a0lo hace destacando que \u201c<strong>vuelve a sonre\u00edr<\/strong>\u201d. Las instant\u00e1neas muestran a la pareja paseando por\u00a0<strong>Madrid y Sevilla<\/strong>, ayud\u00e1ndose con las maletas en el AVE y compartiendo gestos de cari\u00f1o que confirman su buena sinton\u00eda.<\/p>\n<p class=\"ft-text\">En el plat\u00f3 de\u00a0\u2018El tiempo justo\u2019, los directores de ambas revistas,\u00a0<strong>Luis Pliego<\/strong>\u00a0(Lecturas) y\u00a0<strong>Jorge Borrajo<\/strong>\u00a0(Semana), debatieron sobre la coincidencia de sus exclusivas y aportaron detalles sobre la relaci\u00f3n. \u201c<strong>Las m\u00edas son de ayer mismo, de una comida en Sanl\u00facar de Barrameda. Se les ve felices, naturales, c\u00f3mplices. Irene est\u00e1 enamorada<\/strong>\u201d, explic\u00f3 Pliego, orgulloso de las nuevas im\u00e1genes. Borrajo, por su parte, a\u00f1adi\u00f3 entre risas: \u201c<strong>Las nuestras son diferentes. Les vemos saliendo del mismo hotel en Madrid. Eso podr\u00eda implicar que han pasado la noche juntos<\/strong>\u201d.<\/p>\n<p class=\"ft-text\">Ambos coincidieron en que Irene y su nueva pareja\u00a0<strong>no se esconden<\/strong>. Seg\u00fan Pliego, \u201c<strong>estuvieron juntos en Sevilla la semana pasada, cuando Irene acudi\u00f3 a \u2018Bailando con las estrellas\u2019, y \u00e9l la acompa\u00f1\u00f3<\/strong>\u201d. Las fotograf\u00edas publicadas en ambas revistas refuerzan la idea de que la relaci\u00f3n es reciente, pero s\u00f3lida.<\/p>\n<p class=\"ft-text\">El nuevo amor de Irene se llama\u00a0<strong>Guillermo<\/strong>\u00a0y es\u00a0<strong>empresario del sector del c\u00e9sped artificial en Sevilla<\/strong>. Sin embargo, lo m\u00e1s llamativo del caso es que\u00a0<strong>ya conoc\u00eda a la familia Rivera-Rosales<\/strong>. Tal y como desvel\u00f3 un reportero de\u00a0\u2018El tiempo justo\u2019, \u201c<strong>este chico ya coincidi\u00f3 con Kiko e Irene hace cinco a\u00f1os, cuando fue el encargado de colocarles el c\u00e9sped en la casa donde viv\u00edan entonces. Es un viejo conocido de la familia<\/strong>\u201d. De hecho, existen fotograf\u00edas de aquella \u00e9poca en las que aparece en la vivienda del matrimonio, lo que demuestra que su relaci\u00f3n se remonta, al menos, a 2020.<\/p>\n<p class=\"ft-text\">La periodista\u00a0<strong>Lorena V\u00e1zquez<\/strong>, en\u00a0\u2018Y ahora Sonsoles\u2019, fue la primera en adelantar la identidad del nuevo novio, aunque este martes en\u00a0\u2018Espejo P\u00fablico\u2019\u00a0lanz\u00f3 una advertencia: \u201c<strong>A ver si va a dejar de sonre\u00edr pronto, cuando empiece a llegarle informaci\u00f3n sobre el tal Guillermo<\/strong>\u201d. V\u00e1zquez insinu\u00f3 que el empresario podr\u00eda tener\u00a0<strong>una vida sentimental algo m\u00e1s compleja<\/strong>\u00a0de lo que parece: \u201c<strong>Guillermo ten\u00eda tiempo para mucha gente, para muchas personas&#8230;<\/strong>\u201d, coment\u00f3 con iron\u00eda, antes de a\u00f1adir un consejo directo para Irene Rosales: \u201c<strong>Cuidado, que no se implique mucho, que a lo mejor se lleva alguna sorpresa<\/strong>\u201d.<\/p>\n","protected":false},"excerpt":{"rendered":"El programa\u00a0\u2018El tiempo justo\u2019\u00a0ha sido testigo de un curioso fen\u00f3meno medi\u00e1tico pocas veces visto en la prensa del&hellip;\n","protected":false},"author":2,"featured_media":177106,"comment_status":"","ping_status":"","sticky":false,"template":"","format":"standard","meta":{"footnotes":""},"categories":[91],"tags":[2193,44970,146,147,25,24,1641,8363,3523,12466,205,25265,524,1640,10787,21307,24555,23,575,226],"class_list":{"0":"post-177105","1":"post","2":"type-post","3":"status-publish","4":"format-standard","5":"has-post-thumbnail","7":"category-entretenimiento","8":"tag-cadiz","9":"tag-comidas","10":"tag-entertainment","11":"tag-entretenimiento","12":"tag-es","13":"tag-espana","14":"tag-imagenes","15":"tag-irene","16":"tag-kiko","17":"tag-kiko-rivera","18":"tag-madrid","19":"tag-novio","20":"tag-nuevo","21":"tag-primeras","22":"tag-rivera","23":"tag-rosales","24":"tag-ruptura","25":"tag-spain","26":"tag-tras","27":"tag-viajes"},"share_on_mastodon":{"url":"","error":""},"_links":{"self":[{"href":"https:\/\/www.europesays.com\/es\/wp-json\/wp\/v2\/posts\/177105","targetHints":{"allow":["GET"]}}],"collection":[{"href":"https:\/\/www.europesays.com\/es\/wp-json\/wp\/v2\/posts"}],"about":[{"href":"https:\/\/www.europesays.com\/es\/wp-json\/wp\/v2\/types\/post"}],"author":[{"embeddable":true,"href":"https:\/\/www.europesays.com\/es\/wp-json\/wp\/v2\/users\/2"}],"replies":[{"embeddable":true,"href":"https:\/\/www.europesays.com\/es\/wp-json\/wp\/v2\/comments?post=177105"}],"version-history":[{"count":0,"href":"https:\/\/www.europesays.com\/es\/wp-json\/wp\/v2\/posts\/177105\/revisions"}],"wp:featuredmedia":[{"embeddable":true,"href":"https:\/\/www.europesays.com\/es\/wp-json\/wp\/v2\/media\/177106"}],"wp:attachment":[{"href":"https:\/\/www.europesays.com\/es\/wp-json\/wp\/v2\/media?parent=177105"}],"wp:term":[{"taxonomy":"category","embeddable":true,"href":"https:\/\/www.europesays.com\/es\/wp-json\/wp\/v2\/categories?post=177105"},{"taxonomy":"post_tag","embeddable":true,"href":"https:\/\/www.europesays.com\/es\/wp-json\/wp\/v2\/tags?post=177105"}],"curies":[{"name":"wp","href":"https:\/\/api.w.org\/{rel}","templated":true}]}}