{"id":177113,"date":"2025-10-14T22:06:13","date_gmt":"2025-10-14T22:06:13","guid":{"rendered":"https:\/\/www.europesays.com\/es\/177113\/"},"modified":"2025-10-14T22:06:13","modified_gmt":"2025-10-14T22:06:13","slug":"trump-amenaza-a-espana-con-aranceles-por-no-aumentar-el-gasto-en-defensa-al-5-esta-siendo-increiblemente-irrespetuoso-internacional","status":"publish","type":"post","link":"https:\/\/www.europesays.com\/es\/177113\/","title":{"rendered":"Trump amenaza a Espa\u00f1a con aranceles por no aumentar el gasto en Defensa al 5%: \u00abEst\u00e1 siendo incre\u00edblemente irrespetuoso\u00bb | Internacional"},"content":{"rendered":"<p class=\"loc\">Madrid<\/p>\n<p>El presidente de EEUU, Donald Trump, ha cargado este martes contra Espa\u00f1a por no aumentar el gasto en Defensa hasta el 5% y ha amenazado con aranceles comerciales por ser un pa\u00eds \u00abincre\u00edblemente irrespetuoso\u00bb. Estas palabras llegan tan solo un d\u00eda despu\u00e9s del encuentro entre Trump y el presidente del Gobierno, Pedro S\u00e1nchez, antes de la firma de paz en Gaza. <\/p>\n<p>M\u00e1s informaci\u00f3n<\/p>\n<p>\u00abEstoy muy descontento con Espa\u00f1a, es el \u00fanico pa\u00eds que no ha aumentado su cifra al 5%. Todos los dem\u00e1s pa\u00edses de la OTAN aumentaron hasta el 5%, y Espa\u00f1a lo est\u00e1 haciendo muy bien a nuestras espaldas, as\u00ed que no estoy contento\u00bb, ha indicado Trump durante su encuentro con el presidente argentino Javier Milei en la Casa Blanca. <\/p>\n<p>Trump ha asegurado que lo que ha hecho Espa\u00f1a con el gasto en Defensa \u00abno es agradable\u00bb. \u00abEspa\u00f1a recibe protecci\u00f3n. Est\u00e1n como en el medio. Van a estar protegidos autom\u00e1ticamente, incluso si no quieres protegerlos. Los protegen por su ubicaci\u00f3n. Creo que lo que hizo Espa\u00f1a es algo muy malo para la OTAN. Creo que es muy injusto\u00bb, ha comentado. <\/p>\n<p>Adem\u00e1s, el republicano ha asegurado que piensa en darle a Espa\u00f1a \u00abun castigo comercial a trav\u00e9s de aranceles\u00bb. \u00abPuede que lo haga. Creo que es incre\u00edblemente irrespetuoso y que deber\u00edan ser castigados por eso. S\u00ed, lo creo\u00bb, ha a\u00f1adido el presidente estadounidense. <\/p>\n<p>Este lunes, Trump y S\u00e1nchez se dieron la mano en la cumbre de la firma de la paz en Gaza en Egipto. Durante la comparecencia tras la firma del tratado de paz, Donald Trump ya se refiri\u00f3 a la oposici\u00f3n de Espa\u00f1a a subir al 5% el gasto del PIB en Defensa. \u00ab\u00bfEst\u00e1is trabajando sobre el PIB? Est\u00e1is haciendo un trabajo fant\u00e1stico\u00bb, dijo el presidente estadounidense, durante el repaso por los pa\u00edses. Fuentes del Gobierno aseguran a la SER que desde el Ejecutivo restan importancia a las palabras de Trump y aseguran que la relaci\u00f3n entre los dos pa\u00edses pudo verse este lunes en la firma del tratado de paz. <\/p>\n","protected":false},"excerpt":{"rendered":"Madrid El presidente de EEUU, Donald Trump, ha cargado este martes contra Espa\u00f1a por no aumentar el gasto&hellip;\n","protected":false},"author":2,"featured_media":177114,"comment_status":"","ping_status":"","sticky":false,"template":"","format":"standard","meta":{"footnotes":""},"categories":[8],"tags":[17,18,25,24,13,14,694,11,74,19,20,36563,9,10,15,16,35644,27435,23,5915,12,21,22,3191],"class_list":{"0":"post-177113","1":"post","2":"type-post","3":"status-publish","4":"format-standard","5":"has-post-thumbnail","7":"category-espana","8":"tag-breaking-news","9":"tag-breakingnews","10":"tag-es","11":"tag-espana","12":"tag-featured-news","13":"tag-featurednews","14":"tag-gaza","15":"tag-headlines","16":"tag-israel","17":"tag-latest-news","18":"tag-latestnews","19":"tag-leaders","20":"tag-news","21":"tag-noticias","22":"tag-noticias-destacadas","23":"tag-noticiasdestacadas","24":"tag-palestinians","25":"tag-peace","26":"tag-spain","27":"tag-summit","28":"tag-titulares","29":"tag-ultimas-noticias","30":"tag-ultimasnoticias","31":"tag-war"},"share_on_mastodon":{"url":"","error":""},"_links":{"self":[{"href":"https:\/\/www.europesays.com\/es\/wp-json\/wp\/v2\/posts\/177113","targetHints":{"allow":["GET"]}}],"collection":[{"href":"https:\/\/www.europesays.com\/es\/wp-json\/wp\/v2\/posts"}],"about":[{"href":"https:\/\/www.europesays.com\/es\/wp-json\/wp\/v2\/types\/post"}],"author":[{"embeddable":true,"href":"https:\/\/www.europesays.com\/es\/wp-json\/wp\/v2\/users\/2"}],"replies":[{"embeddable":true,"href":"https:\/\/www.europesays.com\/es\/wp-json\/wp\/v2\/comments?post=177113"}],"version-history":[{"count":0,"href":"https:\/\/www.europesays.com\/es\/wp-json\/wp\/v2\/posts\/177113\/revisions"}],"wp:featuredmedia":[{"embeddable":true,"href":"https:\/\/www.europesays.com\/es\/wp-json\/wp\/v2\/media\/177114"}],"wp:attachment":[{"href":"https:\/\/www.europesays.com\/es\/wp-json\/wp\/v2\/media?parent=177113"}],"wp:term":[{"taxonomy":"category","embeddable":true,"href":"https:\/\/www.europesays.com\/es\/wp-json\/wp\/v2\/categories?post=177113"},{"taxonomy":"post_tag","embeddable":true,"href":"https:\/\/www.europesays.com\/es\/wp-json\/wp\/v2\/tags?post=177113"}],"curies":[{"name":"wp","href":"https:\/\/api.w.org\/{rel}","templated":true}]}}