{"id":177119,"date":"2025-10-14T22:09:09","date_gmt":"2025-10-14T22:09:09","guid":{"rendered":"https:\/\/www.europesays.com\/es\/177119\/"},"modified":"2025-10-14T22:09:09","modified_gmt":"2025-10-14T22:09:09","slug":"el-soro-entrego-sus-premios-avance-taurino","status":"publish","type":"post","link":"https:\/\/www.europesays.com\/es\/177119\/","title":{"rendered":"El Soro entreg\u00f3 sus premios \u2013 Avance Taurino"},"content":{"rendered":"<p>A los triunfadores de las ferias de Fallas, Magdalena y Hogueras.<\/p>\n<p>\u00a0<\/p>\n<p>Ayer se celebr\u00f3 la novena edici\u00f3n de la gala de entrega de premios que organiza Vicente Ruiz \u201cEl Soro\u201d. Con el Teatro Olympia de Valencia a reventar, se hizo entrega de los correspondientes galardones a los m\u00e1s destacados de las tres principales ferias la Valencia, licante y Castell\u00f3n. Recogieron sus correspondientes trofeos Rom\u00e1n, Victorino Mart\u00edn, Victoriano del R\u00edo, La Quinta, Partido de Resina y Daniel Ramos; El Puchano, Juan Pe\u00f1a, Carioca, \u00c1lvaro Oliver, Juan Alberto Torrijos, Alberto Donaire, Javier Zulueta y Javier Cuartero.<\/p>\n<p>Hubo premios honor\u00edficos para V\u00edctor Manuel Bl\u00e1zquez, Juan Oliver, Toni G\u00e1zquez, por sus diez a\u00f1os al frente de Asuntos Taurinos, Rafael Blanquer, Ram\u00f3n Soriano, el Club Cocherito de Bilbao, el hotel Palacio del Mar de Santander y el que fuera ministro y responsable de la Ley Taurina de 1991, Jos\u00e9 Luis Corcuera.<\/p>\n<p>Y hubo tambi\u00e9n premio para Avance, a quien en la persona de Paco Delgado, se galardon\u00f3 por haber seguido desarrollando la labor informativa de Avance Taurino a pesar de que la dana arras\u00f3 las instalaciones de la empresa en octubre pasado.<\/p>\n","protected":false},"excerpt":{"rendered":"A los triunfadores de las ferias de Fallas, Magdalena y Hogueras. \u00a0 Ayer se celebr\u00f3 la novena edici\u00f3n&hellip;\n","protected":false},"author":2,"featured_media":177120,"comment_status":"","ping_status":"","sticky":false,"template":"","format":"standard","meta":{"footnotes":""},"categories":[277],"tags":[373,168,25,24,23,167,374],"class_list":{"0":"post-177119","1":"post","2":"type-post","3":"status-publish","4":"format-standard","5":"has-post-thumbnail","7":"category-toreo","8":"tag-bullfighting","9":"tag-deportes","10":"tag-es","11":"tag-espana","12":"tag-spain","13":"tag-sports","14":"tag-toreo"},"share_on_mastodon":{"url":"","error":""},"_links":{"self":[{"href":"https:\/\/www.europesays.com\/es\/wp-json\/wp\/v2\/posts\/177119","targetHints":{"allow":["GET"]}}],"collection":[{"href":"https:\/\/www.europesays.com\/es\/wp-json\/wp\/v2\/posts"}],"about":[{"href":"https:\/\/www.europesays.com\/es\/wp-json\/wp\/v2\/types\/post"}],"author":[{"embeddable":true,"href":"https:\/\/www.europesays.com\/es\/wp-json\/wp\/v2\/users\/2"}],"replies":[{"embeddable":true,"href":"https:\/\/www.europesays.com\/es\/wp-json\/wp\/v2\/comments?post=177119"}],"version-history":[{"count":0,"href":"https:\/\/www.europesays.com\/es\/wp-json\/wp\/v2\/posts\/177119\/revisions"}],"wp:featuredmedia":[{"embeddable":true,"href":"https:\/\/www.europesays.com\/es\/wp-json\/wp\/v2\/media\/177120"}],"wp:attachment":[{"href":"https:\/\/www.europesays.com\/es\/wp-json\/wp\/v2\/media?parent=177119"}],"wp:term":[{"taxonomy":"category","embeddable":true,"href":"https:\/\/www.europesays.com\/es\/wp-json\/wp\/v2\/categories?post=177119"},{"taxonomy":"post_tag","embeddable":true,"href":"https:\/\/www.europesays.com\/es\/wp-json\/wp\/v2\/tags?post=177119"}],"curies":[{"name":"wp","href":"https:\/\/api.w.org\/{rel}","templated":true}]}}