{"id":177121,"date":"2025-10-14T22:10:14","date_gmt":"2025-10-14T22:10:14","guid":{"rendered":"https:\/\/www.europesays.com\/es\/177121\/"},"modified":"2025-10-14T22:10:14","modified_gmt":"2025-10-14T22:10:14","slug":"decidi-tomarme-un-tiempo-para-preguntarme-si-realmente-quiero-esto-marlon-chito-vera-regresa-al-octagono-y-enfrentara-a-aiemann-zahabi-otros-deportes-deportes","status":"publish","type":"post","link":"https:\/\/www.europesays.com\/es\/177121\/","title":{"rendered":"\u2018Decid\u00ed tomarme un tiempo para preguntarme si realmente quiero esto\u2018: Marlon \u2018Chito\u2019 Vera regresa al oct\u00e1gono y enfrentar\u00e1 a Aiemann Zahabi | Otros Deportes | Deportes"},"content":{"rendered":"<p class=\"text-left prose-text\">El ecuatoriano Marlon Chito Vera volver\u00e1 a la acci\u00f3n el pr\u00f3ximo <b>18 de octubre<\/b>, cuando se enfrente al canadiense <b>Aiemann Zahabi<\/b> en el evento de <b>UFC Vancouver<\/b>, que se realizar\u00e1 en el <b>Rogers Arena<\/b> de la ciudad canadiense.<\/p>\n<p><a href=\"https:\/\/www.eluniverso.com\/deportes\/ecuador-tendra-un-cuarto-representante-en-la-ufc-estos-son-los-tres-impactos-deportivos-del-dia-nota\/\" class=\"text-white\" target=\"_self\" rel=\"noreferrer nofollow noopener\" title=\"Ecuador tendr\u00e1 un cuarto representante en la UFC: estos son los tres impactos deportivos del d\u00eda\" aria-label=\"Imagenes de las noticias\"><img decoding=\"async\"  src=\"https:\/\/www.europesays.com\/es\/wp-content\/uploads\/2025\/10\/HEL5HY6KQZBCNLJS4UWL4N2E5I.jpg\" loading=\"lazy\" alt=\"Ecuador tendr\u00e1 un cuarto representante en la UFC: estos son los tres impactos deportivos del d\u00eda\" width=\"80\" height=\"80\" style=\"width:100%;height:100%;object-fit:cover;object-position:center;position:absolute;top:0;left:0\"\/><\/a><a href=\"https:\/\/www.eluniverso.com\/deportes\/otros-deportes\/adrian-luna-martinetti-el-nuevo-talento-ecuatoriano-que-llega-a-la-ufc-nota\/\" class=\"text-white\" target=\"_self\" rel=\"noreferrer nofollow noopener\" title=\"Adri\u00e1n Luna Martinetti, el nuevo talento ecuatoriano que llega a la UFC\" aria-label=\"Imagenes de las noticias\"><img decoding=\"async\"  src=\"https:\/\/www.europesays.com\/es\/wp-content\/uploads\/2025\/10\/OYPQNEMHJZB3PJNPO7YDOLEZ3I.jpg\" loading=\"lazy\" alt=\"Adri\u00e1n Luna Martinetti, el nuevo talento ecuatoriano que llega a la UFC\" width=\"80\" height=\"80\" style=\"width:100%;height:100%;object-fit:cover;object-position:center;position:absolute;top:0;left:0\"\/><\/a><\/p>\n<p class=\"text-left prose-text\">Vera, actualmente clasificado en la <b>posici\u00f3n 7 del ranking de peso gallo<\/b> de UFC, buscar\u00e1 reencontrarse con la victoria tras un a\u00f1o complicado. <\/p>\n<p class=\"text-left prose-text\">En marzo de 2024 fue derrotado por <b>Sean O\u2019Malley<\/b> en su intento por conquistar el t\u00edtulo mundial, y posteriormente cay\u00f3 ante <b>Deiveson Figueiredo<\/b>, una pelea que lo dej\u00f3 fuera de la contienda inmediata por el cintur\u00f3n.<\/p>\n<p><a class=\"break-words\" href=\"https:\/\/www.eluniverso.com\/deportes\/futbol\/estos-son-las-selecciones-que-han-clasificado-al-mundial-2026-nota\/\" rel=\"nofollow noopener\" target=\"_blank\">Estas son las selecciones que han clasificado al Mundial 2026<\/a><\/p>\n<p class=\"prose-text\">Su regreso hab\u00eda sido previsto inicialmente para UFC 316 ante Mario Bautista, pero la pelea fue cancelada por razones m\u00e9dicas. Ahora, Vera tendr\u00e1 una nueva oportunidad frente a Zahabi, un rival en ascenso que llega con una racha positiva y representa un desaf\u00edo serio.<\/p>\n<p class=\"text-left prose-text\">El combate se desarrollar\u00e1 en la <b>categor\u00eda peso gallo (bantamweight)<\/b>, una de las m\u00e1s exigentes de la organizaci\u00f3n. Para \u201cChito\u201d, esta pelea significa m\u00e1s que una simple vuelta: es una prueba real de todo lo que ha reconstruido en este tiempo fuera del oct\u00e1gono.<\/p>\n<p class=\"text-left prose-text\">\u201cDecid\u00ed tomarme un tiempo fuera de competencia. Me ayud\u00f3 a recrear mi mentalidad, mi hambre, y a preguntarme: \u00bfrealmente quiero esto? La respuesta fue s\u00ed\u201d, asegur\u00f3 Vera en una reciente entrevista para <b>UFC Espa\u00f1ol<\/b>.<\/p>\n<p class=\"prose-text\">Durante este a\u00f1o de pausa, el manabita no solo trabaj\u00f3 en lo f\u00edsico, sino tambi\u00e9n en su enfoque personal y profesional.<\/p>\n<p class=\"prose-text\">\u201cLa motivaci\u00f3n viene y va, pero esa disciplina de todos los d\u00edas, de hacer tu trabajo y empujar un poco m\u00e1s, es lo que marca la diferencia\u201d, a\u00f1adi\u00f3 Vera.<\/p>\n<p class=\"prose-text\">Consciente de lo que est\u00e1 en juego, Vera no se guarda nada respecto a la importancia del duelo en Vancouver.<\/p>\n<p class=\"prose-text\">\u201cVoy a salir a pelear como si estuviera peleando por mi plato de comida\u201d, expres\u00f3, dejando claro el nivel de compromiso con el que llega a esta cita.<\/p>\n<p class=\"prose-text\">Adem\u00e1s, el ecuatoriano busca dejar huella y silenciar dudas: \u201cNo quiero solo ganarle, quiero hacer un ejemplo. Quiero que digan: \u2018Oh, wow, nos olvidamos que Chito todav\u00eda estaba aqu\u00ed en el top 10\u2019\u201d.<\/p>\n<p class=\"prose-text\">Con Zahabi en frente y todo por probar, Chito ve en esta pelea la oportunidad de demostrar su evoluci\u00f3n.<\/p>\n<p class=\"prose-text\">\u201cSi caes y no hay una lecci\u00f3n, es cuando realmente caes. Pero si aprendes algo, eso es lo que te va a llevar hacia adelante\u201d, concluy\u00f3.<\/p>\n<p class=\"text-left prose-text\">El evento <b>UFC Vancouver<\/b> ser\u00e1 clave tanto para Vera como para el panorama de la divisi\u00f3n gallo. El horario exacto del combate, as\u00ed como los canales de transmisi\u00f3n para Latinoam\u00e9rica ser\u00e1n confirmados en los pr\u00f3ximos d\u00edas por la organizaci\u00f3n. <b>(D)<\/b><\/p>\n","protected":false},"excerpt":{"rendered":"El ecuatoriano Marlon Chito Vera volver\u00e1 a la acci\u00f3n el pr\u00f3ximo 18 de octubre, cuando se enfrente al&hellip;\n","protected":false},"author":2,"featured_media":34120,"comment_status":"","ping_status":"","sticky":false,"template":"","format":"standard","meta":{"footnotes":""},"categories":[276],"tags":[168,25,24,23,167,343],"class_list":{"0":"post-177121","1":"post","2":"type-post","3":"status-publish","4":"format-standard","5":"has-post-thumbnail","7":"category-ufc","8":"tag-deportes","9":"tag-es","10":"tag-espana","11":"tag-spain","12":"tag-sports","13":"tag-ufc"},"share_on_mastodon":{"url":"","error":""},"_links":{"self":[{"href":"https:\/\/www.europesays.com\/es\/wp-json\/wp\/v2\/posts\/177121","targetHints":{"allow":["GET"]}}],"collection":[{"href":"https:\/\/www.europesays.com\/es\/wp-json\/wp\/v2\/posts"}],"about":[{"href":"https:\/\/www.europesays.com\/es\/wp-json\/wp\/v2\/types\/post"}],"author":[{"embeddable":true,"href":"https:\/\/www.europesays.com\/es\/wp-json\/wp\/v2\/users\/2"}],"replies":[{"embeddable":true,"href":"https:\/\/www.europesays.com\/es\/wp-json\/wp\/v2\/comments?post=177121"}],"version-history":[{"count":0,"href":"https:\/\/www.europesays.com\/es\/wp-json\/wp\/v2\/posts\/177121\/revisions"}],"wp:featuredmedia":[{"embeddable":true,"href":"https:\/\/www.europesays.com\/es\/wp-json\/wp\/v2\/media\/34120"}],"wp:attachment":[{"href":"https:\/\/www.europesays.com\/es\/wp-json\/wp\/v2\/media?parent=177121"}],"wp:term":[{"taxonomy":"category","embeddable":true,"href":"https:\/\/www.europesays.com\/es\/wp-json\/wp\/v2\/categories?post=177121"},{"taxonomy":"post_tag","embeddable":true,"href":"https:\/\/www.europesays.com\/es\/wp-json\/wp\/v2\/tags?post=177121"}],"curies":[{"name":"wp","href":"https:\/\/api.w.org\/{rel}","templated":true}]}}