{"id":177128,"date":"2025-10-14T22:15:10","date_gmt":"2025-10-14T22:15:10","guid":{"rendered":"https:\/\/www.europesays.com\/es\/177128\/"},"modified":"2025-10-14T22:15:10","modified_gmt":"2025-10-14T22:15:10","slug":"ibon-navarro-es-una-victoria-importante-por-el-oponente-y-porque-no-es-facil-ganar-fuera","status":"publish","type":"post","link":"https:\/\/www.europesays.com\/es\/177128\/","title":{"rendered":"Ibon Navarro: \u00abEs una victoria importante por el oponente y porque no es f\u00e1cil ganar fuera\u00bb"},"content":{"rendered":"<p><a class=\"v-mdl-ath__fig-a\" href=\"https:\/\/www.diariosur.es\/autor\/nacho-carmona-6652.html\" title=\"Nacho Carmona\" rel=\"nofollow noopener\" target=\"_blank\"><br \/>\n<img decoding=\"async\" class=\"v-mdl-ath__img\" src=\"https:\/\/www.europesays.com\/es\/wp-content\/uploads\/2025\/10\/autor-6652-foto-1.jpeg\" alt=\"Nacho Carmona\"\/><br \/>\n<\/a><\/p>\n<p class=\"v-mdl-ath__p v-mdl-ath__p--6\">\nMartes, 14 de octubre 2025, 21:13<\/p>\n<p class=\"v-p\">Su rueda de prensa fue breve y apenas se limit\u00f3 a la valoraci\u00f3n del encuentro. Lo hizo en ingl\u00e9s, como es habitual en los partidos  &#8230; en los que el Unicaja juega lejos de M\u00e1laga en la Champions. \u00abMe gustar\u00eda felicitar al Karditsa en su primer partido continental en casa. Les deseamos lo mejor para la temporada. Y felicitar a mi equipo, especialmente en la primera mitad, en la que hemos encontrado una buena energ\u00eda. El equipo estuvo preparado para la primera parte. En la segunda era importante no dejarles que se metieran demasiado en el partido. Tuvimos altibajos, pero hicimos un buen trabajo, salvo en el rebote defensivo\u00bb, dijo. <\/p>\n<p class=\"v-p\">M\u00e1s all\u00e1, elogi\u00f3 al rival y asegur\u00f3 que ni ha sido ni ser\u00e1 f\u00e1cil (para el resto de rivales) ganar aqu\u00ed en el futuro: \u00abCuando el partido se resolvi\u00f3 perdimos un poco la agresividad. Es una victoria importante por el oponente, porque no es f\u00e1cil ganar fuera de casa y porque el viaje fue complicado. No ser\u00e1 f\u00e1cil ganar aqu\u00ed en el futuro\u00bb.<\/p>\n<p class=\"v-p\">El mejor del partido fue Kalinoski, que anot\u00f3 12 puntos y reparti\u00f3 cuatro asistencias en el encuentro. Sali\u00f3 a valorar el partido antes que el t\u00e9cnico y con semblante tranquilo, como acostumbra, se mostr\u00f3 feliz por el resultado y el trabajo suyo y de sus compa\u00f1eros.<\/p>\n<p class=\"v-crt__t\"> L\u00edmite de sesiones alcanzadas<\/p>\n<p class=\"v-crt__p\">El acceso al contenido Premium est\u00e1 abierto por cortes\u00eda del establecimiento donde te encuentras, pero ahora mismo hay demasiados usuarios conectados a las vez.<\/p>\n<p class=\"v-crt__p\">Por favor, int\u00e9ntalo pasados unos minutos.<\/p>\n<p>\nVolver a intentar\n<\/p>\n<p class=\"v-crt__t\">Sesi\u00f3n cerrada<\/p>\n<p class=\"v-crt__p\">Al iniciar sesi\u00f3n desde un dispositivo distinto, por seguridad, se cerr\u00f3 la \u00faltima sesi\u00f3n en este.<\/p>\n<p class=\"v-crt__p\">Para continuar disfrutando de su suscripci\u00f3n digital, inicie sesi\u00f3n en este dispositivo.<\/p>\n<p>\nEste contenido es exclusivo para suscriptores\n<\/p>\n<p>Reporta un error<\/p>\n","protected":false},"excerpt":{"rendered":"Martes, 14 de octubre 2025, 21:13 Su rueda de prensa fue breve y apenas se limit\u00f3 a la&hellip;\n","protected":false},"author":2,"featured_media":177129,"comment_status":"","ping_status":"","sticky":false,"template":"","format":"standard","meta":{"footnotes":""},"categories":[269],"tags":[299,298,168,25,24,9868,2000,27856,908,3403,50681,23,167,1261],"class_list":{"0":"post-177128","1":"post","2":"type-post","3":"status-publish","4":"format-standard","5":"has-post-thumbnail","7":"category-baloncesto","8":"tag-baloncesto","9":"tag-basketball","10":"tag-deportes","11":"tag-es","12":"tag-espana","13":"tag-facil","14":"tag-ganar","15":"tag-ibon","16":"tag-importante","17":"tag-navarro","18":"tag-oponente","19":"tag-spain","20":"tag-sports","21":"tag-victoria"},"share_on_mastodon":{"url":"","error":""},"_links":{"self":[{"href":"https:\/\/www.europesays.com\/es\/wp-json\/wp\/v2\/posts\/177128","targetHints":{"allow":["GET"]}}],"collection":[{"href":"https:\/\/www.europesays.com\/es\/wp-json\/wp\/v2\/posts"}],"about":[{"href":"https:\/\/www.europesays.com\/es\/wp-json\/wp\/v2\/types\/post"}],"author":[{"embeddable":true,"href":"https:\/\/www.europesays.com\/es\/wp-json\/wp\/v2\/users\/2"}],"replies":[{"embeddable":true,"href":"https:\/\/www.europesays.com\/es\/wp-json\/wp\/v2\/comments?post=177128"}],"version-history":[{"count":0,"href":"https:\/\/www.europesays.com\/es\/wp-json\/wp\/v2\/posts\/177128\/revisions"}],"wp:featuredmedia":[{"embeddable":true,"href":"https:\/\/www.europesays.com\/es\/wp-json\/wp\/v2\/media\/177129"}],"wp:attachment":[{"href":"https:\/\/www.europesays.com\/es\/wp-json\/wp\/v2\/media?parent=177128"}],"wp:term":[{"taxonomy":"category","embeddable":true,"href":"https:\/\/www.europesays.com\/es\/wp-json\/wp\/v2\/categories?post=177128"},{"taxonomy":"post_tag","embeddable":true,"href":"https:\/\/www.europesays.com\/es\/wp-json\/wp\/v2\/tags?post=177128"}],"curies":[{"name":"wp","href":"https:\/\/api.w.org\/{rel}","templated":true}]}}