{"id":177155,"date":"2025-10-14T22:29:13","date_gmt":"2025-10-14T22:29:13","guid":{"rendered":"https:\/\/www.europesays.com\/es\/177155\/"},"modified":"2025-10-14T22:29:13","modified_gmt":"2025-10-14T22:29:13","slug":"asi-propone-el-gobierno-blindar-el-aborto-en-la-constitucion","status":"publish","type":"post","link":"https:\/\/www.europesays.com\/es\/177155\/","title":{"rendered":"as\u00ed propone el Gobierno \u201cblindar\u201d el aborto en la Constituci\u00f3n"},"content":{"rendered":"<p>El Gobierno ha anunciado un anteproyecto de ley con el que se prev\u00e9 modificar la Constituci\u00f3n Espa\u00f1ola con el objetivo de \u201cblindar\u201d el derecho al aborto. \u201cPor primera vez las mujeres tienen reconocida la libertad sobre su propio cuerpo\u201d ha asegurado la ministra de Igualdad, Ana Redondo, durante la rueda de prensa posterior al Consejo de Ministros. Sin embargo, los expertos explican que este derecho ya est\u00e1 reconocido constitucionalmente a trav\u00e9s de varias sentencias del Tribunal Constitucional.<\/p>\n<ul class=\"wp-block-list\">\n<li>El Ejecutivo propone modificar el <a href=\"https:\/\/app.congreso.es\/consti\/constitucion\/indice\/titulos\/articulos.jsp?ini=43&amp;tipo=2\" rel=\"nofollow noopener\" target=\"_blank\">art\u00edculo 43<\/a> de la Constituci\u00f3n (relativo a la salud), un cambio que no implicar\u00eda cambiar aspectos esenciales del texto, por lo que no ser\u00eda necesario un procedimiento agravado. Redondo explica que la medida viene ahora a responder a una \u201cola reaccionaria\u201d que busca eliminar los derechos de las mujeres.\u00a0<\/li>\n<li>Actualmente hay <a href=\"https:\/\/www.newtral.es\/abortos-2024-provincias\/20251001\/\" rel=\"nofollow noopener\" target=\"_blank\">12 provincias en Espa\u00f1a que no practican abortos<\/a>, lo que propicia que las mujeres que quieren interrumpir sus embarazos tengan que desplazarse a otras zonas para hacerlo.\u00a0\u00a0<\/li>\n<\/ul>\n<p><strong>\u00bfEs posible modificar la Constituci\u00f3n?<\/strong> Realizar cambios a la carta magna es posible pero no sigue el mismo tr\u00e1mite que presentar un proyecto de ley o cualquier otra norma. Este es un proceso m\u00e1s complejo que necesita de una mayor\u00eda de dos tercios o de tres quintos en Congreso y Senado seg\u00fan el tipo de modificaci\u00f3n de la que se trate, como explicamos en <a href=\"https:\/\/parlamentia.newtral.es\/buscador-de-leyes\" rel=\"nofollow noopener\" target=\"_blank\">Parlamentia<\/a>.\u00a0<\/p>\n<p><strong>Reforma agravada o de aspectos esenciales.<\/strong> Cuando se quieren modificar aspectos esenciales de la Constituci\u00f3n como los principios b\u00e1sicos del Estado, los derechos y las libertades de los ciudadanos y la Corona o el conjunto de la Constituci\u00f3n se necesita obtener una mayor\u00eda de dos tercios tanto en el Congreso como en el Senado, indica la Constituci\u00f3n en su <a href=\"https:\/\/app.congreso.es\/consti\/constitucion\/indice\/titulos\/articulos.jsp?ini=166&amp;fin=169&amp;tipo=2#:~:text=Ver%20sinopsis-,Art%C3%ADculo%20168,-Cuando%20se%20propusiere\" rel=\"nofollow noopener\" target=\"_blank\">art\u00edculo 168<\/a>. Despu\u00e9s se disuelven las Cortes Generales y se convocan elecciones generales para que las nuevas Cortes aprueben el texto por segunda vez, de nuevo, con mayor\u00eda de dos tercios.\u00a0<\/p>\n<ul class=\"wp-block-list\">\n<li>En este caso tambi\u00e9n se hace necesario plantear un <strong>refer\u00e9ndum popular<\/strong> para contar con el visto bueno de la ciudadan\u00eda. Este voto popular es vinculante, es decir, la decisi\u00f3n que tome la mayor\u00eda simple de la ciudadan\u00eda (sin importar cu\u00e1ntas personas voten) es la que se adopta, explica Mar\u00eda Garrote, profesora de Derecho Constitucional de la Universidad Complutense de Madrid.\u00a0<\/li>\n<\/ul>\n<p><strong>Reforma parcial o de aspectos no esenciales.<\/strong> En el caso de que se quieran modificar otros puntos de la Constituci\u00f3n el proceso se simplifica. En este procedimiento se necesita una mayor\u00eda de tres quintos en cada c\u00e1mara, Congreso y Senado, seg\u00fan indica el <a href=\"https:\/\/app.congreso.es\/consti\/constitucion\/indice\/titulos\/articulos.jsp?ini=166&amp;fin=169&amp;tipo=2#:~:text=Ver%20sinopsis-,Art%C3%ADculo%20167,-Los%20proyectos%20de\" rel=\"nofollow noopener\" target=\"_blank\">art\u00edculo 167<\/a> de la Constituci\u00f3n. En esta l\u00ednea, Garrote explica:\u00a0<\/p>\n<ul class=\"wp-block-list\">\n<li>En el caso de que no se llegue a un acuerdo se crea una comisi\u00f3n mixta que intenta trabajar en un texto consensuado que se somete a la votaci\u00f3n del Congreso y del Senado donde, de nuevo, tiene que obtener la mayor\u00eda de tres quintas partes en cada c\u00e1mara.\u00a0<\/li>\n<li>Si no se llega a un acuerdo pero el Senado aprueba el texto por mayor\u00eda absoluta y el Congreso por dos tercios, la norma se da por aprobada.<\/li>\n<li>La propuesta puede someterse a refer\u00e9ndum si una d\u00e9cima parte de alguna de las c\u00e1maras lo propone.\u00a0<\/li>\n<\/ul>\n<p><strong>\u201cEscudo constitucional\u201d.<\/strong> La medida ha sido anunciada por Redondo como un \u201cescudo constitucional\u201d para \u201cblindar\u201d el aborto aunque, desde el punto de vista de la experta, esto es algo que ya estaba asegurado a trav\u00e9s de la jurisprudencia del Tribunal Constitucional y de la propia ley org\u00e1nica del aborto.\u00a0<\/p>\n<ul class=\"wp-block-list\">\n<li>En dos sentencias, una de <a href=\"https:\/\/www.boe.es\/buscar\/doc.php?id=BOE-A-2023-13955\" rel=\"nofollow noopener\" target=\"_blank\">2023<\/a> y otra de <a href=\"https:\/\/www.boe.es\/buscar\/doc.php?id=BOE-A-2024-11773\" rel=\"nofollow noopener\" target=\"_blank\">2024<\/a> el Constitucional reconoce el aborto como un derecho, puesto que la <a href=\"https:\/\/www.boe.es\/buscar\/act.php?id=BOE-A-2010-3514\" rel=\"nofollow noopener\" target=\"_blank\">ley org\u00e1nica del aborto<\/a> lo define como un derecho derivado del derecho a la integridad f\u00edsica y moral y del derecho a la intimidad personal, dos puntos que forman parte de los derechos fundamentales dentro de la Constituci\u00f3n.\u00a0<\/li>\n<\/ul>\n<p><strong>Una posible ventaja.<\/strong> Incluir en la Constituci\u00f3n el aborto, aunque no sea en la parte de derechos fundamentales que ser\u00eda \u201clo ideal\u201d seg\u00fan los expertos, puede ser positivo en la medida en que no se permitir\u00eda eliminar la protecci\u00f3n del aborto aunque se derogase su ley org\u00e1nica.\u00a0<\/p>\n<ul class=\"wp-block-list\">\n<li>En este sentido, Mar\u00eda Garrote explica que esta hip\u00f3tesis (que un partido con mayor\u00eda absoluta derogase la ley del aborto) podr\u00eda recurrirse ante el Tribunal Constitucional y este aplicar\u00eda la jurisprudencia existente para declarar inconstitucional el desproteger al aborto.\u00a0<\/li>\n<\/ul>\n<p><strong>Tres cambios en 45 a\u00f1os. <\/strong>La Constituci\u00f3n Espa\u00f1ola es una <a href=\"https:\/\/www.newtral.es\/reformas-constitucion-espana-union-europea\/20240128\/\" rel=\"nofollow noopener\" target=\"_blank\">de las que menos se ha modificado en Europa<\/a>, solo se ha enmendado en tres ocasiones en sus 45 a\u00f1os de vida. La \u00faltima de ellas se llev\u00f3 a cabo para eliminar el t\u00e9rmino disminuido en referencia a las personas que presentan alguna necesidad especial.\u00a0<\/p>\n<p><strong>El registro de objetores, otro debate.<\/strong> La ministra de Sanidad, M\u00f3nica Garc\u00eda, ha anunciado que se revisar\u00e1 si las comunidades aut\u00f3nomas cumplen con la obligaci\u00f3n de tener un registro de objetores de conciencia, algo que viene regulado a trav\u00e9s de una <a href=\"https:\/\/www.boe.es\/buscar\/doc.php?id=BOE-A-2023-5364\" rel=\"nofollow noopener\" target=\"_blank\">ley org\u00e1nica de 2023<\/a>. Madrid, Islas Baleares y Arag\u00f3n son las autonom\u00edas que a\u00fan no cuentan con el registro de objetores de conciencia.\u00a0<\/p>\n<ul class=\"wp-block-list\">\n<li>La semana pasada la presidenta de la Comunidad de Madrid, Isabel D\u00edaz Ayuso, <a href=\"https:\/\/www.youtube.com\/watch?v=jEkvMBJq-OU\" rel=\"nofollow noopener\" target=\"_blank\">afirm\u00f3 en la Asamblea de Madrid<\/a> (minuto 44) que no iba a crear \u201cuna lista negra de m\u00e9dicos nunca\u201d, neg\u00e1ndose a cumplir con el registro de objetores de conciencia.\u00a0<\/li>\n<\/ul>\n","protected":false},"excerpt":{"rendered":"El Gobierno ha anunciado un anteproyecto de ley con el que se prev\u00e9 modificar la Constituci\u00f3n Espa\u00f1ola con&hellip;\n","protected":false},"author":2,"featured_media":177156,"comment_status":"","ping_status":"","sticky":false,"template":"","format":"standard","meta":{"footnotes":""},"categories":[8],"tags":[17020,17,18,12493,25,24,13,14,11,19,20,9,10,15,16,11297,23,12,21,22],"class_list":{"0":"post-177155","1":"post","2":"type-post","3":"status-publish","4":"format-standard","5":"has-post-thumbnail","7":"category-espana","8":"tag-aborto","9":"tag-breaking-news","10":"tag-breakingnews","11":"tag-consejo-de-ministros","12":"tag-es","13":"tag-espana","14":"tag-featured-news","15":"tag-featurednews","16":"tag-headlines","17":"tag-latest-news","18":"tag-latestnews","19":"tag-news","20":"tag-noticias","21":"tag-noticias-destacadas","22":"tag-noticiasdestacadas","23":"tag-reforma-constitucional","24":"tag-spain","25":"tag-titulares","26":"tag-ultimas-noticias","27":"tag-ultimasnoticias"},"share_on_mastodon":{"url":"","error":""},"_links":{"self":[{"href":"https:\/\/www.europesays.com\/es\/wp-json\/wp\/v2\/posts\/177155","targetHints":{"allow":["GET"]}}],"collection":[{"href":"https:\/\/www.europesays.com\/es\/wp-json\/wp\/v2\/posts"}],"about":[{"href":"https:\/\/www.europesays.com\/es\/wp-json\/wp\/v2\/types\/post"}],"author":[{"embeddable":true,"href":"https:\/\/www.europesays.com\/es\/wp-json\/wp\/v2\/users\/2"}],"replies":[{"embeddable":true,"href":"https:\/\/www.europesays.com\/es\/wp-json\/wp\/v2\/comments?post=177155"}],"version-history":[{"count":0,"href":"https:\/\/www.europesays.com\/es\/wp-json\/wp\/v2\/posts\/177155\/revisions"}],"wp:featuredmedia":[{"embeddable":true,"href":"https:\/\/www.europesays.com\/es\/wp-json\/wp\/v2\/media\/177156"}],"wp:attachment":[{"href":"https:\/\/www.europesays.com\/es\/wp-json\/wp\/v2\/media?parent=177155"}],"wp:term":[{"taxonomy":"category","embeddable":true,"href":"https:\/\/www.europesays.com\/es\/wp-json\/wp\/v2\/categories?post=177155"},{"taxonomy":"post_tag","embeddable":true,"href":"https:\/\/www.europesays.com\/es\/wp-json\/wp\/v2\/tags?post=177155"}],"curies":[{"name":"wp","href":"https:\/\/api.w.org\/{rel}","templated":true}]}}