{"id":177159,"date":"2025-10-14T22:31:18","date_gmt":"2025-10-14T22:31:18","guid":{"rendered":"https:\/\/www.europesays.com\/es\/177159\/"},"modified":"2025-10-14T22:31:18","modified_gmt":"2025-10-14T22:31:18","slug":"el-dicorpebal-va-hallando-a-las-piezas-clave-del-equipo","status":"publish","type":"post","link":"https:\/\/www.europesays.com\/es\/177159\/","title":{"rendered":"El Dicorpebal va hallando a las piezas clave del equipo"},"content":{"rendered":"<p><a class=\"v-mdl-ath__fig-a\" href=\"https:\/\/www.larioja.com\/autor\/martin-schmitt-307.html\" title=\"Mart\u00edn Schmitt\" rel=\"nofollow noopener\" target=\"_blank\"><br \/>\n<img decoding=\"async\" class=\"v-mdl-ath__img\" src=\"https:\/\/www.europesays.com\/es\/wp-content\/uploads\/2025\/07\/autor-307-foto-1.jpeg\" alt=\"Mart\u00edn Schmitt\"\/><br \/>\n<\/a><\/p>\n<p class=\"v-mdl-ath__p v-mdl-ath__p--6\">\nMartes, 14 de octubre 2025, 07:51<\/p>\n<p>| Actualizado 10:14h.<\/p>\n<p class=\"v-p\">El <a href=\"https:\/\/www.larioja.com\/temas\/entidades\/club-balonmano-ciudad-de-logrono.html\" title=\"Ciudad de Logro\u00f1o\" data-voc-vtm-id=\"in-text-traffic\" data-mrf-link=\"www.larioja.com\" rel=\"nofollow noopener\" target=\"_blank\">Ciudad de Logro\u00f1o<\/a> goz\u00f3 ayer de su jornada de descanso despu\u00e9s de conseguir un triunfo de galones en Huerta del Rey, venciendo al Atl\u00e9tico Valladolid, que llevaba el nombre de equipo sorpresa en este inicio de curso. Lo cierto es que el cuadro pucelano era hasta ayer la mejor defensa de la liga, teniendo en cuenta que al Bar\u00e7a le resta jugar un encuentro frente al Villa de Aranda. Pero eso no fren\u00f3 al equipo riojano, que en los momentos delicados hizo mucho da\u00f1o atacando con siete hombres.<\/p>\n<p class=\"v-p\">A medida que pasan los partidos, se van diseccionado poco a poco los roles de los integrantes de la plantilla, con \u00c1lvaro Preciado como jefe del ataque del Dicorpebal. El pontevedr\u00e9s es quien decide c\u00f3mo y cu\u00e1ndo se ataca y si tiene que jug\u00e1rsela el central no duda. El gallego es el cuarto mejor asistidor de la liga (catorce, con una media de 2,80 por encuentro) y el segundo m\u00e1ximo anotador del equipo con 21 dianas (4,2 por encuentro) solo por detr\u00e1s de \u00c1lvaro Mart\u00ednez (27), otra de las piezas claves en este comienzo de curso.<\/p>\n<p class=\"v-p\">El vallisoletano rinde en defensa y en ataque. Por ejemplo en su regreso a Huerta del Rey, el mellizo convirti\u00f3 diez goles ante su exequipo. En tareas defensivas est\u00e1n labrando mecanismos de equipo junto a jugadores como Andrej Pergel -tambi\u00e9n vital en la ofensiva franjivina-, Ivan Popovic, que crece d\u00eda a d\u00eda, y Aitor Garc\u00eda, una de las gratas sorpresas de esta temporada. El excapit\u00e1n del Anaitasuna se ha hecho con un lugar importante en la zaga riojana y tambi\u00e9n en el ataque. Este domingo fue vital cuando Velasco decidi\u00f3 apostar con un ataque de siete jugadores.<\/p>\n<p class=\"v-p\">Miguel Mart\u00ednez tambi\u00e9n ha ido creciendo desde su llegada. Actualmente goza de m\u00e1s minutos que Josip Zaja y tambi\u00e9n defiende. Juega pr\u00e1cticamente de memoria con su hermano \u00c1lvaro, lo que es siempre una garant\u00eda. Pancho Lombardi, otro reci\u00e9n llegado, es quien mejor contraataque en el equipo franjivino. velasco intenta cuidarle para no desgastarle al ser el \u00fanico extremo izquierdo natural.<\/p>\n<p class=\"v-p\">Xoan Ledo es nuevamente otro de los pilares del equipo. Despu\u00e9s de un comienzo tibio, partido a partido ha crecido hasta los niveles del a\u00f1o pasado que le llevaron a la selecci\u00f3n espa\u00f1ola. Actualmente, el de Lal\u00edn es el tercer guardameta con m\u00e1s paradas (44 en 144 lanzamientos) por detr\u00e1s de Pedro Tonicher (Cuenca) y Juan Bar (Recoletas). En efectividad, el guardameta gallego detiene una media de 31,65 % por encuentro.<\/p>\n<p>\u00c1lvaro Mart\u00ednez, convocado por la selecci\u00f3n espa\u00f1ola<\/p>\n<p class=\"v-p\">\nDespu\u00e9s de su gran encuentro en Valladolid, en el que anot\u00f3 diez goles a su exequipo, \u00c1lvaro Mart\u00ednez Lobato ha sido convocado por la selecci\u00f3n espa\u00f1ola de Jordi Ribera. Se trata de la primera vez que el pivote se ponga la camiseta de los Hispanos, que disputar\u00e1n dos amistosos el 30 de octubre y el 1 de noviembre ante la selecci\u00f3n de Suecia. \u00c1lvaro Mart\u00ednez compartir\u00e1 vestuario con los exfranjino Sergey Hern\u00e1ndez, Agust\u00edn Casado, Imanol Gaciandia, \u00c1lex Dujshebaev, Antonio Serradilla y Javi Rodr\u00edguez. Por otro lado, Pergel ha sido convocado por Hungr\u00eda y Lombardi con Argentina.\n<\/p>\n<p>Reporta un error<\/p>\n<p class=\"v-crt__t\"> L\u00edmite de sesiones alcanzadas<\/p>\n<p class=\"v-crt__p\">El acceso al contenido Premium est\u00e1 abierto por cortes\u00eda del establecimiento donde te encuentras, pero ahora mismo hay demasiados usuarios conectados a las vez.<\/p>\n<p class=\"v-crt__p\">Por favor, int\u00e9ntalo pasados unos minutos.<\/p>\n<p>\nVolver a intentar\n<\/p>\n<p class=\"v-crt__t\">Sesi\u00f3n cerrada<\/p>\n<p class=\"v-crt__p\">Al iniciar sesi\u00f3n desde un dispositivo distinto, por seguridad, se cerr\u00f3 la \u00faltima sesi\u00f3n en este.<\/p>\n<p class=\"v-crt__p\">Para continuar disfrutando de su suscripci\u00f3n digital, inicie sesi\u00f3n en este dispositivo.<\/p>\n<p>\nEste contenido es exclusivo para suscriptores\n<\/p>\n<p class=\"text\">\u00bfTienes una suscripci\u00f3n? <a href=\"https:\/\/secure.larioja.com\/login\/login.html#vca=suscribete&amp;vso=larioja&amp;vmc=on&amp;vli=cdn-ce-link-login\" class=\"login\" data-voc-vtm-id=\"comienzoSuscripcionON\" data-voc-vtm-info=\"cdn-ce-link-login\" rel=\"nofollow noopener\" target=\"_blank\">Inicia sesi\u00f3n<\/a><\/p>\n","protected":false},"excerpt":{"rendered":"Martes, 14 de octubre 2025, 07:51 | Actualizado 10:14h. El Ciudad de Logro\u00f1o goz\u00f3 ayer de su jornada&hellip;\n","protected":false},"author":2,"featured_media":177160,"comment_status":"","ping_status":"","sticky":false,"template":"","format":"standard","meta":{"footnotes":""},"categories":[278],"tags":[376,12554,168,46472,622,25,24,50683,375,5534,23,167],"class_list":{"0":"post-177159","1":"post","2":"type-post","3":"status-publish","4":"format-standard","5":"has-post-thumbnail","7":"category-balonmano","8":"tag-balonmano","9":"tag-clave","10":"tag-deportes","11":"tag-dicorpebal","12":"tag-equipo","13":"tag-es","14":"tag-espana","15":"tag-hallando","16":"tag-handball","17":"tag-piezas","18":"tag-spain","19":"tag-sports"},"share_on_mastodon":{"url":"","error":""},"_links":{"self":[{"href":"https:\/\/www.europesays.com\/es\/wp-json\/wp\/v2\/posts\/177159","targetHints":{"allow":["GET"]}}],"collection":[{"href":"https:\/\/www.europesays.com\/es\/wp-json\/wp\/v2\/posts"}],"about":[{"href":"https:\/\/www.europesays.com\/es\/wp-json\/wp\/v2\/types\/post"}],"author":[{"embeddable":true,"href":"https:\/\/www.europesays.com\/es\/wp-json\/wp\/v2\/users\/2"}],"replies":[{"embeddable":true,"href":"https:\/\/www.europesays.com\/es\/wp-json\/wp\/v2\/comments?post=177159"}],"version-history":[{"count":0,"href":"https:\/\/www.europesays.com\/es\/wp-json\/wp\/v2\/posts\/177159\/revisions"}],"wp:featuredmedia":[{"embeddable":true,"href":"https:\/\/www.europesays.com\/es\/wp-json\/wp\/v2\/media\/177160"}],"wp:attachment":[{"href":"https:\/\/www.europesays.com\/es\/wp-json\/wp\/v2\/media?parent=177159"}],"wp:term":[{"taxonomy":"category","embeddable":true,"href":"https:\/\/www.europesays.com\/es\/wp-json\/wp\/v2\/categories?post=177159"},{"taxonomy":"post_tag","embeddable":true,"href":"https:\/\/www.europesays.com\/es\/wp-json\/wp\/v2\/tags?post=177159"}],"curies":[{"name":"wp","href":"https:\/\/api.w.org\/{rel}","templated":true}]}}