{"id":177163,"date":"2025-10-14T22:33:18","date_gmt":"2025-10-14T22:33:18","guid":{"rendered":"https:\/\/www.europesays.com\/es\/177163\/"},"modified":"2025-10-14T22:33:18","modified_gmt":"2025-10-14T22:33:18","slug":"taira-vs-park-que-saber-de-ufc-fight-night-horarios-y-canales","status":"publish","type":"post","link":"https:\/\/www.europesays.com\/es\/177163\/","title":{"rendered":"Taira vs Park: \u00bfQu\u00e9 saber de UFC Fight Night? Horarios y canales"},"content":{"rendered":"<p>Consulta aqu\u00ed todo sobre UFC Fight Night y c\u00f3mo ver la pelea estelar de peso mosca el s\u00e1bado 2 de agosto desde Las Vegas.<\/p>\n<p><strong>UFC<\/strong> regresa a su base local el s\u00e1bado por la noche con <strong>una cartelera de <a href=\"https:\/\/espndeportes.espn.com\/mma\/fightcenter\/_\/id\/600054244\/liga\/ufc\" target=\"_blank\" rel=\"nofollow noopener\">UFC Fight Night<\/a> de 12 peleas, encabezada por un duelo de peso mosca entre los ascendentes <a href=\"https:\/\/espndeportes.espn.com\/mma\/peleador\/_\/id\/4917772\/tatsuro-taira\" target=\"_blank\" rel=\"nofollow noopener\">Tatsuro Taira<\/a> y <a href=\"https:\/\/espndeportes.espn.com\/mma\/peleador\/_\/id\/5068545\/hyunsung-park\" target=\"_blank\" rel=\"nofollow noopener\">HyunSung Park<\/a><\/strong> en el UFC APEX de Las Vegas.<\/p>\n<p><a href=\"https:\/\/espndeportes.espn.com\/watch\/player\/_\/id\/1070ee8c-0196-4e31-b66b-e6bb58b19574#bucketId=2\" target=\"_blank\" rel=\"nofollow noopener\">La cobertura comienza a las 4 p.m. CDMX \/ 6 p.m. ET por ESPN, ESPN Deportes y ESPN+<\/a> (en EE. UU.). <a href=\"https:\/\/espndeportes.espn.com\/watch\/player\/_\/id\/eb2886b9-1df0-47b6-b3aa-ed5745fcc224#bucketId=2\" target=\"_blank\" rel=\"nofollow noopener\">La cartelera principal est\u00e1 programada para las 7 p.m. CDMX \/ 9 p.m. ET<\/a>. En M\u00e9xico, el evento se puede ver por FOX.<\/p>\n<p><strong>&#8211; <a href=\"https:\/\/plus.espn.com\/es\/ufc\/ppv?om-navmethod=espnplus-story:11499760\" target=\"_blank\" rel=\"nofollow noopener\">Suscr\u00edbete a ESPN+ para lo mejor de UFC (EE.UU.)<\/a><br \/>&#8211; <a href=\"http:\/\/dis.la\/ESPN_Site_Left_Rail_Button_MX\" target=\"_blank\" rel=\"nofollow noopener\">Suscr\u00edbete a Disney+ para lo mejor de UFC (Latinoam\u00e9rica)<\/a><\/strong><\/p>\n<p><img class=\" lazyload lazyload\" data-image-container=\".inline-photo\" height=\"320\" width=\"570\"\/>Tatsuro Taira golpea a Brandon Royval durante el combate estelar de UFC Vegas 98 en octubre de 2024.\u00a0Chris Unger\/Zuffa LLC<\/p>\n<p><strong>Taira<\/strong> (16-1-0) ten\u00eda pautado enfrentarse a <a href=\"https:\/\/espndeportes.espn.com\/mma\/peleador\/_\/id\/4684848\/amir-albazi\" target=\"_blank\" rel=\"nofollow noopener\">Amir Albazi<\/a> en el evento principal a cinco asaltos, pero <a href=\"https:\/\/www.espn.cl\/artes-marciales-mixtas\/nota\/_\/id\/15478780\/ufc-reorganiza-fight-night-salida-albazi-las-vegas\" target=\"_blank\" rel=\"nofollow noopener\">Albazi se vio obligado a retirarse por razones no reveladas<\/a> tras no recibir el alta m\u00e9dica a tiempo. <strong>Park<\/strong> (10-0-0), quien estaba programado para enfrentarse a <a href=\"https:\/\/espndeportes.espn.com\/mma\/peleador\/_\/id\/4997217\/steve-erceg\" target=\"_blank\" rel=\"nofollow noopener\">Steve Erceg<\/a> el 9 de agosto, entrar\u00e1 al oct\u00e1gono una semana antes en su primera pelea estelar de UFC.<\/p>\n<p><a href=\"https:\/\/www.espn.cl\/artes-marciales-mixtas\/nota\/_\/id\/14284753\/royval-vs-taira-ver-ufc-fight-night-resultados-highlights\" target=\"_blank\" rel=\"nofollow noopener\"><strong>Taira<\/strong> perdi\u00f3 su invicto en una decisi\u00f3n dividida contra<\/a> <a href=\"https:\/\/espndeportes.espn.com\/mma\/peleador\/_\/id\/4239928\/brandon-royval\" target=\"_blank\" rel=\"nofollow noopener\">Brandon Royval<\/a> en su \u00faltima pelea en octubre. Buscar\u00e1 recuperarse contra el invicto <strong>Park<\/strong>, quien llega al combate con victorias por sumisi\u00f3n en tres de sus \u00faltimas cuatro peleas.<\/p>\n<p>La transmisi\u00f3n de <a href=\"https:\/\/espndeportes.espn.com\/watch\/player\/_\/id\/1070ee8c-0196-4e31-b66b-e6bb58b19574#bucketId=2\" target=\"_blank\" rel=\"nofollow noopener\"><strong>UFC Fight Night: Taira vs. Park el s\u00e1bado 2 de agosto comienza a las 4 p.m. CDMX \/ 6 p.m. ET<\/strong><\/a> con las preliminares; la cartelera principal comienza a las 7 p.m. CDMX \/ 9 p.m. ET. En M\u00e9xico, el evento se puede ver por FOX.<\/p>\n<p><strong><a href=\"https:\/\/espndeportes.espn.com\/watch\/player\/_\/id\/1070ee8c-0196-4e31-b66b-e6bb58b19574#bucketId=2\" target=\"_blank\" rel=\"nofollow noopener\">Mira todas las dem\u00e1s peleas en ESPN+<\/a> (en EE. UU.): <a href=\"https:\/\/plus.espn.com\/es\/ufc?om-navmethod=espnplus-story:12136973\" target=\"_blank\" rel=\"nofollow noopener\">Consigue ESPN+ aqu\u00ed<\/a>.<\/strong><\/p>\n<p><strong><a href=\"https:\/\/espndeportes.espn.com\/watch\/player\/_\/id\/eb2886b9-1df0-47b6-b3aa-ed5745fcc224#bucketId=2\" target=\"_top\" rel=\"nofollow noopener\">Mira todas las peleas en ESPN Deportes<\/a>, ESPN (en EE. UU.): <a href=\"http:\/\/www.espn.com\/espn\/apps\/espn\" target=\"_blank\" rel=\"nofollow noopener\">Descarga la aplicaci\u00f3n de ESPN<\/a> | <a href=\"https:\/\/espndeportes.espn.com\/watch\/\" target=\"_blank\" rel=\"nofollow noopener\">WatchESPN<\/a> | <a href=\"https:\/\/espndeportes.espn.com\/watch\/schedule\/\" target=\"_blank\" rel=\"nofollow noopener\">TV<\/a><\/strong><\/p>\n<p><strong>\u00bfNo tienes ESPN? <a href=\"https:\/\/promo.espn.com\/espn\/contests\/instantaccess\/\" target=\"_blank\" rel=\"nofollow noopener\">Consigue acceso instant\u00e1neo<\/a>.<\/strong><\/p>\n<p><strong>Tambi\u00e9n est\u00e1 <a href=\"https:\/\/espndeportes.espn.com\/mma\/fightcenter\" target=\"_blank\" rel=\"nofollow noopener\">FightCenter<\/a><\/strong>, que ofrece actualizaciones en vivo para cada cartelera de UFC.<\/p>\n<p>Taira vs Park: \u00bfQu\u00e9 saber de UFC Fight Night? Horarios y canales<\/p>\n<p><img decoding=\"async\" src=\"https:\/\/www.europesays.com\/es\/wp-content\/uploads\/2025\/08\/ufc-espn-plus.png\" alt=\"UFC por ESPN+\"\/><br \/>\nReinier de Ridder y Brendan Allen se enfrentan en la pelea estelar de peso mediano de UFC Fight Night desde Vancouver.<\/p>\n<p><b><a href=\"https:\/\/espndeportes.espn.com\/watch\/player\/_\/id\/564ee287-6d68-4731-8acc-d02249ea3347#bucketId=2\" target=\"_blank\" rel=\"nofollow noopener\">UFC Fight Night: de Ridder vs. Allen<\/a><\/b><br \/>\u2022 S\u00e1bado Octubre 18, Rogers Arena, Vancouver, Canad\u00e1<br \/>\u2022 <b>Principal:<\/b> 7 pm ET | <b>Prelims:<\/b> 4 pm ET<br \/>\u2022 <a href=\"https:\/\/espndeportes.espn.com\/watch\/player\/_\/id\/564ee287-6d68-4731-8acc-d02249ea3347#bucketId=2\" target=\"_blank\" rel=\"nofollow noopener\">Stream todas las peleas en ESPN+<\/a><\/p>\n<p><a href=\"https:\/\/plus.espn.com\/es\/\" target=\"_blank\" rel=\"nofollow noopener\">Suscr\u00edbete a ESPN+<\/a> y ten acceso a todos los eventos de <b>UFC<\/b>, adem\u00e1s de contenido original como <a href=\"https:\/\/espndeportes.espn.com\/watch\/catalog\/3b9a50f1-caad-4250-918f-b15d884b6608\/dana-white-s-contender-series#bucketId=32006\" target=\"_blank\" rel=\"nofollow noopener\">Dana White&#8217;s Contender Series<\/a>, <a href=\"https:\/\/espndeportes.espn.com\/watch\/catalog\/a288344a-c153-4cae-8bed-d98fbe408045\/the-return-of-the-ultimate-fighter#bucketId=32006\" target=\"_blank\" rel=\"nofollow noopener\">The Ultimate Fighter<\/a>, y mucho m\u00e1s.<\/p>\n<p>ESPN Deportes, ESPN, ESPN+ y Disney+, 9 p.m. ET<\/p>\n<p><strong>\u2022 Peso Mosca masculino:<\/strong> <a href=\"https:\/\/espndeportes.espn.com\/mma\/peleador\/_\/id\/4917772\/tatsuro-taira\" target=\"_blank\" rel=\"nofollow noopener\">Tatsuro Taira<\/a> (16-1) vs. <a href=\"https:\/\/espndeportes.espn.com\/mma\/peleador\/_\/id\/5068545\/hyunsung-park\" target=\"_blank\" rel=\"nofollow noopener\">HyunSung Park<\/a> (10-0)<\/p>\n<p><strong>\u2022 Peso Ligero:<\/strong> <a href=\"https:\/\/www.espn.com\/mma\/fighter\/_\/id\/4689965\/mateusz-rebecki\" rel=\"nofollow noopener\" target=\"_blank\">Mateusz R\u0119becki<\/a> (20-2) vs. <a href=\"https:\/\/www.espn.com\/mma\/fighter\/_\/id\/4867356\/chris-duncan\" rel=\"nofollow noopener\" target=\"_blank\">Chris Duncan<\/a> (13-2)<\/p>\n<p><strong>\u2022 Peso Ligero:<\/strong> <a href=\"https:\/\/www.espn.com\/mma\/fighter\/_\/id\/5110006\/elves-brener\" rel=\"nofollow noopener\" target=\"_blank\">Elves Brener<\/a> (16-5) vs. <a href=\"https:\/\/www.espn.com\/mma\/fighter\/_\/id\/5074131\/esteban-ribovics\" rel=\"nofollow noopener\" target=\"_blank\">Esteban Ribovics<\/a> (14-2)<\/p>\n<p><strong>\u2022 Peso Gallo femenino:<\/strong> <a href=\"https:\/\/www.espn.com\/mma\/fighter\/_\/id\/4292349\/karol-rosa\" rel=\"nofollow noopener\" target=\"_blank\">Karol Rosa<\/a> (18-7) vs. <a href=\"https:\/\/www.espn.com\/mma\/fighter\/_\/id\/4916974\/nora-cornolle\" rel=\"nofollow noopener\" target=\"_blank\">Nora Cornolle<\/a> 99-2)<\/p>\n<p><strong>\u2022 Peso Welter:<\/strong> <a href=\"https:\/\/www.espn.com\/mma\/fighter\/_\/id\/3001914\/neil-magny\" rel=\"nofollow noopener\" target=\"_blank\">Neil Magny<\/a> (29-14) vs. <a href=\"https:\/\/www.espn.com\/mma\/fighter\/_\/id\/3039886\/elizeu-zaleski-dos-santos\" rel=\"nofollow noopener\" target=\"_blank\">Elizeu Zaleski dos Santos<\/a> (25-9-1)<\/p>\n<p><strong>\u2022 Peso Pluma:<\/strong> <a href=\"https:\/\/www.espn.com\/mma\/fighter\/_\/id\/4702589\/danny-silva\" rel=\"nofollow noopener\" target=\"_blank\">Danny Silva<\/a> (10-1) vs. <a href=\"https:\/\/www.espn.com\/mma\/fighter\/_\/id\/5145681\/kevin-vallejos\" rel=\"nofollow noopener\" target=\"_blank\">Kevin Vallejos<\/a> (15-1)<\/p>\n<p>ESPN Deportes, ESPN, ESPN+ y Disney+, 6 p.m. ET<\/p>\n<p><strong>\u2022 Peso Gallo masculino:<\/strong> <a href=\"https:\/\/www.espn.com\/mma\/fighter\/_\/id\/5068624\/rinya-nakamura\" rel=\"nofollow noopener\" target=\"_blank\">Rinya Nakamura<\/a> (9-1) vs. <a href=\"https:\/\/www.espn.com\/mma\/fighter\/_\/id\/4848675\/nathan-fletcher\" rel=\"nofollow noopener\" target=\"_blank\">Nathan Fletcher<\/a> (9-2)<\/p>\n<p><strong>\u2022 Peso Mediano:<\/strong> <a href=\"https:\/\/www.espn.com\/mma\/fighter\/_\/id\/4426250\/rodolfo-vieira\" rel=\"nofollow noopener\" target=\"_blank\">Rodolfo Vieira<\/a> (10-3) vs. <a href=\"https:\/\/www.espn.com\/mma\/fighter\/_\/id\/4815999\/tresean-gore\" rel=\"nofollow noopener\" target=\"_blank\">Tresean Gore<\/a> (6-3)<\/p>\n<p><strong>\u2022 Peso Mediano:<\/strong> <a href=\"https:\/\/www.espn.com\/mma\/fighter\/_\/id\/5134399\/nick-klein\" rel=\"nofollow noopener\" target=\"_blank\">Nick Klein<\/a> (6-2) vs. <a href=\"https:\/\/www.espn.com\/mma\/fighter\/_\/id\/5211225\/andrey-pulyaev\" rel=\"nofollow noopener\" target=\"_blank\">Andrey Pulyaev<\/a> (9-3)<\/p>\n<p><strong>\u2022 Peso Pluma:<\/strong> <a href=\"https:\/\/espndeportes.espn.com\/mma\/peleador\/_\/id\/5120304\/austin-bashi\" target=\"_blank\" rel=\"nofollow noopener\">Austin Bashi<\/a> (13-1) vs. <a href=\"https:\/\/espndeportes.espn.com\/mma\/peleador\/_\/id\/5145575\/john-yannis\" target=\"_blank\" rel=\"nofollow noopener\">John Yannis<\/a> (9-3)<\/p>\n<p><strong>\u2022 Peso Ligero:<\/strong> <a href=\"https:\/\/www.espn.com\/mma\/fighter\/_\/id\/5076593\/rafael-estevam\" rel=\"nofollow noopener\" target=\"_blank\">Rafael Estevam<\/a> (13-0) vs. <a href=\"https:\/\/www.espn.com\/mma\/fighter\/_\/id\/4916248\/felipe-bunes\" rel=\"nofollow noopener\" target=\"_blank\">Felipe Bunes<\/a> (14-7)<\/p>\n<p><strong>\u2022 Peso Paja:<\/strong> <a href=\"https:\/\/www.espn.com\/mma\/fighter\/_\/id\/4816066\/piera-rodriguez\" rel=\"nofollow noopener\" target=\"_blank\">Piera Rodriguez<\/a> (10-2) vs. <a href=\"https:\/\/www.espn.com\/mma\/fighter\/_\/id\/4566308\/ketlen-souza\" rel=\"nofollow noopener\" target=\"_blank\">Ketlen Souza<\/a> (15-5)<\/p>\n","protected":false},"excerpt":{"rendered":"Consulta aqu\u00ed todo sobre UFC Fight Night y c\u00f3mo ver la pelea estelar de peso mosca el s\u00e1bado&hellip;\n","protected":false},"author":2,"featured_media":177164,"comment_status":"","ping_status":"","sticky":false,"template":"","format":"standard","meta":{"footnotes":""},"categories":[276],"tags":[168,25,24,23,167,343],"class_list":{"0":"post-177163","1":"post","2":"type-post","3":"status-publish","4":"format-standard","5":"has-post-thumbnail","7":"category-ufc","8":"tag-deportes","9":"tag-es","10":"tag-espana","11":"tag-spain","12":"tag-sports","13":"tag-ufc"},"share_on_mastodon":{"url":"","error":""},"_links":{"self":[{"href":"https:\/\/www.europesays.com\/es\/wp-json\/wp\/v2\/posts\/177163","targetHints":{"allow":["GET"]}}],"collection":[{"href":"https:\/\/www.europesays.com\/es\/wp-json\/wp\/v2\/posts"}],"about":[{"href":"https:\/\/www.europesays.com\/es\/wp-json\/wp\/v2\/types\/post"}],"author":[{"embeddable":true,"href":"https:\/\/www.europesays.com\/es\/wp-json\/wp\/v2\/users\/2"}],"replies":[{"embeddable":true,"href":"https:\/\/www.europesays.com\/es\/wp-json\/wp\/v2\/comments?post=177163"}],"version-history":[{"count":0,"href":"https:\/\/www.europesays.com\/es\/wp-json\/wp\/v2\/posts\/177163\/revisions"}],"wp:featuredmedia":[{"embeddable":true,"href":"https:\/\/www.europesays.com\/es\/wp-json\/wp\/v2\/media\/177164"}],"wp:attachment":[{"href":"https:\/\/www.europesays.com\/es\/wp-json\/wp\/v2\/media?parent=177163"}],"wp:term":[{"taxonomy":"category","embeddable":true,"href":"https:\/\/www.europesays.com\/es\/wp-json\/wp\/v2\/categories?post=177163"},{"taxonomy":"post_tag","embeddable":true,"href":"https:\/\/www.europesays.com\/es\/wp-json\/wp\/v2\/tags?post=177163"}],"curies":[{"name":"wp","href":"https:\/\/api.w.org\/{rel}","templated":true}]}}