{"id":177171,"date":"2025-10-14T22:38:14","date_gmt":"2025-10-14T22:38:14","guid":{"rendered":"https:\/\/www.europesays.com\/es\/177171\/"},"modified":"2025-10-14T22:38:14","modified_gmt":"2025-10-14T22:38:14","slug":"el-asalto-a-la-fiba-europe-cup-empieza-en-casa","status":"publish","type":"post","link":"https:\/\/www.europesays.com\/es\/177171\/","title":{"rendered":"el asalto a la FIBA Europe Cup empieza en casa"},"content":{"rendered":"<p class=\"ft-text\">Apenas acaba de empezar y la temporada del <strong>Casademont Zaragoza <\/strong>coge desde este mi\u00e9rcoles otra velocidad, la que da participar en competiciones europeas. El conjunto zaragozano da el pistoletazo de salida a su cuarta participaci\u00f3n en la<strong> FIBA Europe Cup,<\/strong> la tercera consecutiva, en el grupo H frente a un viejo conocido, el <strong>Falco Szombathely (20.00 horas), <\/strong>el gran dominador de la Liga h\u00fangara en el \u00faltimo lustro.<\/p>\n<p class=\"ft-text\">El sue\u00f1o, anhelo, objetivo, meta o como quiera llamarse del club aragon\u00e9s no es otro que pelear por el t\u00edtulo, esto es, disputar la final a finales de abril de 2026. Y aunque ese destino parezca ahora demasiado lejano en el tiempo, la realidad es que empieza a conseguirse desde este mismo mi\u00e9rcoles. Con el sistema de competici\u00f3n actual,<strong> cada duelo cobra la m\u00e1xima importancia y el Casademont no puede fallar en casa si quiere ir avanzando.<\/strong><\/p>\n<p class=\"ft-text\">En esta primera fase regular hay 40 equipos repartidos en diez grupos de cuatro y<strong> solo 16 acceden a la segunda ronda, <\/strong>los diez mejores y los seis mejores segundos. Esos 16 clasificados se repartir\u00e1n en cuatro grupos de cuatro y los dos mejores acceder\u00e1n a los cuartos de final. Todas las eliminatorias, cuartos, semifinales y final, se disputan a ida y vuelta.<\/p>\n<p class=\"ft-text\">As\u00ed las cosas, <strong>cada partido cuenta, y mucho, para el resultado final.<\/strong> Bien lo sabe el propio Casademont, al que errores en los primeros compases impidieron tener un camino mejor en los cursos precedentes, en los que cay\u00f3 en los cuartos de final en ambos casos.<\/p>\n<p class=\"ft-text\">El equipo aragon\u00e9s ha comenzado la Liga con una buena din\u00e1mica de juego y sensaciones a pesar de la derrota del fin de semana en Badalona y ahora quiere extender su forma de hacer las cosas a Europa. <strong>Jes\u00fas Ram\u00edrez <\/strong>tiene una sola baja segura, la del lesionado<strong> Sadik Kabaca<\/strong>, pero debe tomar una decisi\u00f3n importante porque para cumplir con los cinco jugadores de formaci\u00f3n local que exige la FIBA en cada partido tendr\u00e1 que llamar a un jugador del U22 y dejar fuera a otro del primer equipo.<\/p>\n<p class=\"ft-text\">La primera plantilla cuenta con <strong>Yusta, Gonz\u00e1lez, Langarita y Fern\u00e1ndez<\/strong> como cupos, por lo que necesita uno m\u00e1s. En el entrenamiento de ayer participaron <strong>Youssouf Traor\u00e9 y Carlos Al\u00edas,<\/strong> si bien el t\u00e9cnico ya explic\u00f3 que cada d\u00eda contar\u00e1 con dos jugadores del nuevo equipo filial. En Europa est\u00e1n inscritos <strong>Traor\u00e9, Moreno y Faye.<\/strong><\/p>\n<p class=\"ft-text\">Enfrente tendr\u00e1 al Falco, club fundado en 1980 que<strong> ha ganado seis t\u00edtulos de Liga, cuatro de ellos en los \u00faltimos cinco a\u00f1os, <\/strong>siendo subcampe\u00f3n el curso pasado. Adem\u00e1s ha conquistado dos Copas y una Supercopa y participa en competiciones europeas desde 2019, siempre en la Champions hasta este curso que ha ca\u00eddo en la previa y jugar\u00e1 la FEC.<\/p>\n<p class=\"ft-text\">Llega invicto en la competici\u00f3n dom\u00e9stica despu\u00e9s de cuatro jornadas y con un viejo conocido en sus filas, <strong>Zoltan Perl, <\/strong>que tuvo un breve paso por el Estudiantes. Perl, natural del mismo Szombathely, se form\u00f3 en el club magiar y a \u00e9l regres\u00f3 en dos ocasiones, la \u00faltima en 2019 para liderar al equipo porque el escolta es la referencia ofensiva del Falco. Un equipo que anota una media de 88,75 puntos por partido y recibe 81,5.<\/p>\n<p class=\"ft-text\">El de este mi\u00e9rcoles ser\u00e1 el <strong>quinto enfrentamiento entre ambos equipos<\/strong>, ya que se vieron las caras en las Champions de las temporadas 2019-20 y 2020-21. De esos cuatro duelos previos el Casademont Zaragoza gan\u00f3 tres y solo cay\u00f3 en uno, el \u00faltimo disputado en Hungr\u00eda. La victoria es fundamental para el conjunto aragon\u00e9s no solo por jugar en casa sino porque despu\u00e9s le esperan tres salidas consecutivas para enfrentarse a los otros dos rivales del grupo, Anorthosis y Bakken Bears antes de devolver la visita a Szombathely y cerrar el grupo en Zaragoza.<\/p>\n","protected":false},"excerpt":{"rendered":"Apenas acaba de empezar y la temporada del Casademont Zaragoza coge desde este mi\u00e9rcoles otra velocidad, la que&hellip;\n","protected":false},"author":2,"featured_media":177172,"comment_status":"","ping_status":"","sticky":false,"template":"","format":"standard","meta":{"footnotes":""},"categories":[269],"tags":[299,298,2511,5369,168,25,24,5177,46259,22611,23,167,50684,491],"class_list":{"0":"post-177171","1":"post","2":"type-post","3":"status-publish","4":"format-standard","5":"has-post-thumbnail","7":"category-baloncesto","8":"tag-baloncesto","9":"tag-basketball","10":"tag-casademont","11":"tag-casademont-zaragoza","12":"tag-deportes","13":"tag-es","14":"tag-espana","15":"tag-falco","16":"tag-fiba-europe-cup","17":"tag-previa","18":"tag-spain","19":"tag-sports","20":"tag-szombathely","21":"tag-zaragoza"},"share_on_mastodon":{"url":"","error":""},"_links":{"self":[{"href":"https:\/\/www.europesays.com\/es\/wp-json\/wp\/v2\/posts\/177171","targetHints":{"allow":["GET"]}}],"collection":[{"href":"https:\/\/www.europesays.com\/es\/wp-json\/wp\/v2\/posts"}],"about":[{"href":"https:\/\/www.europesays.com\/es\/wp-json\/wp\/v2\/types\/post"}],"author":[{"embeddable":true,"href":"https:\/\/www.europesays.com\/es\/wp-json\/wp\/v2\/users\/2"}],"replies":[{"embeddable":true,"href":"https:\/\/www.europesays.com\/es\/wp-json\/wp\/v2\/comments?post=177171"}],"version-history":[{"count":0,"href":"https:\/\/www.europesays.com\/es\/wp-json\/wp\/v2\/posts\/177171\/revisions"}],"wp:featuredmedia":[{"embeddable":true,"href":"https:\/\/www.europesays.com\/es\/wp-json\/wp\/v2\/media\/177172"}],"wp:attachment":[{"href":"https:\/\/www.europesays.com\/es\/wp-json\/wp\/v2\/media?parent=177171"}],"wp:term":[{"taxonomy":"category","embeddable":true,"href":"https:\/\/www.europesays.com\/es\/wp-json\/wp\/v2\/categories?post=177171"},{"taxonomy":"post_tag","embeddable":true,"href":"https:\/\/www.europesays.com\/es\/wp-json\/wp\/v2\/tags?post=177171"}],"curies":[{"name":"wp","href":"https:\/\/api.w.org\/{rel}","templated":true}]}}