{"id":177173,"date":"2025-10-14T22:39:08","date_gmt":"2025-10-14T22:39:08","guid":{"rendered":"https:\/\/www.europesays.com\/es\/177173\/"},"modified":"2025-10-14T22:39:08","modified_gmt":"2025-10-14T22:39:08","slug":"la-venta-de-blm-no-se-tratara-en-la-asamblea-del-barca","status":"publish","type":"post","link":"https:\/\/www.europesays.com\/es\/177173\/","title":{"rendered":"La venta de BLM no se tratar\u00e1 en la Asamblea del Bar\u00e7a"},"content":{"rendered":"<p class=\"ft-text\"><a class=\"ft-link ft-link--decoration\" href=\"https:\/\/www.sport.es\/es\/noticias\/barca\/ciria-entrega-3-316-firmas-122610814\" rel=\"nofollow noopener\" target=\"_blank\">Las m\u00e1s de 3.000 firmas recogidas y presentadas por Marc Ciria<\/a>, socio del FC Barcelona, con el objetivo de\u00a0<strong>bloquear la venta de la empresa Bar\u00e7a Licensing &amp; Merchandising (BLM) <\/strong>no ser\u00e1 incluida en el orden del d\u00eda de la Asamblea de Socios Compromisarios del pr\u00f3ximo domingo 19 de octubre. El club blaugrana ha emitido un comunicado para detallar que la iniciativa del economista solo cuenta con 1.867 apoyos v\u00e1lidos, cifra que \u00abno alcanza el 3% del sufragio pasivo de la entidad a d\u00eda de hoy\u00bb.<\/p>\n<p class=\"ft-text\">El Bar\u00e7a ha explicado que la solicitud de Ciria \u00abha consistido en 3.205 registros de datos de socios y socias con la siguiente diferenciaci\u00f3n\u00bb: un primer anexo con \u00abfotocopias de un formulario de apoyo con datos y firma de <strong>2.605 personas adhiri\u00e9ndose a la propuesta, sin indicar el n\u00famero de DNI ni adjuntar copia del mismo<\/strong>\u00bb y un segundo anexo que consiste en \u00abuna impresi\u00f3n de determinadas hojas de Excel con <strong>un listado de nombres y datos de 600 personas (tres de ellas repetidas), sin referencia a ninguna propuesta concreta y sin firma de ning\u00fan tipo<\/strong>\u00ab.<\/p>\n<p class=\"ft-text\">El c\u00f3mputo global que ha realizado el club ha sido de <strong>1.867 apoyos v\u00e1lidos<\/strong>, 452 apoyos inv\u00e1lidos por falta de cumplimiento del requisito de antig\u00fcedad (5 a\u00f1os), 25 apoyos inv\u00e1lidos por no disponer de la edad m\u00ednima, 139 apoyos inv\u00e1lidos por no ser socio o socia o ser ilegible, 121 apoyos inv\u00e1lidos por duplicidad y un apoyo inv\u00e1lido por falta de firma.<\/p>\n<p class=\"ft-text\">\u00abPor este motivo, la propuesta no ha alcanzado suficientes apoyos para ser incluida como punto del orden del d\u00eda de la pr\u00f3xima asamblea. En todo caso, <strong>el club reitera que no est\u00e1 en estudio ni hay intenci\u00f3n de vender ninguna parte de su filial BLM, como ya se ha mencionado de forma p\u00fablica en diversas ocasiones por parte de la junta directiva<\/strong>. Este mi\u00e9rcoles, el FC Barcelona proceder\u00e1 a certificar ante notario el resultado de la verificaci\u00f3n, acto al cual se ha invitado al solicitante\u00bb, ha finalizado el comunicado del Bar\u00e7a.<\/p>\n","protected":false},"excerpt":{"rendered":"Las m\u00e1s de 3.000 firmas recogidas y presentadas por Marc Ciria, socio del FC Barcelona, con el objetivo&hellip;\n","protected":false},"author":2,"featured_media":177174,"comment_status":"","ping_status":"","sticky":false,"template":"","format":"standard","meta":{"footnotes":""},"categories":[268],"tags":[50686,168,25,24,881,280,282,4467,50685,281,23,167],"class_list":{"0":"post-177173","1":"post","2":"type-post","3":"status-publish","4":"format-standard","5":"has-post-thumbnail","7":"category-futbol","8":"tag-asamblea-de-socios-compromisarios","9":"tag-deportes","10":"tag-es","11":"tag-espana","12":"tag-fc-barcelona","13":"tag-football","14":"tag-futbol","15":"tag-joan-laporta","16":"tag-marc-ciria","17":"tag-soccer","18":"tag-spain","19":"tag-sports"},"share_on_mastodon":{"url":"","error":""},"_links":{"self":[{"href":"https:\/\/www.europesays.com\/es\/wp-json\/wp\/v2\/posts\/177173","targetHints":{"allow":["GET"]}}],"collection":[{"href":"https:\/\/www.europesays.com\/es\/wp-json\/wp\/v2\/posts"}],"about":[{"href":"https:\/\/www.europesays.com\/es\/wp-json\/wp\/v2\/types\/post"}],"author":[{"embeddable":true,"href":"https:\/\/www.europesays.com\/es\/wp-json\/wp\/v2\/users\/2"}],"replies":[{"embeddable":true,"href":"https:\/\/www.europesays.com\/es\/wp-json\/wp\/v2\/comments?post=177173"}],"version-history":[{"count":0,"href":"https:\/\/www.europesays.com\/es\/wp-json\/wp\/v2\/posts\/177173\/revisions"}],"wp:featuredmedia":[{"embeddable":true,"href":"https:\/\/www.europesays.com\/es\/wp-json\/wp\/v2\/media\/177174"}],"wp:attachment":[{"href":"https:\/\/www.europesays.com\/es\/wp-json\/wp\/v2\/media?parent=177173"}],"wp:term":[{"taxonomy":"category","embeddable":true,"href":"https:\/\/www.europesays.com\/es\/wp-json\/wp\/v2\/categories?post=177173"},{"taxonomy":"post_tag","embeddable":true,"href":"https:\/\/www.europesays.com\/es\/wp-json\/wp\/v2\/tags?post=177173"}],"curies":[{"name":"wp","href":"https:\/\/api.w.org\/{rel}","templated":true}]}}