{"id":177177,"date":"2025-10-14T22:41:14","date_gmt":"2025-10-14T22:41:14","guid":{"rendered":"https:\/\/www.europesays.com\/es\/177177\/"},"modified":"2025-10-14T22:41:14","modified_gmt":"2025-10-14T22:41:14","slug":"recomiendo-este-sistema-a-mis-companeros-al-cien-por-cien","status":"publish","type":"post","link":"https:\/\/www.europesays.com\/es\/177177\/","title":{"rendered":"\u00abRecomiendo este sistema a mis compa\u00f1eros al cien por cien\u00bb"},"content":{"rendered":"<p class=\"voc-p\" style=\"\"><strong>Alc\u00e1ntara<\/strong> explica a ABC que, tras su experiencia con esta herramienta, \u00abla recomiendo al 100% a mis compa\u00f1eros\u00bb, puesto que ha supuesto una reducci\u00f3n de plazos exponencial que beneficia a todos los intervinientes en el proceso. \u00abA nosotros nos permite iniciar y acabar antes una obra, y, por tanto, cobrar antes tambi\u00e9n\u00bb. Al cliente \u00able evita esperar un a\u00f1o pagando gastos de mantenimiento de su inmueble a la espera de la licencia\u00bb y a  <a href=\"https:\/\/www.abc.es\/espana\/andalucia\/cordoba\/colegio-arquitectos-cordoba-dado-visto-bueno-proyectos-20251014130944-nts.html\" target=\"_self\" data-voc-vtm-id=\"in-text-traffic\" title=\"Urbanismo le evita dedicar recursos\" rel=\"nofollow noopener\">Urbanismo le evita dedicar recursos<\/a> para su supervisi\u00f3n t\u00e9cnica. A su juicio, \u00abes un servicio muy bueno del colegio\u00bb.<\/p>\n<p class=\"voc-p\" style=\"\">El primer arquitecto que ha logrado una licencia de Urbanismo a trav\u00e9s del informe t\u00e9cnico urban\u00edstico del <strong>COACo<\/strong> present\u00f3 un proyecto de conversi\u00f3n de un local a vivienda. \u00abGeneralmente un tr\u00e1mite de este tipo tardaba entre ocho y nueve meses en Urbanismo, a trav\u00e9s del colegio conseguimos la licencia en s\u00f3lo dos meses y medio\u00bb, es decir, que el plazo de consecuci\u00f3n del permiso se redujo \u00aba un tercio del plazo habitual\u00bb. <\/p>\n<p>\nTarifas\n<\/p>\n<p class=\"voc-p\" style=\"\">El avance de <strong>plazos<\/strong> no s\u00f3lo les beneficia por poder acudir a otros proyectos en menos tiempo, sino que la reducci\u00f3n de la tramitaci\u00f3n \u00abnos permite tambi\u00e9n <strong>bajar los precios<\/strong> de nuestras tarifas\u00bb al tener que estar un menor tiempo pendientes de un cliente. <\/p>\n<p class=\"voc-p\" style=\"\">Alc\u00e1ntara tambi\u00e9n destaca que \u00abno supone <a href=\"https:\/\/www.abc.es\/espana\/andalucia\/cordoba\/convenio-arquitectos-urbanismo-reduce-plazos-licencias-cordoba-20250409121305-nts.html\" target=\"_self\" data-voc-vtm-id=\"in-text-traffic\" title=\"ning\u00fan coste adicional\" rel=\"nofollow noopener\">ning\u00fan coste adicional<\/a> para el promotor o el cliente\u00bb, ya que \u00abla parte que abonas del tr\u00e1mite al COACo luego te la descuentas \u00edntegra de la tasa final que hay que pagar a <strong>Urbanismo<\/strong>\u00bb. En concreto, explica que \u00abel 30% se abona al colegio y el 70% a la Gerencia\u00bb.<\/p>\n<p class=\"voc-p\" style=\"\">Adem\u00e1s, destaca que el colegio ha preparado un equipo muy diligente en esta tarea y que \u00abla <strong>plataforma<\/strong> para su tramitaci\u00f3n es muy <strong>intuitiva<\/strong>, lo que facilita la aportaci\u00f3n de documentaci\u00f3n y dem\u00e1s tr\u00e1mites\u00bb. De hecho, el propio Colegio de Arquitectos es \u00abel que nos comunica el resultado del informe\u00bb.<\/p>\n<p class=\"voc-title\">\u00abMi experiencia es magn\u00edfica, estoy muy contento, ya que esta opci\u00f3n agiliza mucho los plazos\u00bb<\/p>\n<p class=\"voc-article-position__name\">Francisco Medr\u00e1n<\/p>\n<p class=\"voc-article-position__employ\">Particular<\/p>\n<p class=\"voc-p\" style=\"\"><strong>Francisco Medr\u00e1n<\/strong> es la otra cara de la moneda, un cliente. Un ciudadano que se ha acogido a esta herramienta de la tramitaci\u00f3n del <a href=\"https:\/\/coacordoba.org\/\" target=\"_self\" data-voc-vtm-id=\"in-text-traffic\" title=\"Colegio de Arquitectos\" data-mrf-link=\"coacordoba.org\" rel=\"nofollow noopener\">Colegio de Arquitectos<\/a> para reducir el plazo para obtener la licencia de obra. En declaraciones a ABC, Medr\u00e1n explica que \u00abmi experiencia es magn\u00edfica\u00bb con este tr\u00e1mite, que comenz\u00f3 porque \u00abel arquitecto nos cont\u00f3 esta nueva opci\u00f3n que daba la normativa y decidimos hacerlo as\u00ed\u00bb. Tras el camino andando, concluye que \u00abla experiencia ha sido fruct\u00edfera y fabulosa\u00bb.<\/p>\n<p><img decoding=\"async\" loading=\"lazy\" src=\"https:\/\/www.europesays.com\/es\/wp-content\/uploads\/2025\/10\/testimonio-local-U74134624777HXp-760x427@diario_abc.jpeg\" class=\"voc-img\" width=\"760\" height=\"427\" alt=\"Francisco Medr\u00e1n, un particular que est\u00e1 convirtiendo un local en vivienda en Ciudad Jard\u00edn\" data-voc-vtm-id=\"in-text-traffic\"\/><\/p>\n<p>Francisco Medr\u00e1n, un particular que est\u00e1 convirtiendo un local en vivienda en Ciudad Jard\u00edn<\/p>\n<p>aBC<\/p>\n<p class=\"voc-p\" style=\"\">Este particular tramita la conversi\u00f3n de un local en una vivienda, en un <strong>loft<\/strong>, en <strong>Ciudad Jard\u00edn<\/strong> est\u00e1 \u00abmuy contento\u00bb por la decisi\u00f3n adoptada, puesto que \u00abya hemos podido comenzar incluso la obra\u00bb, que est\u00e1 previsto que pueda acabarse en cuatro meses. Recuerda que \u00abpresentamos la documentaci\u00f3n en febrero y en mayo ya ten\u00edamos la licencia\u00bb, por lo que concluye que \u00abha sido todo muy \u00e1gil, y eso que nos ha pillado el verano por medio, sino habr\u00eda sido mejor a\u00fan\u00bb. <\/p>\n<p class=\"voc-p\" style=\"\">Muy satisfecho, <strong>Medr\u00e1n<\/strong> a\u00f1ade que la obra durar\u00e1 cuatro meses, por lo que \u00absi todo sigue su curso, en menos de un a\u00f1o\u00bb, a principios de 2026, \u00abla vivienda estar\u00e1 acabada\u00bb despu\u00e9s de toda la tramitaci\u00f3n administrativa e incluso de la obra. Antes, casi un a\u00f1o era el tiempo que hab\u00eda que esperar s\u00f3lo para conseguir la licencia. Por este motivo, recuerda que, con la menor espera, \u00abnos hemos quitado de encima muchas preocupaciones y complicaciones\u00bb, a la vez que concluye que \u00abrecomiendo esta herramienta porque se agilizan muchos los plazos\u00bb.<\/p>\n","protected":false},"excerpt":{"rendered":"Alc\u00e1ntara explica a ABC que, tras su experiencia con esta herramienta, \u00abla recomiendo al 100% a mis compa\u00f1eros\u00bb,&hellip;\n","protected":false},"author":2,"featured_media":177178,"comment_status":"","ping_status":"","sticky":false,"template":"","format":"standard","meta":{"footnotes":""},"categories":[173],"tags":[21882,14104,839,229,233,231,230,14347,232,234,146,147,25,24,2467,3295,7019,23],"class_list":{"0":"post-177177","1":"post","2":"type-post","3":"status-publish","4":"format-standard","5":"has-post-thumbnail","7":"category-arte-y-diseno","8":"tag-21882","9":"tag-alcantara","10":"tag-arquitecto","11":"tag-arte","12":"tag-arte-y-diseno","13":"tag-arts","14":"tag-arts-and-design","15":"tag-companeros","16":"tag-design","17":"tag-diseno","18":"tag-entertainment","19":"tag-entretenimiento","20":"tag-es","21":"tag-espana","22":"tag-jose","23":"tag-recomiendo","24":"tag-sistema","25":"tag-spain"},"share_on_mastodon":{"url":"","error":""},"_links":{"self":[{"href":"https:\/\/www.europesays.com\/es\/wp-json\/wp\/v2\/posts\/177177","targetHints":{"allow":["GET"]}}],"collection":[{"href":"https:\/\/www.europesays.com\/es\/wp-json\/wp\/v2\/posts"}],"about":[{"href":"https:\/\/www.europesays.com\/es\/wp-json\/wp\/v2\/types\/post"}],"author":[{"embeddable":true,"href":"https:\/\/www.europesays.com\/es\/wp-json\/wp\/v2\/users\/2"}],"replies":[{"embeddable":true,"href":"https:\/\/www.europesays.com\/es\/wp-json\/wp\/v2\/comments?post=177177"}],"version-history":[{"count":0,"href":"https:\/\/www.europesays.com\/es\/wp-json\/wp\/v2\/posts\/177177\/revisions"}],"wp:featuredmedia":[{"embeddable":true,"href":"https:\/\/www.europesays.com\/es\/wp-json\/wp\/v2\/media\/177178"}],"wp:attachment":[{"href":"https:\/\/www.europesays.com\/es\/wp-json\/wp\/v2\/media?parent=177177"}],"wp:term":[{"taxonomy":"category","embeddable":true,"href":"https:\/\/www.europesays.com\/es\/wp-json\/wp\/v2\/categories?post=177177"},{"taxonomy":"post_tag","embeddable":true,"href":"https:\/\/www.europesays.com\/es\/wp-json\/wp\/v2\/tags?post=177177"}],"curies":[{"name":"wp","href":"https:\/\/api.w.org\/{rel}","templated":true}]}}