{"id":177179,"date":"2025-10-14T22:42:08","date_gmt":"2025-10-14T22:42:08","guid":{"rendered":"https:\/\/www.europesays.com\/es\/177179\/"},"modified":"2025-10-14T22:42:08","modified_gmt":"2025-10-14T22:42:08","slug":"buenos-aires-tendra-su-primera-ruta-de-librerias-de-barrio","status":"publish","type":"post","link":"https:\/\/www.europesays.com\/es\/177179\/","title":{"rendered":"Buenos Aires tendr\u00e1 su primera \u201cRuta de Librer\u00edas de Barrio\u201d"},"content":{"rendered":"<p>En 2011 la UNESCO distingui\u00f3 a Buenos Aires como <strong>Capital Mundial del Libro<\/strong>. Mucho tuvo que ver entonces un relevamiento que registraba aproximadamente 25 librer\u00edas cada 100 mil habitantes poniendo a la Ciudad al tope de un ranking internacional.<\/p>\n<p>Catorce a\u00f1os m\u00e1s tarde, con el libro de papel resistiendo a las nuevas tecnolog\u00edas y formas de leer, el fen\u00f3meno se extendi\u00f3 por los barrios y, a las conocidas liberar\u00edas de Centro porte\u00f1o, se le sumaron peque\u00f1os emprendimientos que incluso ofrecen servicio de cafeter\u00eda.<\/p>\n<p>Con el objetivo de promover y visibilizar estos locales, la Ciudad anunci\u00f3 hoy la primera edici\u00f3n <strong>\u201cLa Ruta de las Librer\u00edas de Barrio\u201d<\/strong>, para integrarlas a una red de actividades, promociones y espacios de difusi\u00f3n.<\/p>\n<p>La iniciativa es de los ministerios porte\u00f1os de Desarrollo Econ\u00f3mico y de Cultura y se desarrollar\u00e1 de octubre a diciembre de 2025 en distintos barrios porte\u00f1os. La presentaci\u00f3n se llev\u00f3 a cabo en la librer\u00eda y espacio cultural \u201cBorges 1975\u201d y cont\u00f3 con la presencia de autoridades, representantes del sector editorial, libreros y referentes literarios de Buenos Aires.<\/p>\n<p>\u201cEn la Ciudad hay m\u00e1s de<strong> 300 librer\u00edas de barrio o independientes<\/strong> que son parte del alma econ\u00f3mica y cultural de Buenos Aires, generan trabajo, valor agregado y sostienen nuestra identidad barrial. Y tambi\u00e9n son lugares de atracci\u00f3n para los turistas que nos visitan y que encuentran en ellas parte de nuestra historia, conocimiento y en algunos casos una combinaci\u00f3n con la gastronom\u00eda porte\u00f1a. Con este programa buscamos acompa\u00f1arlas e impulsar su desarrollo\u201d, explic\u00f3 el ministro de Desarrollo Econ\u00f3mico, Hern\u00e1n Lombardi.<\/p>\n<p>El programa cuenta con dos ejes: por un lado, activaciones en librer\u00edas con<strong> talleres, presentaciones de libros, charlas y propuestas que impulsen el consumo<\/strong> y el movimiento comercial en cada barrio; y por otro, un programa de beneficios que incluye capacitaciones, un sistema de fidelizaci\u00f3n y <strong>un mapa f\u00edsico y digital con todas las librer\u00edas de la Ciudad<\/strong>, para que vecinos y turistas puedan descubrir el gran acervo porte\u00f1o.<\/p>\n<p>\u201cBuenos Aires es una ciudad de libros, es una parte indisoluble de nuestra identidad cultural, y en esto son fundamentales nuestras librer\u00edas, las comerciales, las de barrio, los grandes, las m\u00e1s peque\u00f1as. Por eso, adem\u00e1s de esta propuesta de la Ruta de las Librer\u00edas de Barrio, ponemos un fuerte acento en <strong>La Noche de las Librer\u00edas<\/strong>. Ser\u00e1 el 22 de noviembre y, como el a\u00f1o pasado, tendr\u00e1 una amplia presencia en todos los barrios. Porque la cultura sin los libros no se entiende y la Ciudad sin sus barrios, tampoco\u201d, destac\u00f3 la ministra de Cultura porte\u00f1a, Gabriela Ricardes.<\/p>\n<p>Con esta propuesta, Buenos Aires busca conectar a las librer\u00edas con nuevos p\u00fablicos, atraer visitantes y reforzar su rol como espacios culturales y motores del desarrollo local. Adem\u00e1s, se pondr\u00e1 en valor la identidad de cada zona, destacando su aporte a la vida econ\u00f3mica y cultural de la Ciudad.<\/p>\n<p>Aquellas librer\u00edas porte\u00f1as que quieran formar parte del programa \u201cLa Ruta de las Librer\u00edas de Barrio\u201d deber\u00e1n cumplir los siguientes requisitos.<\/p>\n<p>Para inscribirse deber\u00e1n ingresar a <a href=\"https:\/\/buenosaires.gob.ar\/desarrolloeconomico\/la-ruta-de-las-librerias\" target=\"_blank\" title=\"https:\/\/buenosaires.gob.ar\/desarrolloeconomico\/la-ruta-de-las-librerias\" alt=\"https:\/\/buenosaires.gob.ar\/desarrolloeconomico\/la-ruta-de-las-librerias\" rel=\"nofollow noopener\">https:\/\/buenosaires.gob.ar\/desarrolloeconomico\/la-ruta-de-las-librerias<\/a><\/p>\n","protected":false},"excerpt":{"rendered":"En 2011 la UNESCO distingui\u00f3 a Buenos Aires como Capital Mundial del Libro. Mucho tuvo que ver entonces&hellip;\n","protected":false},"author":2,"featured_media":177180,"comment_status":"","ping_status":"","sticky":false,"template":"","format":"standard","meta":{"footnotes":""},"categories":[172],"tags":[224,146,147,25,24,225,23],"class_list":{"0":"post-177179","1":"post","2":"type-post","3":"status-publish","4":"format-standard","5":"has-post-thumbnail","7":"category-libros","8":"tag-books","9":"tag-entertainment","10":"tag-entretenimiento","11":"tag-es","12":"tag-espana","13":"tag-libros","14":"tag-spain"},"share_on_mastodon":{"url":"","error":""},"_links":{"self":[{"href":"https:\/\/www.europesays.com\/es\/wp-json\/wp\/v2\/posts\/177179","targetHints":{"allow":["GET"]}}],"collection":[{"href":"https:\/\/www.europesays.com\/es\/wp-json\/wp\/v2\/posts"}],"about":[{"href":"https:\/\/www.europesays.com\/es\/wp-json\/wp\/v2\/types\/post"}],"author":[{"embeddable":true,"href":"https:\/\/www.europesays.com\/es\/wp-json\/wp\/v2\/users\/2"}],"replies":[{"embeddable":true,"href":"https:\/\/www.europesays.com\/es\/wp-json\/wp\/v2\/comments?post=177179"}],"version-history":[{"count":0,"href":"https:\/\/www.europesays.com\/es\/wp-json\/wp\/v2\/posts\/177179\/revisions"}],"wp:featuredmedia":[{"embeddable":true,"href":"https:\/\/www.europesays.com\/es\/wp-json\/wp\/v2\/media\/177180"}],"wp:attachment":[{"href":"https:\/\/www.europesays.com\/es\/wp-json\/wp\/v2\/media?parent=177179"}],"wp:term":[{"taxonomy":"category","embeddable":true,"href":"https:\/\/www.europesays.com\/es\/wp-json\/wp\/v2\/categories?post=177179"},{"taxonomy":"post_tag","embeddable":true,"href":"https:\/\/www.europesays.com\/es\/wp-json\/wp\/v2\/tags?post=177179"}],"curies":[{"name":"wp","href":"https:\/\/api.w.org\/{rel}","templated":true}]}}