{"id":177185,"date":"2025-10-14T22:50:14","date_gmt":"2025-10-14T22:50:14","guid":{"rendered":"https:\/\/www.europesays.com\/es\/177185\/"},"modified":"2025-10-14T22:50:14","modified_gmt":"2025-10-14T22:50:14","slug":"se-basa-caramelo-la-pelicula-del-perro-que-enamora-en-netflix-en-una-historia-real","status":"publish","type":"post","link":"https:\/\/www.europesays.com\/es\/177185\/","title":{"rendered":"\u00bfSe basa &#8216;Caramelo&#8217;, la pel\u00edcula del perro que enamora en Netflix, en una historia real?"},"content":{"rendered":"<p>Desde su estreno el 8 de octubre de 2025, <b>&#8216;<a href=\"https:\/\/www.ecartelera.com\/peliculas\/caramelo\/\" rel=\"nofollow noopener\" target=\"_blank\">Caramelo<\/a>&#8216; se ha mantenido entre las pel\u00edculas m\u00e1s vistas de Netflix en todo el mundo<\/b>. Su \u00e9xito no sorprende: la cinta brasile\u00f1a, dirigida por <a href=\"https:\/\/www.ecartelera.com\/personas\/diego-freitas\/\" rel=\"nofollow noopener\" target=\"_blank\">Diego Freitas<\/a> y protagonizada por <a href=\"https:\/\/www.ecartelera.com\/personas\/rafael-vitti\/\" rel=\"nofollow noopener\" target=\"_blank\">Rafael Vitti<\/a>, combina drama, ternura y un mensaje esperanzador sobre <b>la amistad entre humanos y animales<\/b>.<\/p>\n<p>Tr\u00e1iler &#8216;Caramelo&#8217; de Netflix<\/p>\n<p><video id=\"vid-35802\" class=\"video-js vjs-default-skin\" data-title=\"Tr\u00e1iler 'Caramelo' de Netflix\" poster=\"https:\/\/www.ecartelera.com\/images\/videos\/35800\/f35802.jpg\" controls=\"\" preload=\"auto\" width=\"640\" height=\"360\" playsinline=\"\" data-vtt=\"\/\/v1.ecartelera.com\/video\/35800\/35802_sprite.vtt\" data-stream=\"1\">El navegador no soporta el tag de v\u00eddeo.<\/video><\/p>\n<p>X<\/p>\n<p>\u00bf<b>Est\u00e1 basada en hechos reales<\/b>? La respuesta es no, pero hay un secreto detr\u00e1s. &#8216;Caramelo&#8217; no adapta una historia real, aunque est\u00e1 inspirada en el v\u00ednculo emocional que se forma entre personas y animales, especialmente los perros. Freitas se apoy\u00f3 en experiencias universales -la lucha contra la enfermedad, el apoyo emocional, la adopci\u00f3n responsable- para construir una historia que dialoga con <b>realidades muy presentes en Brasil y en el mundo<\/b>.<\/p>\n<p>Aunque la trama no sea real, <b>el perro que da vida al protagonista de cuatro patas s\u00ed tiene una historia conmovedora<\/b>. Su nombre verdadero es Amendoim, un mestizo de pelaje dorado y mirada dulce que <b>fue rescatado de las calles por el propio director Diego Freitas<\/b> mientras buscaba a la estrella canina ideal:<\/p>\n<blockquote><p>\u00abLuego de tres meses, la producci\u00f3n acogi\u00f3 a Amendoim. Pero <b>para salir en la pantalla tuvo que pasar un riguroso adiestramiento<\/b> a cargo del entrenador Luis Estrelas y el especialista estadounidense Mike Miliotti\u00bb.<\/p><\/blockquote>\n<p>\t\t\t\t\t\t\t<img decoding=\"async\" loading=\"lazy\" src=\"https:\/\/www.europesays.com\/es\/wp-content\/uploads\/2025\/10\/244275_caramelo.jpg\" alt=\"El perro fue rescatado de las calles de Brasil\" width=\"1200\" height=\"675\"\/>\t<\/p>\n<p>\t\t\t\t\t\tEl perro fue rescatado de las calles de Brasil (Netflix)<\/p>\n<p>El filme tambi\u00e9n refleja la empat\u00eda canina. \u00ab<b>Los perros tienen la capacidad de comprender las emociones humanas y percibir su estado mental<\/b>\u00ab, seg\u00fan destaca un informe de NPR de 2024. En la pel\u00edcula, esta conexi\u00f3n se traduce en un lazo casi espiritual entre Pedro y Caramelo que trasciende el lenguaje.<\/p>\n<p>La historia de &#8216;Caramelo&#8217;<\/p>\n<p>La historia sigue a Pedro Dantas, un joven chef que finalmente logra alcanzar su sue\u00f1o profesional&#8230; hasta que un diagn\u00f3stico m\u00e9dico lo obliga a enfrentarse a la fragilidad de la vida. En ese momento aparece Caramelo, <b>un perro mestizo que se convertir\u00e1 en su fiel compa\u00f1ero y motor para seguir adelante<\/b>.<\/p>\n<p>\t\t\t\t\t\t\t<img decoding=\"async\" loading=\"lazy\" src=\"https:\/\/www.europesays.com\/es\/wp-content\/uploads\/2025\/10\/244279_caramelo.jpg\" alt=\"'Caramelo': Una historia de amistad entre perros y humanos\" width=\"1200\" height=\"831\"\/>\t<\/p>\n<p>\t\t\t\t\t\t&#8216;Caramelo&#8217;: Una historia de amistad entre perros y humanos (Netflix)<\/p>\n<p>&#8216;Caramelo&#8217; <b>est\u00e1 disponible en Netflix desde el 8 de octubre de 2025<\/b>. Una historia que, aunque nacida de la ficci\u00f3n, late con la verdad emocional de quienes encuentran en sus mascotas una raz\u00f3n para seguir adelante.<\/p>\n","protected":false},"excerpt":{"rendered":"Desde su estreno el 8 de octubre de 2025, &#8216;Caramelo&#8216; se ha mantenido entre las pel\u00edculas m\u00e1s vistas&hellip;\n","protected":false},"author":2,"featured_media":177186,"comment_status":"","ping_status":"","sticky":false,"template":"","format":"standard","meta":{"footnotes":""},"categories":[169],"tags":[1014,1015,1013,177,1011,146,147,25,24,782,176,1019,1016,175,753,1012,23,1017,1018],"class_list":{"0":"post-177185","1":"post","2":"type-post","3":"status-publish","4":"format-standard","5":"has-post-thumbnail","7":"category-cine","8":"tag-actores","9":"tag-actrices","10":"tag-cartelera","11":"tag-cine","12":"tag-ecartelera","13":"tag-entertainment","14":"tag-entretenimiento","15":"tag-es","16":"tag-espana","17":"tag-estrellas","18":"tag-film","19":"tag-fotogramas","20":"tag-fotos","21":"tag-movies","22":"tag-peliculas","23":"tag-pelis","24":"tag-spain","25":"tag-trailers","26":"tag-videos"},"share_on_mastodon":{"url":"","error":""},"_links":{"self":[{"href":"https:\/\/www.europesays.com\/es\/wp-json\/wp\/v2\/posts\/177185","targetHints":{"allow":["GET"]}}],"collection":[{"href":"https:\/\/www.europesays.com\/es\/wp-json\/wp\/v2\/posts"}],"about":[{"href":"https:\/\/www.europesays.com\/es\/wp-json\/wp\/v2\/types\/post"}],"author":[{"embeddable":true,"href":"https:\/\/www.europesays.com\/es\/wp-json\/wp\/v2\/users\/2"}],"replies":[{"embeddable":true,"href":"https:\/\/www.europesays.com\/es\/wp-json\/wp\/v2\/comments?post=177185"}],"version-history":[{"count":0,"href":"https:\/\/www.europesays.com\/es\/wp-json\/wp\/v2\/posts\/177185\/revisions"}],"wp:featuredmedia":[{"embeddable":true,"href":"https:\/\/www.europesays.com\/es\/wp-json\/wp\/v2\/media\/177186"}],"wp:attachment":[{"href":"https:\/\/www.europesays.com\/es\/wp-json\/wp\/v2\/media?parent=177185"}],"wp:term":[{"taxonomy":"category","embeddable":true,"href":"https:\/\/www.europesays.com\/es\/wp-json\/wp\/v2\/categories?post=177185"},{"taxonomy":"post_tag","embeddable":true,"href":"https:\/\/www.europesays.com\/es\/wp-json\/wp\/v2\/tags?post=177185"}],"curies":[{"name":"wp","href":"https:\/\/api.w.org\/{rel}","templated":true}]}}