{"id":177197,"date":"2025-10-14T22:56:07","date_gmt":"2025-10-14T22:56:07","guid":{"rendered":"https:\/\/www.europesays.com\/es\/177197\/"},"modified":"2025-10-14T22:56:07","modified_gmt":"2025-10-14T22:56:07","slug":"si-no-se-desarman-nosotros-los-desarmaremos-quiza-con-violencia","status":"publish","type":"post","link":"https:\/\/www.europesays.com\/es\/177197\/","title":{"rendered":"\u00abSi no se desarman, nosotros los desarmaremos, quiz\u00e1 con violencia\u00bb"},"content":{"rendered":"<p>14\/10\/2025<br \/>\n<br \/><strong><br \/>\nActualizado a las 20:59h.<br \/>\n<\/strong><\/p>\n<p class=\"voc-p\" style=\"\">Donald Trump ha defendido este lunes desde la Casa Blanca que si Ham\u00e1s no acepta desarmarse, EE.UU. forzar\u00e1 a la organizaci\u00f3n terrorista que controla Ham\u00e1s a hacerlo.<\/p>\n<p class=\"voc-p\" style=\"\">El presidente de EE.UU. fue preguntado sobre qu\u00e9 garant\u00edas hay de que Ham\u00e1s dar\u00e1 ese paso,  &#8230; uno de los que provocan m\u00e1s dudas sobre la llamada segunda fase del proceso de plan de &#8217;20 pasos&#8217; que impulsa el multimillonario neoyorquino, y que incluye el establecimiento de un Gobierno de transici\u00f3n liderado por tecn\u00f3cratas palestinos, la creaci\u00f3n de unas fuerzas de seguridad de estabilizaci\u00f3n o el desmantelamiento de Ham\u00e1s.<\/p>\n<p class=\"voc-p\" style=\"\">\u00abPorque dijeron que se van a desarmar\u00bb, respondi\u00f3 Trump. \u00abY si no se desarman, nosotros los desarmaremos\u00bb, amenaz\u00f3. Preguntado sobre c\u00f3mo har\u00e1 eso, algo que supondr\u00eda una implicaci\u00f3n militar directa de EE.UU. en Palestina, algo que Trump siempre ha rechazado de forma frontal, el multimillonario neoyorquino no respondi\u00f3.<\/p>\n<p class=\"voc-p\" style=\"\">Tampoco quiso decir si ha impuesto un plazo a Ham\u00e1s para que d\u00e9 ese paso. \u00abBastante r\u00e1pido, algo razonable\u00bb, se limit\u00f3 a decir. <\/p>\n<p class=\"voc-p\" style=\"\">Trump dijo que hab\u00eda hablado con Ham\u00e1s a trav\u00e9s de sus negociadores y que su respuesta al respecto fue \u00abse\u00f1or, nos vamos a desarmar\u00bb.<\/p>\n<p class=\"voc-p\" style=\"\">\u00abY si no lo hacen, los desarmaremos nosotros y ocurrir\u00e1 r\u00e1pido y, quiz\u00e1, de forma violenta. Pero se desarmar\u00e1n\u00bb, insisti\u00f3 el presidente de EE.UU., de nuevo, sin dar ning\u00fan detalle al respecto.<\/p>\n<p><img loading=\"lazy\" decoding=\"async\" width=\"530\" height=\"64\" class=\"logo-premium\" src=\"data:image\/gif;base64,R0lGODlhAQABAAAAACH5BAEKAAEALAAAAAABAAEAAAICTAEAOw==\" alt=\"ABC Premium\"\/><br \/>\nL\u00edmite de sesiones alcanzadas<\/p>\n<ul class=\"listado\">\n<li>El acceso al contenido Premium est\u00e1 abierto por cortes\u00eda del establecimiento donde te encuentras, pero ahora mismo hay demasiados usuarios conectados a la vez. Por favor, int\u00e9ntalo pasados unos minutos.<\/li>\n<\/ul>\n<p>Volver a intentar<\/p>\n<p><img loading=\"lazy\" decoding=\"async\" width=\"530\" height=\"64\" class=\"logo-premium\" src=\"data:image\/gif;base64,R0lGODlhAQABAAAAACH5BAEKAAEALAAAAAABAAEAAAICTAEAOw==\" alt=\"ABC Premium\"\/><br \/>\nHas superado el l\u00edmite de sesiones<\/p>\n<ul class=\"listado\">\n<li>S\u00f3lo puedes tener tres sesiones iniciadas a la vez. Hemos cerrado la sesi\u00f3n m\u00e1s antigua para que sigas navegando sin l\u00edmites en el resto.<\/li>\n<\/ul>\n<p>Sigue navegando<\/p>\n<p>\nArt\u00edculo solo para suscriptores\n<\/p>\n<p>Reportar un error<\/p>\n","protected":false},"excerpt":{"rendered":"14\/10\/2025 Actualizado a las 20:59h. Donald Trump ha defendido este lunes desde la Casa Blanca que si Ham\u00e1s&hellip;\n","protected":false},"author":2,"featured_media":177198,"comment_status":"","ping_status":"","sticky":false,"template":"","format":"standard","meta":{"footnotes":""},"categories":[42],"tags":[17,18,50690,50691,13,14,75,11,61,62,63,64,19,20,9,10,15,16,50692,57,12,936,21,22,432,65,66,67],"class_list":{"0":"post-177197","1":"post","2":"type-post","3":"status-publish","4":"format-standard","5":"has-post-thumbnail","7":"category-internacional","8":"tag-breaking-news","9":"tag-breakingnews","10":"tag-desarman","11":"tag-desarmaremos","12":"tag-featured-news","13":"tag-featurednews","14":"tag-hamas","15":"tag-headlines","16":"tag-internacional","17":"tag-international","18":"tag-international-news","19":"tag-internationalnews","20":"tag-latest-news","21":"tag-latestnews","22":"tag-news","23":"tag-noticias","24":"tag-noticias-destacadas","25":"tag-noticiasdestacadas","26":"tag-quiza","27":"tag-sobre","28":"tag-titulares","29":"tag-trump","30":"tag-ultimas-noticias","31":"tag-ultimasnoticias","32":"tag-violencia","33":"tag-world","34":"tag-world-news","35":"tag-worldnews"},"share_on_mastodon":{"url":"","error":""},"_links":{"self":[{"href":"https:\/\/www.europesays.com\/es\/wp-json\/wp\/v2\/posts\/177197","targetHints":{"allow":["GET"]}}],"collection":[{"href":"https:\/\/www.europesays.com\/es\/wp-json\/wp\/v2\/posts"}],"about":[{"href":"https:\/\/www.europesays.com\/es\/wp-json\/wp\/v2\/types\/post"}],"author":[{"embeddable":true,"href":"https:\/\/www.europesays.com\/es\/wp-json\/wp\/v2\/users\/2"}],"replies":[{"embeddable":true,"href":"https:\/\/www.europesays.com\/es\/wp-json\/wp\/v2\/comments?post=177197"}],"version-history":[{"count":0,"href":"https:\/\/www.europesays.com\/es\/wp-json\/wp\/v2\/posts\/177197\/revisions"}],"wp:featuredmedia":[{"embeddable":true,"href":"https:\/\/www.europesays.com\/es\/wp-json\/wp\/v2\/media\/177198"}],"wp:attachment":[{"href":"https:\/\/www.europesays.com\/es\/wp-json\/wp\/v2\/media?parent=177197"}],"wp:term":[{"taxonomy":"category","embeddable":true,"href":"https:\/\/www.europesays.com\/es\/wp-json\/wp\/v2\/categories?post=177197"},{"taxonomy":"post_tag","embeddable":true,"href":"https:\/\/www.europesays.com\/es\/wp-json\/wp\/v2\/tags?post=177197"}],"curies":[{"name":"wp","href":"https:\/\/api.w.org\/{rel}","templated":true}]}}