{"id":177203,"date":"2025-10-14T22:59:08","date_gmt":"2025-10-14T22:59:08","guid":{"rendered":"https:\/\/www.europesays.com\/es\/177203\/"},"modified":"2025-10-14T22:59:08","modified_gmt":"2025-10-14T22:59:08","slug":"kevin-armas-ub-ciutel-queremos-empezar-la-temporada-con-ilusion","status":"publish","type":"post","link":"https:\/\/www.europesays.com\/es\/177203\/","title":{"rendered":"Kevin Armas (UB Ciutel): \u201cQueremos empezar la temporada con ilusi\u00f3n\u201d"},"content":{"rendered":"<p style=\"text-align:justify;\">Semana importante para el UB Ciutel Ciudad de Telde. Dos a\u00f1os despu\u00e9s de su fundaci\u00f3n en 2023, el equipo teldense debuta este s\u00e1bado ante el Canared La Perdoma a las 16.00 horas en la categor\u00eda s\u00e9nior insular, donde la ciudad llevaba dos temporadas consecutiva sin representaci\u00f3n.<\/p>\n<p style=\"text-align:justify;\">\u00a0<\/p>\n<p style=\"text-align:justify;\">Kevin Armas, entrenador del equipo, ha concedido una entrevista a TELDEACTUALIDAD\u00a0 a falta de cuatro d\u00edas para el inicio de una liga cuyo objetivo principal propuesto por \u00e9l mismo es alcanzar la final a cuatro que les otorgue una plaza para la fase de ascenso a Primera Nacional.<\/p>\n<p style=\"text-align:justify;\">\u00a0<\/p>\n<p style=\"text-align:justify;\"><strong>\u2014\u00bfC\u00f3mo afrontan esta semana de la primera jornada de Liga?<\/strong><br \/>La palabra es ilusi\u00f3n. Afrontamos el inicio de la competici\u00f3n con mucha ilusi\u00f3n y con muchas ganas de que llegue el primer compromiso. Sabemos que los comienzos marcan mucho el camino de una temporada: hacia d\u00f3nde vas, si tiras hacia arriba o si te quedas un poco m\u00e1s abajo. Por eso lo afrontamos con ganas, con responsabilidad y con la esperanza de que este primer partido nos d\u00e9 impulso para lo que viene.<\/p>\n<p>\u00a0\n<\/p>\n<p style=\"text-align:justify;\"><strong>\u2014\u00bfHab\u00eda ganas por parte del club de tener un equipo de categor\u00eda territorial?<\/strong><br \/>S\u00ed, adem\u00e1s de ganas, cre\u00edamos que era una necesidad para poder trazar el camino del futuro. Tener un equipo auton\u00f3mico \u2014territorial en este caso\u2014 con jugadores veteranos, muchos de ellos con experiencia en fases de ascenso y algunos incluso en Primera Nacional, puede servir como espejo para las generaciones que vienen detr\u00e1s. Queremos que nuestros equipos infantiles, cadetes, juveniles, benjamines e incluso alevines vean que existe un sitio donde llegar, un proyecto al que aspirar.<\/p>\n<p style=\"text-align:justify;\">\u00a0<\/p>\n<p style=\"text-align:justify;\"><strong>\u2014Precisamente por la pretemporada quer\u00eda preguntar: \u00bfc\u00f3mo ha sido toda esta fase de preparaci\u00f3n desde septiembre hasta hoy?<\/strong><br \/>Ha sido un poco loca. Hemos tenido entrenamientos muy tarde y nos ha costado atraer a alg\u00fan jugador que elevara el nivel de la plantilla. Sab\u00edamos que no hab\u00eda mucho donde elegir, pero gracias al arraigo con la ciudad de Telde y al compromiso de los jugadores con este proyecto, algunos se sumaron. Muchos han sido compa\u00f1eros m\u00edos y otros se interesaron por la idea de que existiera un equipo auton\u00f3mico masculino en Telde.<br \/>Gracias a eso hemos podido formar una plantilla competitiva. Muchos automatismos ya estaban adquiridos porque hab\u00edamos compartido vestuario en el pasado, aunque no hemos podido hacer una pretemporada muy larga, la verdad.<\/p>\n<p style=\"text-align:justify;\">\u00a0<\/p>\n<p style=\"text-align:justify;\"><strong>\u2014Especialmente en materia de canchas, que han estado muy mermadas, \u00bfno?<\/strong><br \/>S\u00ed, s\u00ed. Solo podemos entrenar dos d\u00edas a la semana. Aun as\u00ed, quiero agradecer a quienes nos han ayudado a conseguir esos espacios, porque sabemos lo complicada que es la situaci\u00f3n de las instalaciones en Telde. Pero si el proyecto quiere ser m\u00e1s ambicioso, necesitamos alg\u00fan d\u00eda m\u00e1s de entrenamiento, aunque sea en otro pabell\u00f3n del municipio. No nos importa desplazarnos a cualquier parte de Telde si con eso podemos crecer.<\/p>\n<p style=\"text-align:justify;\">\u00a0<\/p>\n<p style=\"text-align:justify;\"><strong>\u2014\u00bfEntrenar en un pabell\u00f3n distinto al Juan Carlos Hern\u00e1ndez, con una superficie diferente, supone una dificultad a\u00f1adida?<\/strong><br \/>Probablemente s\u00ed. Los jugadores y el propio cuerpo t\u00e9cnico coincidimos en que lo ideal ser\u00eda entrenar donde disputamos los partidos. Eso genera una sinergia entre la plantilla y la pista que no se logra si entrenamos en un sitio y competimos en otro. De todos modos, cuando montamos este proyecto sab\u00edamos que ten\u00edamos que adaptarnos a lo que hubiera. Este a\u00f1o es un poco de transici\u00f3n en ese sentido, y asumimos que toca adaptarse y seguir trabajando.<\/p>\n<p style=\"text-align:justify;\">\u00a0<\/p>\n<p style=\"text-align:justify;\"><strong>\u2014H\u00e1bleme de la plantilla. \u00bfQu\u00e9 grupo ha podido conformar?<\/strong><br \/>Es una plantilla que combina jugadores j\u00f3venes con otros veteranos. Y digo \u201cbien j\u00f3venes\u201d porque hay chicos que, pese a su edad, tienen m\u00e1s partidos que muchos veteranos. Si hablamos de Alejandro Ortega \u201cRoli\u201d. Ha sido portero en el Telde y en el Juventud Las Palmas y acumula m\u00e1s de 300 partidos en la categor\u00eda. Josimar Mart\u00edn, central, tambi\u00e9n ronda los 350 y empez\u00f3 muy joven. Nairobi Armas, en el lateral izquierdo, es otro nombre importante. En el lateral derecho est\u00e1 Javier Hern\u00e1ndez, y tambi\u00e9n contamos con Kei Morales, cuyas cifras goleadoras en territoriales, con Moya, superan el centenar de tantos.<\/p>\n<p style=\"text-align:justify;\">En los extremos combinamos juventud y experiencia: Rub\u00e9n de Le\u00f3n, que ha jugado en Primera Nacional con el Vecindario, y Abraham Tajsma, extremo derecho con varias fases de ascenso y muchos a\u00f1os en Las Remudas. En conjunto, creo que tenemos una plantilla muy competitiva para la categor\u00eda.<\/p>\n<p style=\"text-align:justify;\">\u00a0<\/p>\n<p style=\"text-align:justify;\"><strong>\u2014Si tuviera que fijar un objetivo claro para la plantilla, \u00bfcu\u00e1l ser\u00eda?<\/strong><br \/>Meternos en la final four, sin duda. Este a\u00f1o el formato de competici\u00f3n ha cambiado: es interinsular, todos contra todos, algo que muchos clubes llev\u00e1bamos tiempo pidiendo a la Federaci\u00f3n Canaria. Finalmente se aprob\u00f3 en la Asamblea. Los cuatro primeros jugar\u00e1n una final four en sede \u00fanica, y el campe\u00f3n disputar\u00e1 la fase estatal o fase de ascenso a Primera Nacional.<\/p>\n<p style=\"text-align:justify;\">Nuestro objetivo m\u00ednimo es clasificarnos entre esos cuatro primeros. El club nos apoya en todo y siempre tiene una predisposici\u00f3n total, pero como grupo nos hemos impuesto esa exigencia personal y colectiva: estar en la final four.<\/p>\n<p style=\"text-align:justify;\">\u00a0<\/p>\n<p style=\"text-align:justify;\"><strong>\u2014\u00bfCu\u00e1les dir\u00eda que son las principales fortalezas y debilidades del equipo?<\/strong><br \/>Nuestra fortaleza debe ser la defensa. Tenemos muy buena porter\u00eda: tanto Alberto como Roli est\u00e1n curtidos en muchas batallas. Alberto, adem\u00e1s, jug\u00f3 con la selecci\u00f3n canaria en los Juegos de las Islas.<br \/>Debemos ser un equipo s\u00f3lido atr\u00e1s, con rigor defensivo y capacidad para correr. El balonmano moderno ya no se gana solo con calidad individual. Antes un jugador bueno pod\u00eda decidir un partido, pero hoy eso es casi imposible. Ahora se necesitan jugadores explosivos, capaces de atacar y defender sin cambios, de ida y vuelta. Ese es el perfil que hemos buscado y el tipo de jugador que tenemos.<\/p>\n<p style=\"text-align:justify;\">\u00a0<\/p>\n<p style=\"text-align:justify;\"><strong>\u2014\u00bfQu\u00e9 visi\u00f3n tiene del partido de este s\u00e1bado ante La Perdoma, su primer rival en la competici\u00f3n?<\/strong><br \/>La Perdoma lleva a\u00f1os trabajando bien. Tiene un grupo muy consolidado que lleva mucho tiempo jugando junto y que sabe competir. Destaca su lateral izquierdo, un jugador de m\u00e1s de metro noventa con una gran capacidad de lanzamiento y que suele firmar cifras importantes cada temporada. Tambi\u00e9n tienen un central experimentado que conoce perfectamente la categor\u00eda, y combinan esa veteran\u00eda con gente joven y con hambre que ha pasado por selecciones canarias. No ser\u00e1 un partido f\u00e1cil. Los inicios de competici\u00f3n nunca lo son, pero estamos preparados para intentar llevarnos los dos puntos, que ser\u00e1n muy importantes para marcar el camino.<\/p>\n<p style=\"text-align:justify;\">\u00a0<\/p>\n<p style=\"text-align:justify;\"><strong>\u2014\u00bfC\u00f3mo valora el nivel general de la Liga y el resto de los equipos?<\/strong><br \/>Creo que ser\u00e1 una de las temporadas m\u00e1s disputadas de los \u00faltimos seis o siete a\u00f1os. Fuerteventura se ha reforzado bien y cuenta con un \u00fanico equipo masculino en la isla, lo que concentra mucho talento. El G\u00e1ldar, que trabaja muy bien la base y compite en Primera Nacional, siempre es un rival exigente. Ingenio y Romade tambi\u00e9n se han reforzado.<\/p>\n<p style=\"text-align:justify;\">En Tenerife habr\u00e1 cinco equipos y ganar all\u00ed nunca es f\u00e1cil. En esta Liga, en un buen d\u00eda puedes ganar y en un mal d\u00eda puedes perder con cualquiera. Esa igualdad har\u00e1 que cada punto sea muy valioso.<\/p>\n<p style=\"text-align:justify;\">\u00a0<\/p>\n<p style=\"text-align:justify;\"><strong>\u2014\u00bfHay ilusi\u00f3n en la plantilla?<\/strong><br \/>S\u00ed, por supuesto. Hay mucha ilusi\u00f3n, y eso tiene que ver con el arraigo. El arraigo es fundamental en el deporte. Hace poco ve\u00eda un reportaje sobre un portero de f\u00fatbol que detuvo una falta a Maradona, y pens\u00e9 en lo que representa sentir pertenencia a algo. Cuando algo te motiva de verdad y sientes que formas parte de ello, te entregas m\u00e1s. A m\u00ed me pasa con el barrio de Jin\u00e1mar y con Telde: jugar ante nuestra gente y nuestra afici\u00f3n es una motivaci\u00f3n extra. Es un reto muy ilusionante y esperamos estar a la altura.<\/p>\n<p style=\"text-align:justify;\">\u00a0<\/p>\n<p style=\"text-align:justify;\"><strong>\u2014\u00bfSe imaginaba un debut como este hace un par de a\u00f1os, cuando se fund\u00f3 el club?<\/strong><br \/>Siempre lo digo: esto lo so\u00f1\u00e9. Desde que naci\u00f3 el club ten\u00eda claro que quer\u00eda construir una estructura s\u00f3lida. El a\u00f1o pasado, los equipos de base que dirig\u00eda \u2014el infantil y el cadete\u2014 entendieron muy r\u00e1pido la idea y empezaron a ganar muchos partidos. La competici\u00f3n nos reconoci\u00f3 con el premio a la gesta deportiva masculina, algo que no hab\u00eda visto antes en categor\u00edas de base.<\/p>\n<p style=\"text-align:justify;\">Con esos cimientos me pregunt\u00e9: \u201c\u00bfY por qu\u00e9 no?\u201d. \u00bfPor qu\u00e9 no dar el paso y tener un equipo auton\u00f3mico? \u00bfPor qu\u00e9 no cubrir la necesidad de que haya un primer equipo al que nuestros chicos puedan aspirar? \u00bfPor qu\u00e9 no luchar alg\u00fan d\u00eda por una categor\u00eda estatal?<\/p>\n<p style=\"text-align:justify;\">Yo siempre les dec\u00eda que lo so\u00f1aba, que so\u00f1aba con dirigir este equipo, competir en territorial e intentar una fase de ascenso. Ese es el siguiente paso, y vamos a pelear por conseguirlo.<\/p>\n","protected":false},"excerpt":{"rendered":"Semana importante para el UB Ciutel Ciudad de Telde. Dos a\u00f1os despu\u00e9s de su fundaci\u00f3n en 2023, el&hellip;\n","protected":false},"author":2,"featured_media":177204,"comment_status":"","ping_status":"","sticky":false,"template":"","format":"standard","meta":{"footnotes":""},"categories":[278],"tags":[376,1896,6219,26502,209,168,7051,1180,2958,25,2586,32619,24,41854,18496,41855,1897,375,1854,41851,32605,11741,12728,3641,6238,41852,10,1925,2330,41856,41853,492,23,167,29725,41850,1370,159,12,1529,21],"class_list":{"0":"post-177203","1":"post","2":"type-post","3":"status-publish","4":"format-standard","5":"has-post-thumbnail","7":"category-balonmano","8":"tag-balonmano","9":"tag-canarias","10":"tag-canary-islands","11":"tag-cartas-al-director","12":"tag-cultura","13":"tag-deportes","14":"tag-diario-digital","15":"tag-editorial","16":"tag-entrevistas","17":"tag-es","18":"tag-espaa","19":"tag-espagne","20":"tag-espana","21":"tag-fotodenuncia","22":"tag-fuerteventura","23":"tag-gomera","24":"tag-gran-canaria","25":"tag-handball","26":"tag-hierro","27":"tag-informacin","28":"tag-informacion-general","29":"tag-islas-canarias","30":"tag-la-palma","31":"tag-lanzarote","32":"tag-las-palmas","33":"tag-majadero","34":"tag-noticias","35":"tag-opinion","36":"tag-prensa","37":"tag-prensa-espaola","38":"tag-pulsometro","39":"tag-sociedad","40":"tag-spain","41":"tag-sports","42":"tag-telde","43":"tag-teldeactualidad","44":"tag-tenerife","45":"tag-tiempo","46":"tag-titulares","47":"tag-ultima-hora","48":"tag-ultimas-noticias"},"share_on_mastodon":{"url":"","error":""},"_links":{"self":[{"href":"https:\/\/www.europesays.com\/es\/wp-json\/wp\/v2\/posts\/177203","targetHints":{"allow":["GET"]}}],"collection":[{"href":"https:\/\/www.europesays.com\/es\/wp-json\/wp\/v2\/posts"}],"about":[{"href":"https:\/\/www.europesays.com\/es\/wp-json\/wp\/v2\/types\/post"}],"author":[{"embeddable":true,"href":"https:\/\/www.europesays.com\/es\/wp-json\/wp\/v2\/users\/2"}],"replies":[{"embeddable":true,"href":"https:\/\/www.europesays.com\/es\/wp-json\/wp\/v2\/comments?post=177203"}],"version-history":[{"count":0,"href":"https:\/\/www.europesays.com\/es\/wp-json\/wp\/v2\/posts\/177203\/revisions"}],"wp:featuredmedia":[{"embeddable":true,"href":"https:\/\/www.europesays.com\/es\/wp-json\/wp\/v2\/media\/177204"}],"wp:attachment":[{"href":"https:\/\/www.europesays.com\/es\/wp-json\/wp\/v2\/media?parent=177203"}],"wp:term":[{"taxonomy":"category","embeddable":true,"href":"https:\/\/www.europesays.com\/es\/wp-json\/wp\/v2\/categories?post=177203"},{"taxonomy":"post_tag","embeddable":true,"href":"https:\/\/www.europesays.com\/es\/wp-json\/wp\/v2\/tags?post=177203"}],"curies":[{"name":"wp","href":"https:\/\/api.w.org\/{rel}","templated":true}]}}