{"id":177211,"date":"2025-10-14T23:05:09","date_gmt":"2025-10-14T23:05:09","guid":{"rendered":"https:\/\/www.europesays.com\/es\/177211\/"},"modified":"2025-10-14T23:05:09","modified_gmt":"2025-10-14T23:05:09","slug":"donde-ver-la-pelicula-de-la-formula-1","status":"publish","type":"post","link":"https:\/\/www.europesays.com\/es\/177211\/","title":{"rendered":"\u00bfD\u00f3nde ver la pel\u00edcula de la F\u00f3rmula 1?"},"content":{"rendered":"<p itemprop=\"description\" class=\"sc__font-paragraph\">Despu\u00e9s de romper la taquilla con una recaudaci\u00f3n de <b>630 millones de d\u00f3lares<\/b>, la <b>pel\u00edcula de la F\u00f3rmula 1<\/b> dirigida por <b>Joseph Kosinski<\/b> llega a la pantalla chica. Con un presupuesto estimado entre <b>200 y 300 millones de d\u00f3lares<\/b>, el filme logr\u00f3 superar las expectativas como uno de los estrenos m\u00e1s exitosos del a\u00f1o.<\/p>\n<p itemprop=\"description\" class=\"sc__font-paragraph\">Kosinski, conocido por su trabajo en Top Gun: Maverick, trabaj\u00f3 de la mano con <b>Lewis Hamilton<\/b> para llevar a los fans del automovilismo una historia dentro de los pits siendo lo m\u00e1s realista posible.<\/p>\n<p><img decoding=\"async\" width=\"0\" height=\"620\" class=\"story__img block w-full h-auto md:h-full object-cover\" src=\"https:\/\/www.europesays.com\/es\/wp-content\/uploads\/2025\/10\/NYBGADV2I5G7HEWNUS4DO2VADY.jpg\" alt=\"Horarios y fechas del Gran Premio de Singapur \/ Foto: EFE\" auth=\"41579052137ceceb1c7b6370d0651c95a5655de7d56f89e62170b8850cc51c14\" loading=\"eager\" fetchpriority=\"high\"\/><\/p>\n<p>Horarios y fechas del Gran Premio de Singapur \/ Foto: EFE<\/p>\n<p itemprop=\"description\" class=\"sc__font-paragraph\">La pel\u00edcula se desarrolla en el universo de las <b>carreras de la F\u00f3rmula 1<\/b>, con la participaci\u00f3n de los verdaderos <b>pilotos y equipos<\/b>. Permitiendonos conocer de cerca el mundo de los monoplazas, las escuder\u00edas y la intensidad detr\u00e1s de cada Gran Premio.<\/p>\n<p itemprop=\"description\" class=\"sc__font-paragraph\">El protagonista, interpretado por <b>Brad Pitt<\/b>, encarna a un veterano piloto que, al estilo de <b>Fernando Alonso<\/b>, decide regresar a las pistas tras competir en las 24 Horas de Daytona. Con escenas filmadas en circuitos oficiales.<\/p>\n<p itemprop=\"description\" class=\"sc__font-paragraph\"><b>Leer tambi\u00e9n<\/b><a itemprop=\"url\" href=\"https:\/\/www.eluniversal.com.mx\/autopistas\/cupra-leon-y-formentor-190-y-terramar-phev-en-mexico\/\" rel=\"nofollow noopener\" target=\"_blank\"><b>CUPRA Le\u00f3n y Formentor 190 y Terramar PHEV en M\u00e9xico<\/b><\/a><\/p>\n<p itemprop=\"description\" class=\"sc__font-paragraph\">La <b>pel\u00edcula de F\u00f3rmula 1<\/b> es una producci\u00f3n conjunta de <b>Apple Original Films<\/b> y <b>Warner Bros. Pictures<\/b> y con el apoyo directo de la <b>FIA<\/b>.<\/p>\n<p itemprop=\"description\" class=\"sc__font-paragraph\">Uno de los escenarios es en el <b>Gran Premio de M\u00e9xico<\/b>, donde participaron figuras como <b>Checo P\u00e9rez<\/b>, <b>Max Verstappen<\/b> y el propio <b>Lewis Hamilton<\/b>. <\/p>\n<p itemprop=\"description\" class=\"sc__font-paragraph\">Si eres de los que prefieren disfrutar las pel\u00edculas desde casa \u2014ya sea por el precio de las palomitas o por falta de tiempo\u2014. De acuerdo con <b>Variety<\/b>, la cinta estar\u00e1 disponible en <b>Apple TV+<\/b> a partir del <b>12 de diciembre<\/b>.<\/p>\n<p itemprop=\"description\" class=\"sc__font-paragraph\">As\u00ed que, si eres amante del <b>deporte motor<\/b> o simplemente disfrutas de una buena historia con acci\u00f3n y emoci\u00f3n, esta <b>pel\u00edcula de la F\u00f3rmula 1 protagonizada por Brad Pitt<\/b> es una cita obligada.<\/p>\n<p itemprop=\"description\" class=\"sc__font-paragraph\"><b>Leer tambi\u00e9n <\/b><a itemprop=\"url\" href=\"https:\/\/www.eluniversal.com.mx\/autopistas\/nuevo-chevrolet-bolt-2027-en-que-cambia\/\" rel=\"nofollow noopener\" target=\"_blank\"><b>Nuevo Chevrolet Bolt 2027, en qu\u00e9 cambia<\/b><\/a><\/p>\n<p itemprop=\"description\" class=\"sc__font-paragraph\">Recibe todos los viernes Hello Weekend, nuestro newsletter con lo \u00faltimo en gastronom\u00eda, viajes, tecnolog\u00eda, autos, moda y belleza. Suscr\u00edbete aqu\u00ed: <a itemprop=\"url\" href=\"https:\/\/www.eluniversal.com.mx\/newsletters\/\" rel=\"nofollow noopener\" target=\"_blank\">https:\/\/www.eluniversal.com.mx\/newsletters<\/a><\/p>\n<p><a itemprop=\"url\" href=\"https:\/\/www.eluniversal.com.mx\/autopistas\/cuantos-kilometros-rinde-un-litro-de-gasolina\/\" class=\"event-cardsEmbed\" data-link=\"https:\/\/www.eluniversal.com.mx\/autopistas\/cuantos-kilometros-rinde-un-litro-de-gasolina\/\" data-seccion=\"\/autopistas\" data-id=\"KKIFDDMMZBA3PL2USF7PKZAHDI\" data-date=\"2025-10-14T18:45:52.465Z\" data-title=\"Cu\u00e1ntos kil\u00f3metros rinde un litro de gasolina\" data-imagen=\"https:\/\/cloudfront-us-east-1.images.arcpublishing.com\/eluniversal\/6664OYCKKVAYRIJ2BDOM3ZY4YI.jpg\" rel=\"nofollow noopener\" target=\"_blank\"><img decoding=\"async\" width=\"360\" height=\"269\" alt=\"Cu\u00e1ntos kil\u00f3metros rinde un litro de gasolina\" src=\"https:\/\/www.europesays.com\/es\/wp-content\/uploads\/2025\/10\/6664OYCKKVAYRIJ2BDOM3ZY4YI.jpg\" class=\"story__img block w-full h-auto md:h-full object-cover\" loading=\"lazy\"\/><\/a><\/p>\n","protected":false},"excerpt":{"rendered":"Despu\u00e9s de romper la taquilla con una recaudaci\u00f3n de 630 millones de d\u00f3lares, la pel\u00edcula de la F\u00f3rmula&hellip;\n","protected":false},"author":2,"featured_media":177212,"comment_status":"","ping_status":"","sticky":false,"template":"","format":"standard","meta":{"footnotes":""},"categories":[270],"tags":[50696,168,50694,50695,25,24,306,50693,271,50697,272,50698,23,167],"class_list":{"0":"post-177211","1":"post","2":"type-post","3":"status-publish","4":"format-standard","5":"has-post-thumbnail","7":"category-formula-1","8":"tag-apple-tv-y-la-f1","9":"tag-deportes","10":"tag-donde-ver-la-formula-1","11":"tag-en-que-programa-ver-la-f1","12":"tag-es","13":"tag-espana","14":"tag-f1","15":"tag-f1-en-apple-tv","16":"tag-formula-1","17":"tag-formula-1-y-apple-tv","18":"tag-formula1","19":"tag-la-nueva-pelicula-de-la-f1","20":"tag-spain","21":"tag-sports"},"share_on_mastodon":{"url":"","error":""},"_links":{"self":[{"href":"https:\/\/www.europesays.com\/es\/wp-json\/wp\/v2\/posts\/177211","targetHints":{"allow":["GET"]}}],"collection":[{"href":"https:\/\/www.europesays.com\/es\/wp-json\/wp\/v2\/posts"}],"about":[{"href":"https:\/\/www.europesays.com\/es\/wp-json\/wp\/v2\/types\/post"}],"author":[{"embeddable":true,"href":"https:\/\/www.europesays.com\/es\/wp-json\/wp\/v2\/users\/2"}],"replies":[{"embeddable":true,"href":"https:\/\/www.europesays.com\/es\/wp-json\/wp\/v2\/comments?post=177211"}],"version-history":[{"count":0,"href":"https:\/\/www.europesays.com\/es\/wp-json\/wp\/v2\/posts\/177211\/revisions"}],"wp:featuredmedia":[{"embeddable":true,"href":"https:\/\/www.europesays.com\/es\/wp-json\/wp\/v2\/media\/177212"}],"wp:attachment":[{"href":"https:\/\/www.europesays.com\/es\/wp-json\/wp\/v2\/media?parent=177211"}],"wp:term":[{"taxonomy":"category","embeddable":true,"href":"https:\/\/www.europesays.com\/es\/wp-json\/wp\/v2\/categories?post=177211"},{"taxonomy":"post_tag","embeddable":true,"href":"https:\/\/www.europesays.com\/es\/wp-json\/wp\/v2\/tags?post=177211"}],"curies":[{"name":"wp","href":"https:\/\/api.w.org\/{rel}","templated":true}]}}