{"id":177244,"date":"2025-10-14T23:23:08","date_gmt":"2025-10-14T23:23:08","guid":{"rendered":"https:\/\/www.europesays.com\/es\/177244\/"},"modified":"2025-10-14T23:23:08","modified_gmt":"2025-10-14T23:23:08","slug":"cambios-en-la-cuadrilla-de-emilio-de-justo","status":"publish","type":"post","link":"https:\/\/www.europesays.com\/es\/177244\/","title":{"rendered":"Cambios en la cuadrilla de Emilio de Justo"},"content":{"rendered":"<p>El matador de toros extreme\u00f1o <strong>Emilio de Justo<\/strong> comenzar\u00e1 la temporada venidera con dos nuevos toreros en su cuadrilla, pues han salido de ella <strong>el picador de toros Germ\u00e1n Gonz\u00e1lez<\/strong> despu\u00e9s de nueve a\u00f1os, as\u00ed tambi\u00e9n saldr\u00e1 de sus filas el banderillero Morenito De Arles despu\u00e9s de siete a\u00f1os con el matador de toros De Justo.<\/p>\n<p>De esta forma por lo pronto ambos quedar\u00e1n libres para la temporada 2026. Recordar que <strong>Emilio de Justo<\/strong> ha dado por terminada su temporada debido a que se fractur\u00f3 dos costillas en la parte izquierda de su cuerpo al ser cogido en la Plaza de toros de Las Ventas de Madrid.<\/p>\n<p><strong>Emilio<\/strong> ha sido uno de los toreros triunfadores de la temporada 2025 con \u00e9xitos muy importantes en distintas plazas de Espa\u00f1a y Francia.<\/p>\n<p>Informaci\u00f3n: ROGELIO BURNAO.<\/p>\n","protected":false},"excerpt":{"rendered":"El matador de toros extreme\u00f1o Emilio de Justo comenzar\u00e1 la temporada venidera con dos nuevos toreros en su&hellip;\n","protected":false},"author":2,"featured_media":177245,"comment_status":"","ping_status":"","sticky":false,"template":"","format":"standard","meta":{"footnotes":""},"categories":[277],"tags":[373,168,25,24,23,167,374],"class_list":{"0":"post-177244","1":"post","2":"type-post","3":"status-publish","4":"format-standard","5":"has-post-thumbnail","7":"category-toreo","8":"tag-bullfighting","9":"tag-deportes","10":"tag-es","11":"tag-espana","12":"tag-spain","13":"tag-sports","14":"tag-toreo"},"share_on_mastodon":{"url":"","error":""},"_links":{"self":[{"href":"https:\/\/www.europesays.com\/es\/wp-json\/wp\/v2\/posts\/177244","targetHints":{"allow":["GET"]}}],"collection":[{"href":"https:\/\/www.europesays.com\/es\/wp-json\/wp\/v2\/posts"}],"about":[{"href":"https:\/\/www.europesays.com\/es\/wp-json\/wp\/v2\/types\/post"}],"author":[{"embeddable":true,"href":"https:\/\/www.europesays.com\/es\/wp-json\/wp\/v2\/users\/2"}],"replies":[{"embeddable":true,"href":"https:\/\/www.europesays.com\/es\/wp-json\/wp\/v2\/comments?post=177244"}],"version-history":[{"count":0,"href":"https:\/\/www.europesays.com\/es\/wp-json\/wp\/v2\/posts\/177244\/revisions"}],"wp:featuredmedia":[{"embeddable":true,"href":"https:\/\/www.europesays.com\/es\/wp-json\/wp\/v2\/media\/177245"}],"wp:attachment":[{"href":"https:\/\/www.europesays.com\/es\/wp-json\/wp\/v2\/media?parent=177244"}],"wp:term":[{"taxonomy":"category","embeddable":true,"href":"https:\/\/www.europesays.com\/es\/wp-json\/wp\/v2\/categories?post=177244"},{"taxonomy":"post_tag","embeddable":true,"href":"https:\/\/www.europesays.com\/es\/wp-json\/wp\/v2\/tags?post=177244"}],"curies":[{"name":"wp","href":"https:\/\/api.w.org\/{rel}","templated":true}]}}