{"id":177268,"date":"2025-10-14T23:39:14","date_gmt":"2025-10-14T23:39:14","guid":{"rendered":"https:\/\/www.europesays.com\/es\/177268\/"},"modified":"2025-10-14T23:39:14","modified_gmt":"2025-10-14T23:39:14","slug":"habia-dos-mujeres-mas-en-su-vida","status":"publish","type":"post","link":"https:\/\/www.europesays.com\/es\/177268\/","title":{"rendered":"Hab\u00eda dos mujeres m\u00e1s en su vida"},"content":{"rendered":"<p><img loading=\"lazy\" decoding=\"async\" src=\"https:\/\/www.europesays.com\/es\/wp-content\/uploads\/2025\/10\/1760450890_434_100x100_informalia-logo.jpg\" itemtype=\"\/\/schema.org\/ImageObject\" itemprop=\"url\" alt=\"Informalia\" width=\"64\" height=\"64\" pinger-seen=\"true\"\/><\/p>\n<p><a href=\"https:\/\/www.eleconomista.es\/informalia\/famosos\/noticias\/13518938\/08\/25\/los-motivos-que-han-llevado-a-kiko-rivera-e-irene-rosales-a-separarse-solo-dos-semanas-despues-de-sus-vacaciones-en-formentera.html\" rel=\"nofollow noopener\" target=\"_blank\">Mes y medio despu\u00e9s de conocerse la separaci\u00f3n de<b> Irene Rosales <\/b>(34) y<b> Kiko Rivera <\/b>(41)<\/a>, la modelo ha saltado al foco medi\u00e1tico tras relacionarla con una nueva ilusi\u00f3n. Se trata de <b>Guillermo<\/b>, un empresario de 40 a\u00f1os. <b>\u00abEs moreno, con barba y tiene cuerpo de gimnasio\u00bb<\/b>, adelant\u00f3 este lunes <b>Lorena V\u00e1zquez<\/b>.<\/p>\n<p>En este contexto, este martes, despu\u00e9s de que la exconcursante de Gran Hermano hablara del hombre con el que le han vinculado asegurando que es \u00ab<b>una persona an\u00f3nima<\/b>\u00bb y ante la publicaci\u00f3n de este mi\u00e9rcoles de las im\u00e1genes de ambos en las revistas, han desvelado que el empresario estaba manteniendo relaciones simult\u00e1neas con otras dos mujeres cuando conoci\u00f3 a Irene Rosales.<\/p>\n<p>\u00ab<b>Hay dos mujeres que se han enterado de que estaban siendo simultaneadas por Guillermo y est\u00e1n alucinadas. Una se llama Marta y otra Vanessa<\/b>\u00ab, ha desvelado Lorena V\u00e1zquez en Y ahora Sonsoles.<\/p>\n<p>Guillermo, quien est\u00e1 reci\u00e9n separado y tiene un hijo adolescente, todav\u00eda no se hab\u00eda divorciado cuando comenz\u00f3 a relacionarse con las mencionadas mujeres, seg\u00fan han informado desde el mencionado espacio. \u00ab<b>Ahora est\u00e1 solo con Irene, pero cuando se estaban conociendo, hab\u00eda dos mujeres m\u00e1s en la vida de Guillermo<\/b>\u00ab, han asegurado.<\/p>\n<p>Este martes, ante las inminentes im\u00e1genes de Irene con el empresario en la revista Semana y Lecturas, Europa Press ha publicado una instant\u00e1nea del nuevo hombre con el que se le relaciona a la modelo. En las fotos, Guillermo aparece con gafas de sol y conduciendo un coche.<\/p>\n<p>                            <img decoding=\"async\" src=\"https:\/\/www.europesays.com\/es\/wp-content\/uploads\/2025\/10\/770x_guillermo-irene-rosales-.jpg\" loading=\"lazy\"\/><\/p>\n<p>WhatsApp<a href=\"https:\/\/api.whatsapp.com\/send?text=https:\/\/www.eleconomista.es\/informalia\/famosos\/noticias\/13593239\/10\/25\/el-empresario-sevillano-con-el-que-se-relaciona-a-irene-rosales-mantenia-otras-relaciones-mientras-estaba-con-ella-habia-dos-mujeres-mas-en-su-vida.html?utm_source%3Dwhatsapp%26utm_medium%3Dshare_button&amp;id=1648118629957_whatsapp\" target=\"_blank\" data-action=\"share\/whatsapp\/share\" aria-label=\"Compartir en Whatsapp\" rel=\"nofollow noopener\"><\/a>Facebook<a id=\"fb-share\" href=\"#\" target=\"_blank\" rel=\"noopener noreferrer\" aria-label=\"Compartir en Facebook\"><\/a>Twitter<a href=\"https:\/\/twitter.com\/share?text=El+empresario+sevillano+vinculado+a+Irene+Rosales+manten%C3%ADa+otras+relaciones+al+inicio+de+su+historia+con+la+modelo%3A+%22Hab%C3%ADa+dos+mujeres+m%C3%A1s+en+su+vida%22&amp;url=https:\/\/www.eleconomista.es\/informalia\/famosos\/noticias\/13593239\/10\/25\/el-empresario-sevillano-con-el-que-se-relaciona-a-irene-rosales-mantenia-otras-relaciones-mientras-estaba-con-ella-habia-dos-mujeres-mas-en-su-vida.html&amp;via=Informalia&amp;id=1648118839245_twitter\" target=\"_blank\" aria-label=\"Compartir en Twitter\" rel=\"nofollow noopener\"><\/a>Linkedin<a onclick=\"return abrirLinkedin();\" href=\"https:\/\/www.linkedin.com\/shareArticle?text=El+empresario+sevillano+vinculado+a+Irene+Rosales+manten%C3%ADa+otras+relaciones+al+inicio+de+su+historia+con+la+modelo%3A+%22Hab%C3%ADa+dos+mujeres+m%C3%A1s+en+su+vida%22&amp;url=https:\/\/www.eleconomista.es\/informalia\/famosos\/noticias\/13593239\/10\/25\/el-empresario-sevillano-con-el-que-se-relaciona-a-irene-rosales-mantenia-otras-relaciones-mientras-estaba-con-ella-habia-dos-mujeres-mas-en-su-vida.html&amp;mini=true\" target=\"_blank\" aria-label=\"Compartir en linkedin\" rel=\"nofollow noopener\"><\/a>Beloud<a href=\"https:\/\/beloud.com\/share?text=El+empresario+sevillano+vinculado+a+Irene+Rosales+manten%C3%ADa+otras+relaciones+al+inicio+de+su+historia+con+la+modelo%3A+%22Hab%C3%ADa+dos+mujeres+m%C3%A1s+en+su+vida%22&amp;url=https:\/\/www.eleconomista.es\/informalia\/famosos\/noticias\/13593239\/10\/25\/el-empresario-sevillano-con-el-que-se-relaciona-a-irene-rosales-mantenia-otras-relaciones-mientras-estaba-con-ella-habia-dos-mujeres-mas-en-su-vida.html&amp;via=Informalia&amp;id=1648118839245_beloud\" target=\"_blank\" aria-label=\"Compartir en beloud\" rel=\"nofollow noopener\"><\/a>Bluesky<a href=\"https:\/\/bsky.app\/intent\/compose?text=https:\/\/bsky.app\/intent\/compose?text=https:\/\/www.eleconomista.es\/informalia\/famosos\/noticias\/13593239\/10\/25\/el-empresario-sevillano-con-el-que-se-relaciona-a-irene-rosales-mantenia-otras-relaciones-mientras-estaba-con-ella-habia-dos-mujeres-mas-en-su-vida.html&amp;url=https:\/\/www.eleconomista.es\/informalia\/famosos\/noticias\/13593239\/10\/25\/el-empresario-sevillano-con-el-que-se-relaciona-a-irene-rosales-mantenia-otras-relaciones-mientras-estaba-con-ella-habia-dos-mujeres-mas-en-su-vida.html&amp;via=elEconomistaes&amp;id=1648118839245_bluesky\" target=\"_blank\" aria-label=\"Compartir en bluesky\" rel=\"nofollow noopener\"><\/a><\/p>\n<p><script async src=\"https:\/\/platform.twitter.com\/widgets.js\" charset=\"utf-8\"><\/script><\/p>\n","protected":false},"excerpt":{"rendered":"Mes y medio despu\u00e9s de conocerse la separaci\u00f3n de Irene Rosales (34) y Kiko Rivera (41), la modelo&hellip;\n","protected":false},"author":2,"featured_media":177269,"comment_status":"","ping_status":"","sticky":false,"template":"","format":"standard","meta":{"footnotes":""},"categories":[91],"tags":[146,147,25,24,260,23],"class_list":{"0":"post-177268","1":"post","2":"type-post","3":"status-publish","4":"format-standard","5":"has-post-thumbnail","7":"category-entretenimiento","8":"tag-entertainment","9":"tag-entretenimiento","10":"tag-es","11":"tag-espana","12":"tag-gente","13":"tag-spain"},"share_on_mastodon":{"url":"","error":""},"_links":{"self":[{"href":"https:\/\/www.europesays.com\/es\/wp-json\/wp\/v2\/posts\/177268","targetHints":{"allow":["GET"]}}],"collection":[{"href":"https:\/\/www.europesays.com\/es\/wp-json\/wp\/v2\/posts"}],"about":[{"href":"https:\/\/www.europesays.com\/es\/wp-json\/wp\/v2\/types\/post"}],"author":[{"embeddable":true,"href":"https:\/\/www.europesays.com\/es\/wp-json\/wp\/v2\/users\/2"}],"replies":[{"embeddable":true,"href":"https:\/\/www.europesays.com\/es\/wp-json\/wp\/v2\/comments?post=177268"}],"version-history":[{"count":0,"href":"https:\/\/www.europesays.com\/es\/wp-json\/wp\/v2\/posts\/177268\/revisions"}],"wp:featuredmedia":[{"embeddable":true,"href":"https:\/\/www.europesays.com\/es\/wp-json\/wp\/v2\/media\/177269"}],"wp:attachment":[{"href":"https:\/\/www.europesays.com\/es\/wp-json\/wp\/v2\/media?parent=177268"}],"wp:term":[{"taxonomy":"category","embeddable":true,"href":"https:\/\/www.europesays.com\/es\/wp-json\/wp\/v2\/categories?post=177268"},{"taxonomy":"post_tag","embeddable":true,"href":"https:\/\/www.europesays.com\/es\/wp-json\/wp\/v2\/tags?post=177268"}],"curies":[{"name":"wp","href":"https:\/\/api.w.org\/{rel}","templated":true}]}}