{"id":177272,"date":"2025-10-14T23:41:08","date_gmt":"2025-10-14T23:41:08","guid":{"rendered":"https:\/\/www.europesays.com\/es\/177272\/"},"modified":"2025-10-14T23:41:08","modified_gmt":"2025-10-14T23:41:08","slug":"despues-de-la-conferencia-de-trump-las-acciones-locales-retrocedieron-y-los-bonos-cayeron-mas-de-5","status":"publish","type":"post","link":"https:\/\/www.europesays.com\/es\/177272\/","title":{"rendered":"Despu\u00e9s de la conferencia de Trump, las acciones locales retrocedieron y los bonos cayeron m\u00e1s de 5%"},"content":{"rendered":"<p><img alt=\"Los activos argentinos pasaron a\" class=\"global-image\" decoding=\"async\" fetchpriority=\"high\" height=\"3819\" loading=\"eager\" src=\"https:\/\/www.europesays.com\/es\/wp-content\/uploads\/2025\/10\/5754UPNS4BBLXP4GHMRVKBMFFI.JPG\" width=\"5728\"\/>Los activos argentinos pasaron a p\u00e9rdidas en el tramo final de los negocios.<\/p>\n<p class=\"paragraph\">Los negocios financieros en Argentina mostraro fuerte volatilidad este martes, en el marco de la reuni\u00f3n en la Casa Blanca entre el anfitri\u00f3n estadounidense, <b>Donald Trump<\/b>, y su invitado, el presidente libertario <b>Javier Milei<\/b>, para sellar acuerdos entra ambos pa\u00edses.<\/p>\n<p class=\"paragraph\">Estados Unidos viene de dar un enorme respaldo financiero a Argentina mediante la intervenci\u00f3n en la plaza cambiaria local para inyectar divisas que descompriman la depreciaci\u00f3n del peso y de acordar un intercambio de monedas (swap) con el Banco Central por 20.000 millones de d\u00f3lares.<\/p>\n<p class=\"paragraph\">Pero las declaraciones del mandatario norteamericano pasadas las 15 horas desataron una ola de ventas de activos argentinos.<\/p>\n<p><img alt=\"Fuente: Rava Burs\u00e1til-precios en d\u00f3lares.\" class=\"global-image\" decoding=\"async\" fetchpriority=\"low\" height=\"508\" loading=\"lazy\" src=\"https:\/\/www.europesays.com\/es\/wp-content\/uploads\/2025\/10\/L33VNWVEHNDPFLBZHRRLVP647Q.png\" width=\"480\"\/>Fuente: Rava Burs\u00e1til-precios en d\u00f3lares.<\/p>\n<p class=\"paragraph\">\u201cSi un socialista o un comunista gana, te sent\u00eds diferente sobre hacer una inversi\u00f3n. <b>Si (Javier Milei) pierde con un candidato de extrema izquierda, no seremos generosos con Argentina<\/b>\u201d, expreso en mientras respond\u00eda preguntas. Y a\u00f1adi\u00f3: \u201cEl \u00e9xito de Argentina ser\u00e1 muy importante para todos\u201d.<\/p>\n<p class=\"paragraph\">\u201cLa elecci\u00f3n est\u00e1 cerca y la victoria es muy importante, estamos ac\u00e1 para apoyarte. Ser\u00e1 mejor despu\u00e9s de este acuerdo\u201d, dijo Trump en otro pasaje de la conferencia a la que accedieron diferentes medios.<\/p>\n<p class=\"paragraph\">Al cierre el <b>ADR de YPF se desplom\u00f3 5,8% en d\u00f3lares,<\/b> luego de haberse negociado con alza de 3%, mientras que t\u00edtulos de Grupo Galicia cedieron 6 por ciento. La ca\u00edda fue encabezada por el ADR de <b>Banco Supervielle, con un 8,1 <\/b>por ciento.<\/p>\n<p class=\"paragraph\">El \u00edndice <b>S&amp;P Merval<\/b> de la Bolsa de Comercio de Buenos Aires cay\u00f3 2,1%, a<b> 1.884.774 puntos<\/b>, tras haber operado con una ganancia de 3% antes de las 15 horas.<\/p>\n<p class=\"paragraph\">Los bonos soberanos en d\u00f3lares &#8211;<b>Bonares y Globales<\/b>&#8211; experimentaron una violenta reversi\u00f3n. Tras un arranque alcista de 2,2%, terminaron con un descenso de hasta 7%, como en el caso de los Bonares 2035 y 2041.<\/p>\n<p class=\"paragraph\">De esta nueva cumbre presidencial se esperaban eventuales detalles del paquete de socorro norteamericano a la Argentina, pero todo se redujo al gesto de un c\u00e1lido apret\u00f3n de manos, a dos semanas de cruciales elecciones de medio t\u00e9rmino, donde el libertario Milei buscar\u00e1 sumar esca\u00f1os en el Congreso ante la actual minor\u00eda tanto en Diputados como en el Senado.<\/p>\n<p class=\"paragraph\">La plaza financiera de Buenos Aires retom\u00f3 su ritmo habitual tras el feriado parcial estadounidense en la v\u00edspera, que cort\u00f3 liquidez y negocios con activos.<\/p>\n<p class=\"paragraph\">El <b>d\u00f3lar mayorista <\/b>cerr\u00f3 negociado con alza de once pesos, a <b>1.360 pesos<\/b>, luego de tocar hasta los $1.470 el jueves pasado, cuando el Tesoro estadounidense anunci\u00f3 su intervenci\u00f3n mediante un banco extranjero con operaciones locales.<\/p>\n<p class=\"paragraph\">\u201cEl mercado est\u00e1 influenciado por el impacto sobre la posibilidad de que el Tesoro norteamericano intervenga en los mercados argentinos, ya sea en el spot (contado), bonos o futuros, seg\u00fan sea necesario\u201d, dijo <b>Nicol\u00e1s Merino<\/b>, operador de ABC Mercado de Cambios.<\/p>\n<p class=\"paragraph\">\u201cAnte este panorama, los exportadores aceleraron sus liquidaciones como as\u00ed tambi\u00e9n algunos jugadores desarmando posiciones, anticipando que el tipo de cambio podr\u00eda seguir retrocediendo\u201d, acot\u00f3.<\/p>\n<p class=\"paragraph\">El sistema cambiario argentino se rige por una banda de flotaci\u00f3n, la que el Gobierno sostiene que mantendr\u00e1 tras las pr\u00f3ximas elecciones, aunque analistas creen que ello depender\u00e1 de la suerte en las urnas.<\/p>\n<p class=\"paragraph\">\u201cLa decisi\u00f3n de ayuda de Estados Unidos hay que entenderla desde el aspecto geopol\u00edtico\u201d, asegur\u00f3 el ex presidente del BCRA <b>Mart\u00edn Redrado<\/b>.<\/p>\n<p class=\"paragraph\">Mientras tanto, antes del cierre de los mercados se report\u00f3 el \u00edndice de<b> inflaci\u00f3n de septiembre, del 2,1%<\/b>, un d\u00eda antes de una licitaci\u00f3n de t\u00edtulos locales que encarar\u00e1 el Tesoro para cubrir vencimientos de deuda por unos 3,9 billones de pesos.<\/p>\n<p class=\"paragraph\">\u201cLos inversores ven\u00edan muy enfocados en aprovechar las tasas que ofrec\u00eda el segmento de cash management, en especial cuando la liquidez de corto hab\u00eda perdido valor ante la presencia del BCRA. Sin ese canal, se volvi\u00f3 a ciclos anteriores. Probablemente el BCRA encarecer los pesos para bajar las presiones sobre el tipo de cambio en estas \u00faltimas dos semanas antes de las elecciones. El otro factor a monitorear es el flujo de coberturas cambiarias ante el efecto de la intervenci\u00f3n del Tesoro de EEUU y la ca\u00edda del d\u00f3lar spot y los contratos de futuros\u00bb, evalu\u00f3 <b>MegaQM<\/b>.<\/p>\n","protected":false},"excerpt":{"rendered":"Los activos argentinos pasaron a p\u00e9rdidas en el tramo final de los negocios. Los negocios financieros en Argentina&hellip;\n","protected":false},"author":2,"featured_media":177273,"comment_status":"","ping_status":"","sticky":false,"template":"","format":"standard","meta":{"footnotes":""},"categories":[80],"tags":[82,404,95,94,25,24,3119,23],"class_list":{"0":"post-177272","1":"post","2":"type-post","3":"status-publish","4":"format-standard","5":"has-post-thumbnail","7":"category-economia","8":"tag-business","9":"tag-corporate-events","10":"tag-economia","11":"tag-economy","12":"tag-es","13":"tag-espana","14":"tag-north-america","15":"tag-spain"},"share_on_mastodon":{"url":"","error":""},"_links":{"self":[{"href":"https:\/\/www.europesays.com\/es\/wp-json\/wp\/v2\/posts\/177272","targetHints":{"allow":["GET"]}}],"collection":[{"href":"https:\/\/www.europesays.com\/es\/wp-json\/wp\/v2\/posts"}],"about":[{"href":"https:\/\/www.europesays.com\/es\/wp-json\/wp\/v2\/types\/post"}],"author":[{"embeddable":true,"href":"https:\/\/www.europesays.com\/es\/wp-json\/wp\/v2\/users\/2"}],"replies":[{"embeddable":true,"href":"https:\/\/www.europesays.com\/es\/wp-json\/wp\/v2\/comments?post=177272"}],"version-history":[{"count":0,"href":"https:\/\/www.europesays.com\/es\/wp-json\/wp\/v2\/posts\/177272\/revisions"}],"wp:featuredmedia":[{"embeddable":true,"href":"https:\/\/www.europesays.com\/es\/wp-json\/wp\/v2\/media\/177273"}],"wp:attachment":[{"href":"https:\/\/www.europesays.com\/es\/wp-json\/wp\/v2\/media?parent=177272"}],"wp:term":[{"taxonomy":"category","embeddable":true,"href":"https:\/\/www.europesays.com\/es\/wp-json\/wp\/v2\/categories?post=177272"},{"taxonomy":"post_tag","embeddable":true,"href":"https:\/\/www.europesays.com\/es\/wp-json\/wp\/v2\/tags?post=177272"}],"curies":[{"name":"wp","href":"https:\/\/api.w.org\/{rel}","templated":true}]}}