{"id":177276,"date":"2025-10-14T23:43:10","date_gmt":"2025-10-14T23:43:10","guid":{"rendered":"https:\/\/www.europesays.com\/es\/177276\/"},"modified":"2025-10-14T23:43:10","modified_gmt":"2025-10-14T23:43:10","slug":"carmen-prades-abre-su-reinado-con-un-espolin-libertad-verde-convento","status":"publish","type":"post","link":"https:\/\/www.europesays.com\/es\/177276\/","title":{"rendered":"Carmen Prades abre su reinado con un espol\u00edn &#8216;Libertad&#8217; verde Convento"},"content":{"rendered":"<p>Verde Convento. El color identificativo de su falla, que lucen de forma corporativa los falleros en las chaquetas, bandas y otras prendas. Ese es el  &#8230; tono del espol\u00edn, con el dibujo &#8216;Libertad&#8217;, que este martes ha lucido en el <a href=\"https:\/\/www.lasprovincias.es\/fallas-valencia\/directo-proclamacion-falleras-mayores-valencia-2026-20251014182747-di.html\" title=\"www.lasprovincias.es\" data-voc-vtm-id=\"in-text-traffic\" data-mrf-link=\"www.lasprovincias.es\" rel=\"nofollow noopener\" target=\"_blank\">acto de Proclamaci\u00f3n<\/a> la flamante fallera mayor de Valencia, Carmen Prades. Una elecci\u00f3n con la que, sin lugar a dudas, ha querido homenajear a su propia comisi\u00f3n, de la que fue fallera mayor en 2025. El verde es el color representativo de una comisi\u00f3n que desde 1994 no hab\u00eda vuelto a dar una fallera mayor al cap i casal.  <\/p>\n<p class=\"v-p\">La fallera mayor infantil, Marta Mercader, ha sido la primera en llegar al Ayuntamiento y ha elegido un tono claro, color crema con el dise\u00f1o &#8216;Par\u00eds&#8217; para la Proclamaci\u00f3n; un trabajo de indumentaria Flor de Cot\u00f3. Luc\u00eda peinetas -estrenadas para el acto de hoy- del taller Flor d&#8217;Aigua con dibujo cl\u00e1sico de b\u00facaro y el escudo de Valencia. El aderezo, de paco Artola.  <\/p>\n<p class=\"v-p\">Las m\u00e1ximas representantes de la fiesta, como sus cortes de honor, han accedido por la alfombra roja de la escalinata acompa\u00f1adas por los acordes de &#8216;El Fallero&#8217; interpretado por la Banda Municipal de Valencia. <\/p>\n<p class=\"v-p\">La emoci\u00f3n y la ilusi\u00f3n se respiraba en el ambiente. El Ayuntamiento de la ciudad, vestido de gala, era un hervidero de gente. Las Fallas ya se vislumbran. El p\u00fablico esperaba el paso de las flamantes falleras mayores 2026 en la puerta del edificio consistorial. Ya en el interior, rodeadas del cari\u00f1o de los muchos asistentes que las contemplaban mientras les aplaud\u00edan desde la balaustrada, Carmen y Marta han accedido por la escalinata decorada con flores hasta el hemiciclo donde ha tenido lugar el acto protocolario. <\/p>\n","protected":false},"excerpt":{"rendered":"Verde Convento. El color identificativo de su falla, que lucen de forma corporativa los falleros en las chaquetas,&hellip;\n","protected":false},"author":2,"featured_media":177277,"comment_status":"","ping_status":"","sticky":false,"template":"","format":"standard","meta":{"footnotes":""},"categories":[8],"tags":[490,17,18,14750,5837,25,24,50714,13,14,11,19,20,5085,9,10,15,16,50713,35661,23,12,21,22,1049],"class_list":{"0":"post-177276","1":"post","2":"type-post","3":"status-publish","4":"format-standard","5":"has-post-thumbnail","7":"category-espana","8":"tag-abre","9":"tag-breaking-news","10":"tag-breakingnews","11":"tag-carmen","12":"tag-convento","13":"tag-es","14":"tag-espana","15":"tag-espolin","16":"tag-featured-news","17":"tag-featurednews","18":"tag-headlines","19":"tag-latest-news","20":"tag-latestnews","21":"tag-libertad","22":"tag-news","23":"tag-noticias","24":"tag-noticias-destacadas","25":"tag-noticiasdestacadas","26":"tag-prades","27":"tag-reinado","28":"tag-spain","29":"tag-titulares","30":"tag-ultimas-noticias","31":"tag-ultimasnoticias","32":"tag-verde"},"share_on_mastodon":{"url":"","error":""},"_links":{"self":[{"href":"https:\/\/www.europesays.com\/es\/wp-json\/wp\/v2\/posts\/177276","targetHints":{"allow":["GET"]}}],"collection":[{"href":"https:\/\/www.europesays.com\/es\/wp-json\/wp\/v2\/posts"}],"about":[{"href":"https:\/\/www.europesays.com\/es\/wp-json\/wp\/v2\/types\/post"}],"author":[{"embeddable":true,"href":"https:\/\/www.europesays.com\/es\/wp-json\/wp\/v2\/users\/2"}],"replies":[{"embeddable":true,"href":"https:\/\/www.europesays.com\/es\/wp-json\/wp\/v2\/comments?post=177276"}],"version-history":[{"count":0,"href":"https:\/\/www.europesays.com\/es\/wp-json\/wp\/v2\/posts\/177276\/revisions"}],"wp:featuredmedia":[{"embeddable":true,"href":"https:\/\/www.europesays.com\/es\/wp-json\/wp\/v2\/media\/177277"}],"wp:attachment":[{"href":"https:\/\/www.europesays.com\/es\/wp-json\/wp\/v2\/media?parent=177276"}],"wp:term":[{"taxonomy":"category","embeddable":true,"href":"https:\/\/www.europesays.com\/es\/wp-json\/wp\/v2\/categories?post=177276"},{"taxonomy":"post_tag","embeddable":true,"href":"https:\/\/www.europesays.com\/es\/wp-json\/wp\/v2\/tags?post=177276"}],"curies":[{"name":"wp","href":"https:\/\/api.w.org\/{rel}","templated":true}]}}