{"id":177292,"date":"2025-10-14T23:54:09","date_gmt":"2025-10-14T23:54:09","guid":{"rendered":"https:\/\/www.europesays.com\/es\/177292\/"},"modified":"2025-10-14T23:54:09","modified_gmt":"2025-10-14T23:54:09","slug":"marta-sanchez-feliz-por-los-avances-contra-el-cancer-recuerda-a-su-hermana-paz","status":"publish","type":"post","link":"https:\/\/www.europesays.com\/es\/177292\/","title":{"rendered":"Marta S\u00e1nchez, feliz por los avances contra el c\u00e1ncer, recuerda a su hermana Paz"},"content":{"rendered":"<p data-journey-content=\"true\" data-node-id=\"3\" class=\"css-6wxqfj emevuu60\">Marta S\u00e1nchez ha sido otra de las asistentes en el <strong data-node-id=\"3.1\">evento de Ausonia, que este 2025 ha celebrado el 18\u00ba aniversario<\/strong> de su colaboraci\u00f3n con la Asociaci\u00f3n Espa\u00f1ola contra el C\u00e1ncer (AECC). Adem\u00e1s de la cantante, la cita ha contado con otras personalidades como <a href=\"https:\/\/www.diezminutos.es\/terelu-campos\/\" target=\"_blank\" data-vars-ga-outbound-link=\"https:\/\/www.diezminutos.es\/terelu-campos\/\" data-vars-ga-ux-element=\"Hyperlink\" data-vars-ga-call-to-action=\"Terelu Campos\" data-node-id=\"3.3\" class=\"body-link css-177bzfx emevuu60\" rel=\"nofollow noopener\">Terelu Campos<\/a>, <a href=\"https:\/\/www.diezminutos.es\/alejandra-rubio\/\" target=\"_blank\" data-vars-ga-outbound-link=\"https:\/\/www.diezminutos.es\/alejandra-rubio\/\" data-vars-ga-ux-element=\"Hyperlink\" data-vars-ga-call-to-action=\"Alejandra Rubio\" data-node-id=\"3.5\" data-mrf-link=\"https:\/\/www.diezminutos.es\/alejandra-rubio\/\" class=\"body-link css-177bzfx emevuu60\" rel=\"nofollow noopener\">Alejandra Rubio<\/a> o Almudena Cid.<\/p>\n<p data-journey-content=\"true\" data-node-id=\"6\" class=\"css-6wxqfj emevuu60\">Esta lucha, a la cantante le toca desde muy cerca. Uno de los episodios m\u00e1s duros de la vida de Marta S\u00e1nchez fue el tener que <strong data-node-id=\"6.1\">despedirse de su hermana Paz<\/strong>, que falleci\u00f3 de c\u00e1ncer. Han pasado casi 13 a\u00f1os, pero es un sentimiento amargo que siempre va a ir con ella.  \u00abSoy creyente pero dej\u00e9 de serlo muchos a\u00f1os tras su muerte, me rebel\u00e9, no entend\u00eda por qu\u00e9 se la llevaba. <strong data-node-id=\"6.3\">Dej\u00f3 aqu\u00ed a un ni\u00f1o de tres a\u00f1os, mi sobrino, lo veo poco porque vive en La Coru\u00f1a, y me cuesta mucho ir all\u00ed<\/strong>&#8230; Viv\u00ed cosas muy duras. \u00abA mi hermana la vi morir, estaba yo con ella. Vino el m\u00e9dico a taparle la cara y yo le dje &#8216;no tapes a mi hermana. Todos los d\u00edas me acuerdo de ella\u00bb, dijo en una entrevista en el programa de Bert\u00edn Osborne, &#8216;Mi casa es la tuya&#8217;. <\/p>\n<p><img draggable=\"true\" alt=\"marta s\u00e1nchez\" title=\"Marta S\u00e1nchez\" loading=\"lazy\" width=\"1920\" height=\"1280\" decoding=\"async\" data-nimg=\"1\" style=\"color:transparent;width:100%;height:auto;\"   src=\"https:\/\/www.europesays.com\/es\/wp-content\/uploads\/2025\/10\/marta-sanchez-2-68ee975a4dca2.jpg\" class=\"css-0 e1g79fud0\"\/><\/p>\n<p>Gtres<\/p>\n<p data-journey-content=\"true\" data-node-id=\"9\" class=\"css-6wxqfj emevuu60\">Este martes, 14 de octubre, Marta S\u00e1nchez ha querido volver a recordar a su hermana. \u00abSi a mi hermana a lo mejor le hubieran detectado el c\u00e1ncer de mam\u00e1 en esta \u00e9poca, al final de esta campa\u00f1a, pues<strong data-node-id=\"9.1\"> yo creo que mi hermana pues lo m\u00e1s seguro es que seguir\u00eda viva. <\/strong><strong data-node-id=\"9.2\">Ha habido much\u00edsimos avances y nada que ver con hace 25 a\u00f1os como fue el caso de Paz,<\/strong> pero bueno, yo pues me alegro mucho por todas las pacientes que hay ahora, que conozco muchas amigas, que ha sido como un mal sue\u00f1o, una pesadilla, pero que ya est\u00e1n totalmente recuperadas y conozco un mont\u00f3n\u00bb. La cantante recuerda todos los d\u00edas a su hermana melliza: \u00abtodos los d\u00edas me acuerdo de ella y tengo fotos de ella por casa. Todo el rato la veo y hablo con ella, y est\u00e1 muy presente en mi vida siempre<\/p>\n<p><img src=\"https:\/\/www.europesays.com\/es\/wp-content\/uploads\/2025\/10\/1760486049_103_efed3e56-411c-4c5f-aad1-8194ce4fe362_1700500172.file\" alt=\"Headshot of Redacci\u00f3n Diez Minutos\" title=\"Headshot of Redacci\u00f3n Diez Minutos\" width=\"100%\" height=\"100%\" decoding=\"async\" loading=\"lazy\" class=\"css-o0wq4v ev8dhu53\"\/><\/p>\n<p>\u00a0En Diez Minutos somos especialistas en cubrir todas las noticias del coraz\u00f3n y de la monarqu\u00eda para acercarte a las vidas de todos esos personajes a los que admiras.<\/p>\n<p>Descubre con nosotros la \u00faltima hora de los famosos nacionales e internacionales m\u00e1s relevantes: sus pol\u00e9micas, sus historias amorosas y familiares y sus proyectos profesionales con nuestras entrevistas, videos y reportajes. Tambi\u00e9n te mostramos el d\u00eda a d\u00eda de la realeza, cont\u00e1ndote con especial detalle la vida personal y familiar de nuestros Reyes: Felipe VI y Letizia y sus hijas Leonor y Sof\u00eda.<\/p>\n<p>Diez Minutos es mucho m\u00e1s que cr\u00f3nica social. Queremos hacerte la vida m\u00e1s f\u00e1cil y cuidar de ti. Por eso, publicamos una amplia selecci\u00f3n de contenidos pr\u00e1cticos para ayudarte en tu econom\u00eda dom\u00e9stica, en la decoraci\u00f3n de tu casa o en tu bienestar f\u00edsico y emocional. Tambi\u00e9n encontrar\u00e1s todo tipo de noticias y reportajes sobre el embarazo y la maternidad para facilitarte este proceso de la vida.<\/p>\n<p>La cocina es otra parte fundamental de esta gu\u00eda pr\u00e1ctica con la mejor selecci\u00f3n de recetas y consejos para llevar una dieta saludable y variada. Y todo ello sin olvidarnos de los contenidos de moda y belleza que te har\u00e1n estar a la \u00faltima en las tendencias del momento con numerosas propuestas, ofertas y novedades.<\/p>\n<p>Te lo contamos todo con la misma rigurosidad y cercan\u00eda con la que te llevamos acompa\u00f1ando desde hace 72 a\u00f1os, cuando un 1 de septiembre de 1951 la revista vio la luz por primera vez. Muchas cosas han cambiado en lo que se refiere a la parte t\u00e9cnica, pero lo que te aseguramos es que el equipo que forma esta redacci\u00f3n realiza su trabajo con entusiasmo y entrega pensando en cada uno de vosotros para que encontr\u00e9is aqu\u00ed el sitio ideal donde disfrutar de la vida.<\/p>\n<p>El equipo digital de Diez Minutos est\u00e1 formado por:<\/p>\n<p><a href=\"https:\/\/www.diezminutos.es\/author\/15369\/rosa-prieto\/\" rel=\"nofollow noopener\" target=\"_blank\">Rosa Prieto:<\/a> Directora digital.<\/p>\n<p><a href=\"https:\/\/www.diezminutos.es\/author\/18095\/silvia-criado\/\" rel=\"nofollow noopener\" target=\"_blank\">Silvia Criado:<\/a> Jefa de secci\u00f3n digital.<\/p>\n<p><a href=\"https:\/\/www.diezminutos.es\/author\/16262\/magdalena-pinero\/\" rel=\"nofollow noopener\" target=\"_blank\">Magdalena Pi\u00f1ero:<\/a> redactora digital.\u00a0<\/p>\n<p><a href=\"https:\/\/www.diezminutos.es\/author\/16270\/daniel-reyes\/\" rel=\"nofollow noopener\" target=\"_blank\">Daniel Reyes:<\/a> redactor digital.<\/p>\n<p><a href=\"https:\/\/www.diezminutos.es\/author\/221934\/ignacio-herruzo\/\" rel=\"nofollow noopener\" target=\"_blank\">Ignacio Herruzo<\/a>: redactor digital.<\/p>\n<p><a href=\"https:\/\/www.diezminutos.es\/author\/740003\/nora-camara\/\" rel=\"nofollow noopener\" target=\"_blank\">Nora C\u00e1mara<\/a>: redactora digital.\u00a0<\/p>\n","protected":false},"excerpt":{"rendered":"Marta S\u00e1nchez ha sido otra de las asistentes en el evento de Ausonia, que este 2025 ha celebrado&hellip;\n","protected":false},"author":2,"featured_media":177293,"comment_status":"","ping_status":"","sticky":false,"template":"","format":"standard","meta":{"footnotes":""},"categories":[174],"tags":[255,253,146,147,25,24,256,23],"class_list":{"0":"post-177292","1":"post","2":"type-post","3":"status-publish","4":"format-standard","5":"has-post-thumbnail","7":"category-famosos","8":"tag-celebrities","9":"tag-discover","10":"tag-entertainment","11":"tag-entretenimiento","12":"tag-es","13":"tag-espana","14":"tag-famosos","15":"tag-spain"},"share_on_mastodon":{"url":"","error":""},"_links":{"self":[{"href":"https:\/\/www.europesays.com\/es\/wp-json\/wp\/v2\/posts\/177292","targetHints":{"allow":["GET"]}}],"collection":[{"href":"https:\/\/www.europesays.com\/es\/wp-json\/wp\/v2\/posts"}],"about":[{"href":"https:\/\/www.europesays.com\/es\/wp-json\/wp\/v2\/types\/post"}],"author":[{"embeddable":true,"href":"https:\/\/www.europesays.com\/es\/wp-json\/wp\/v2\/users\/2"}],"replies":[{"embeddable":true,"href":"https:\/\/www.europesays.com\/es\/wp-json\/wp\/v2\/comments?post=177292"}],"version-history":[{"count":0,"href":"https:\/\/www.europesays.com\/es\/wp-json\/wp\/v2\/posts\/177292\/revisions"}],"wp:featuredmedia":[{"embeddable":true,"href":"https:\/\/www.europesays.com\/es\/wp-json\/wp\/v2\/media\/177293"}],"wp:attachment":[{"href":"https:\/\/www.europesays.com\/es\/wp-json\/wp\/v2\/media?parent=177292"}],"wp:term":[{"taxonomy":"category","embeddable":true,"href":"https:\/\/www.europesays.com\/es\/wp-json\/wp\/v2\/categories?post=177292"},{"taxonomy":"post_tag","embeddable":true,"href":"https:\/\/www.europesays.com\/es\/wp-json\/wp\/v2\/tags?post=177292"}],"curies":[{"name":"wp","href":"https:\/\/api.w.org\/{rel}","templated":true}]}}