{"id":177308,"date":"2025-10-15T00:04:10","date_gmt":"2025-10-15T00:04:10","guid":{"rendered":"https:\/\/www.europesays.com\/es\/177308\/"},"modified":"2025-10-15T00:04:10","modified_gmt":"2025-10-15T00:04:10","slug":"viscofan-se-desploma-por-encima-del-13-en-bolsa-que-esta-pasando","status":"publish","type":"post","link":"https:\/\/www.europesays.com\/es\/177308\/","title":{"rendered":"Viscofan se desploma por encima del 13% en Bolsa: \u00bfQu\u00e9 est\u00e1 pasando?"},"content":{"rendered":"<p>    <img fetchpriority=\"high\" decoding=\"async\" src=\"data:image\/gif;base64,R0lGODlhAQABAIAAAAAAAP\/\/\/ywAAAAAAQABAAACAUwAOw==\" alt=\"Viscofan se desploma un 15% en Bolsa: \u00bfQu\u00e9 est\u00e1 pasando?\" loading=\"eager\" height=\"300\" width=\"676\" class=\"yf-1gfnohs loader\"\/> Viscofan se desploma un 15% en Bolsa: \u00bfQu\u00e9 est\u00e1 pasando?      <\/p>\n<p class=\"yf-1090901\">Duro castigo para <a class=\"link \" href=\"https:\/\/www.estrategiasdeinversion.com\/cotizaciones\/indices\/mercado-continuo\/viscofan\" rel=\"nofollow noopener\" target=\"_blank\" data-ylk=\"slk:Viscofan;elm:context_link;itc:0;sec:content-canvas\">Viscofan<\/a>\u00a0en Bolsa. El valor, que se hab\u00eda movido incluso en positivo durante la ma\u00f1ana, ha empezado a caer con fuerza poco antes de las tres de la tarde, llegando a perder incluso m\u00e1s de un 17%. Al cierre, los recortes alcanzan el 13,24% que supone la mayor p\u00e9rdida diaria de la historia de la compa\u00f1\u00eda, de 7,8 euros por acci\u00f3n, hasta los 51,10 en el\u00a0<a class=\"link \" href=\"https:\/\/www.estrategiasdeinversion.com\/cotizaciones\/indices\/mercado-continuo\" rel=\"nofollow noopener\" target=\"_blank\" data-ylk=\"slk:Mercado Continuo;elm:context_link;itc:0;sec:content-canvas\">Mercado Continuo<\/a>.<\/p>\n<p>    <img decoding=\"async\" src=\"data:image\/gif;base64,R0lGODlhAQABAIAAAAAAAP\/\/\/ywAAAAAAQABAAACAUwAOw==\" alt=\"Viscofan se desploma por encima del 13% en Bolsa: \u00bfQu\u00e9 est\u00e1 pasando?\" loading=\"lazy\" height=\"444\" width=\"960\" class=\"yf-1gfnohs loader\"\/> Viscofan se desploma por encima del 13% en Bolsa: \u00bfQu\u00e9 est\u00e1 pasando?      <\/p>\n<p class=\"yf-1090901\">Sin un motivo financiero claro del motivo de este desplome, lo cierto es que esta tarde ha aparecido un art\u00edculo en EEUU en el que se carga contra una f\u00e1brica de la compa\u00f1\u00eda. \u2018EEUU envenado: C\u00f3mo se hace la salchicha, literalmente\u2019, es el duro art\u00edculo que ha publicado <strong>Hunterbrook<\/strong>.<\/p>\n<p class=\"yf-1090901\">Hunterbrook es un medio de noticias de investigaci\u00f3n, pero tambi\u00e9n <strong>una firma de inversi\u00f3n y una empresa de litigio<\/strong>s. En ese sentido, asegura que \u201cHunterbrook Capital no ten\u00eda ninguna posici\u00f3n relacionada con este art\u00edculo al momento de su publicaci\u00f3n\u201d, si bien \u201clas posiciones pueden cambiar en cualquier momento\u201d.<\/p>\n<p class=\"yf-1090901\"><strong>Viscofan ha negado \u00abcateg\u00f3ricamente\u00bb las acusaciones realizadas <\/strong>por dicho medio sobre incumplimientos medioambientales en la planta de Viscofan en Danville que da\u00f1en la salud de sus trabajadores o del entorno, seg\u00fan ha explicado a la Comisi\u00f3n Nacional del Mercado de Valores (CNMV).<\/p>\n<p class=\"yf-1090901\">\u00abLa planta de Viscofan en Danville cumple con estrictas medidas medioambientales, que son monitoreadas regularmente por la Administraci\u00f3n americana, no habi\u00e9ndose reportado incumplimientos graves en esta materia\u00bb, ha asegurado la compa\u00f1\u00eda navarra.<\/p>\n<p class=\"yf-1090901\"><strong>Viscofan ha subrayado que tiene una \u00abs\u00f3lida\u00bb trayectoria en Estados Unidos<\/strong>, con m\u00e1s de treinta a\u00f1os vendiendo y produciendo envolturas en este pa\u00eds.<\/p>\n<p class=\"yf-1090901\">\u00abEstamos muy orgullosos de las cerca de 600 personas que trabajan diariamente en nuestras instalaciones en Danville, Nueva Jersey y Montgomery, <strong>cumpliendo con estrictos est\u00e1ndares locales e internacionales de calidad, seguridad y bienestar de los empleados<\/strong>\u00ab, ha se\u00f1alado el grupo, que ha a\u00f1adido que cuenta con pol\u00edticas medioambientales y de seguridad que son \u00abpilares\u00bb en su modelo de negocio.<\/p>\n<p class=\"yf-1090901\">\u00ab<strong>Garantizamos entornos laborales seguros y transparentes, y mantenemos un compromiso constante con la excelencia operativa<\/strong> y la protecci\u00f3n de nuestros equipos, como lo demuestra la informaci\u00f3n auditada regularmente que la empresa publica anualmente, y que aborda muchas de las preocupaciones que se han planteado\u00bb, ha asegurado la compa\u00f1\u00eda.<\/p>\n","protected":false},"excerpt":{"rendered":"Viscofan se desploma un 15% en Bolsa: \u00bfQu\u00e9 est\u00e1 pasando? Duro castigo para Viscofan\u00a0en Bolsa. El valor, que&hellip;\n","protected":false},"author":2,"featured_media":177309,"comment_status":"","ping_status":"","sticky":false,"template":"","format":"standard","meta":{"footnotes":""},"categories":[80],"tags":[82,10373,95,94,25,24,99,50717,23,50636],"class_list":{"0":"post-177308","1":"post","2":"type-post","3":"status-publish","4":"format-standard","5":"has-post-thumbnail","7":"category-economia","8":"tag-business","9":"tag-comision-nacional-del-mercado-de-valores","10":"tag-economia","11":"tag-economy","12":"tag-es","13":"tag-espana","14":"tag-modelo-de-negocio","15":"tag-politicas-medioambientales","16":"tag-spain","17":"tag-viscofan"},"share_on_mastodon":{"url":"","error":""},"_links":{"self":[{"href":"https:\/\/www.europesays.com\/es\/wp-json\/wp\/v2\/posts\/177308","targetHints":{"allow":["GET"]}}],"collection":[{"href":"https:\/\/www.europesays.com\/es\/wp-json\/wp\/v2\/posts"}],"about":[{"href":"https:\/\/www.europesays.com\/es\/wp-json\/wp\/v2\/types\/post"}],"author":[{"embeddable":true,"href":"https:\/\/www.europesays.com\/es\/wp-json\/wp\/v2\/users\/2"}],"replies":[{"embeddable":true,"href":"https:\/\/www.europesays.com\/es\/wp-json\/wp\/v2\/comments?post=177308"}],"version-history":[{"count":0,"href":"https:\/\/www.europesays.com\/es\/wp-json\/wp\/v2\/posts\/177308\/revisions"}],"wp:featuredmedia":[{"embeddable":true,"href":"https:\/\/www.europesays.com\/es\/wp-json\/wp\/v2\/media\/177309"}],"wp:attachment":[{"href":"https:\/\/www.europesays.com\/es\/wp-json\/wp\/v2\/media?parent=177308"}],"wp:term":[{"taxonomy":"category","embeddable":true,"href":"https:\/\/www.europesays.com\/es\/wp-json\/wp\/v2\/categories?post=177308"},{"taxonomy":"post_tag","embeddable":true,"href":"https:\/\/www.europesays.com\/es\/wp-json\/wp\/v2\/tags?post=177308"}],"curies":[{"name":"wp","href":"https:\/\/api.w.org\/{rel}","templated":true}]}}