{"id":177314,"date":"2025-10-15T00:07:11","date_gmt":"2025-10-15T00:07:11","guid":{"rendered":"https:\/\/www.europesays.com\/es\/177314\/"},"modified":"2025-10-15T00:07:11","modified_gmt":"2025-10-15T00:07:11","slug":"puede-trump-imponer-aranceles-a-espana-al-margen-de-la-union-europea-economia-y-negocios","status":"publish","type":"post","link":"https:\/\/www.europesays.com\/es\/177314\/","title":{"rendered":"\u00bfPuede Trump imponer aranceles a Espa\u00f1a al margen de la Uni\u00f3n Europea? | Econom\u00eda y negocios"},"content":{"rendered":"<p>Este martes, Donald Trump ha vuelto a amenazar a Espa\u00f1a por no querer alcanzar el 5% del PIB en gasto en Defensa tal y como ha pedido el presidente estadounidense a todos los aliados de la OTAN. El mandatario lleva desde la cumbre de la Alianza el pasado mes de junio criticando al Gobierno espa\u00f1ol por no comprometerse a aumentar el gasto como el resto de aliados. <\/p>\n<p>M\u00e1s informaci\u00f3n<\/p>\n<p>Este mismo lunes, Pedro S\u00e1nchez y Donald Trump protagonizaron un comentado apret\u00f3n de manos y el estadounidense se refiri\u00f3 concretamente a nuestro pa\u00eds mientras hacia un repaso por los pa\u00edses presentes en la firma del tratado de paz en Gaza. \u00ab\u00bfEst\u00e1is trabajando sobre el PIB? Est\u00e1is haciendo un trabajo fant\u00e1stico\u00bb, dijo el presidente en Egipto. <\/p>\n<p>Ante nueva amenaza del presidente estadounidense, la pregunta ahora es si EEUU realmente podr\u00eda imponer aranceles a Espa\u00f1a al margen de la Uni\u00f3n Europea. La respuesta r\u00e1pida que ha explicado el jefe de Econom\u00eda de la SER, Jordi F\u00e1brega, es que no. \u00abLa UE funciona como un bloque en materia comercial, no hay barreras en sus Estados miembros. Como act\u00faan como bloque no puede imponer aranceles solo a uno de los estados\u00bb, ha indicado F\u00e1brega, que explica que el art\u00edculo 28 del tratado de funcionamiento de la Uni\u00f3n as\u00ed lo recoge. <\/p>\n<p>\u00abEste art\u00edculo proh\u00edbe los derechos de aduana de exportaci\u00f3n e importaci\u00f3n. Por eso la Comisi\u00f3n Europea ha negociado los aranceles, no cada uno de los estados\u00bb, ha indicado F\u00e1brega. El jefe de Econom\u00eda de la SER ha explicado que la \u00fanica manera de que EEUU pudiera imponer aranceles a Espa\u00f1a ser\u00eda subiendo las tarifas de productos que afectaran especialmente a nuestro pa\u00eds. <\/p>\n<p>\u00abPuede subir los aranceles a todo el aceite de la UE sabiendo que eso afectar\u00eda a Espa\u00f1a m\u00e1s que a Francia. Puede subir los aranceles a la maquinaria sabiendo que Espa\u00f1a exporta a EEUU m\u00e1s que Grecia. Ser\u00eda una forma de subirlos, aunque tambi\u00e9n afectar\u00eda a otros pa\u00edses\u00bb, ha sentenciado el periodista en Hora 25, sentenciando que la respuesta clara es que EEUU no puede subir los aranceles a Espa\u00f1a sin afectar al resto de la Uni\u00f3n. <\/p>\n","protected":false},"excerpt":{"rendered":"Este martes, Donald Trump ha vuelto a amenazar a Espa\u00f1a por no querer alcanzar el 5% del PIB&hellip;\n","protected":false},"author":2,"featured_media":177315,"comment_status":"","ping_status":"","sticky":false,"template":"","format":"standard","meta":{"footnotes":""},"categories":[5],"tags":[17,18,50718,32974,15229,18266,25,24,629,13,14,50719,34962,50720,11,19,20,9,10,15,16,1670,2910,23,12,21,22,12856,938],"class_list":{"0":"post-177314","1":"post","2":"type-post","3":"status-publish","4":"format-standard","5":"has-post-thumbnail","7":"category-titulares","8":"tag-breaking-news","9":"tag-breakingnews","10":"tag-cumbre-del-g20-en-japon-2019","11":"tag-cumbres","12":"tag-diplomacia","13":"tag-emocion","14":"tag-es","15":"tag-espana","16":"tag-estados-unidos","17":"tag-featured-news","18":"tag-featurednews","19":"tag-foto-de-familia","20":"tag-g20","21":"tag-grupo-de-los-veinte","22":"tag-headlines","23":"tag-latest-news","24":"tag-latestnews","25":"tag-news","26":"tag-noticias","27":"tag-noticias-destacadas","28":"tag-noticiasdestacadas","29":"tag-politicos","30":"tag-serio","31":"tag-spain","32":"tag-titulares","33":"tag-ultimas-noticias","34":"tag-ultimasnoticias","35":"tag-viaje","36":"tag-visita"},"share_on_mastodon":{"url":"","error":""},"_links":{"self":[{"href":"https:\/\/www.europesays.com\/es\/wp-json\/wp\/v2\/posts\/177314","targetHints":{"allow":["GET"]}}],"collection":[{"href":"https:\/\/www.europesays.com\/es\/wp-json\/wp\/v2\/posts"}],"about":[{"href":"https:\/\/www.europesays.com\/es\/wp-json\/wp\/v2\/types\/post"}],"author":[{"embeddable":true,"href":"https:\/\/www.europesays.com\/es\/wp-json\/wp\/v2\/users\/2"}],"replies":[{"embeddable":true,"href":"https:\/\/www.europesays.com\/es\/wp-json\/wp\/v2\/comments?post=177314"}],"version-history":[{"count":0,"href":"https:\/\/www.europesays.com\/es\/wp-json\/wp\/v2\/posts\/177314\/revisions"}],"wp:featuredmedia":[{"embeddable":true,"href":"https:\/\/www.europesays.com\/es\/wp-json\/wp\/v2\/media\/177315"}],"wp:attachment":[{"href":"https:\/\/www.europesays.com\/es\/wp-json\/wp\/v2\/media?parent=177314"}],"wp:term":[{"taxonomy":"category","embeddable":true,"href":"https:\/\/www.europesays.com\/es\/wp-json\/wp\/v2\/categories?post=177314"},{"taxonomy":"post_tag","embeddable":true,"href":"https:\/\/www.europesays.com\/es\/wp-json\/wp\/v2\/tags?post=177314"}],"curies":[{"name":"wp","href":"https:\/\/api.w.org\/{rel}","templated":true}]}}