{"id":177353,"date":"2025-10-15T00:37:13","date_gmt":"2025-10-15T00:37:13","guid":{"rendered":"https:\/\/www.europesays.com\/es\/177353\/"},"modified":"2025-10-15T00:37:13","modified_gmt":"2025-10-15T00:37:13","slug":"mclaren-se-hace-con-su-decimo-mundial-de-constructores","status":"publish","type":"post","link":"https:\/\/www.europesays.com\/es\/177353\/","title":{"rendered":"McLaren se hace con su d\u00e9cimo Mundial de Constructores"},"content":{"rendered":"<p>La notable <strong>superioridad<\/strong> vivida carrera tras carrera de <strong><a href=\"https:\/\/www.vavel.com\/es\/motor\/2025\/10\/03\/formula1\/1236250-viernes-ilusionante-para-alonso.html\" rel=\"nofollow noopener\" target=\"_blank\">Piastri <\/a><\/strong>y <strong><a href=\"https:\/\/www.vavel.com\/es\/motor\/2025\/10\/05\/formula1\/1236523-las-mejores-declaraciones-del-gp-de-singapur-2025.html\" rel=\"nofollow noopener\" target=\"_blank\">Norris <\/a><\/strong>sobre los dem\u00e1s 18 pilotos de la <strong>parrilla <\/strong>ha tenido su recompensa: campeones del Mundial de <strong><a href=\"https:\/\/www.vavel.com\/es\/motor\/2025\/08\/05\/formula1\/1229541-norris-se-pone-a-tiro-del-liderato-antes-del-paron-veraniego.html\" rel=\"nofollow noopener\" target=\"_blank\">Constructores <\/a><\/strong>en el GP de <strong><a href=\"https:\/\/www.vavel.com\/es\/motor\/2025\/10\/06\/formula1\/1236571-mclaren-gana-su-decimo-titulo-de-constructores-en-singapur.html\" rel=\"nofollow noopener\" target=\"_blank\">Singapur<\/a><\/strong>, a falta de a\u00fan varios grandes premios para conocer el campe\u00f3n del <strong><a href=\"https:\/\/www.vavel.com\/es\/motor\/2025\/10\/05\/formula1\/1236487-russell-se-lleva-el-gp-de-singapur-y-mclaren-el-mundial.html\" rel=\"nofollow noopener\" target=\"_blank\">Mundial <\/a><\/strong>de <strong>Pilotos <\/strong>que, si nada cambia, tambi\u00e9n vestir\u00e1 de color &#8216;papaya&#8217;.<\/p>\n<p>Con este hito, la escuder\u00eda de <strong><a href=\"https:\/\/www.vavel.com\/es\/motor\/2025\/08\/30\/formula1\/1232126-fp3-susto-de-fernando-y-dominacion-de-los-mclaren.html\" rel=\"nofollow noopener\" target=\"_blank\">Woking<\/a><\/strong>, que la temporada pasada empat\u00f3 a <strong><a href=\"https:\/\/www.vavel.com\/es\/motor\/2025\/09\/16\/formula1\/1233934-revocan-penalizacion-victoria-para-williams.html\" rel=\"nofollow noopener\" target=\"_blank\">Williams <\/a><\/strong>en trofeos conseguidos, se posiciona como la segunda escuder\u00eda con m\u00e1s <strong>t\u00edtulos <\/strong>(10) de constructores <strong>conseguidos <\/strong>en la <strong>historia <\/strong>de la F\u00f3rmula 1, solo por detr\u00e1s de los 16 de <strong><a href=\"https:\/\/www.vavel.com\/es\/data\/ferrari\" rel=\"nofollow noopener\" target=\"_blank\">Ferrari<\/a><\/strong>.<\/p>\n<p>Ya en <strong>2024<\/strong>, la escuder\u00eda &#8216;<strong>papaya<\/strong>&#8216; rompi\u00f3 una racha de 26 a\u00f1os sin hacerse con el que, durante una larga <strong>temporada<\/strong>, fue su trofeo favorito. Ahora, en <strong><a href=\"https:\/\/www.vavel.com\/es\/motor\/2025\/09\/06\/formula1\/1232887-fp3-ferrari-domina-junto-a-mclaren.html\" rel=\"nofollow noopener\" target=\"_blank\">Woking <\/a><\/strong>tienen la mirada puesta en <strong><a href=\"https:\/\/www.vavel.com\/es\/motor\/2025\/10\/04\/formula1\/1236382-russell-da-la-campanada-y-se-lleva-la-pole-en-singapur.html\" rel=\"nofollow noopener\" target=\"_blank\">Ferrari <\/a><\/strong>y sus 16 trofeos.<\/p>\n<p><img decoding=\"async\" src=\"https:\/\/www.europesays.com\/es\/wp-content\/uploads\/2025\/10\/G2z8EX_WgAAPCTu.jpg\"\/><br \/>\nOscar y Lando celebrando el t\u00edtulo de campeones \/ @McLarenF1<\/p>\n<p>La historia del Mundial de Constructores<\/p>\n<p>La conocida antiguamente como &#8216;<strong>Copa Internacional de Fabricantes de la F\u00f3rmula 1<\/strong>&#8216;, siempre ha sido un trofeo <strong>llamativo <\/strong>para las escuder\u00edas de la competici\u00f3n. La <strong><strong><a href=\"https:\/\/www.vavel.com\/es\/motor\/2022\/10\/05\/formula1\/1125289-la-fia-decide-retrasar-unos-dias-su-decision-sobre-lasinfracciones-del-techo-presupuestario.html\" rel=\"nofollow noopener\" target=\"_blank\">Federaci\u00f3n Internacional<\/a><\/strong> del Autom\u00f3vil <\/strong>(<strong>FIA<\/strong>), es la encargada de otorgar este trofeo marcado por los <strong>logotipos <\/strong>de los campeones a la escuder\u00eda que m\u00e1s puntos haya conseguido en una temporada.<\/p>\n<p>El primer <strong>Campeonato Mundial de Constructores<\/strong> fue conseguido por la escuder\u00eda <strong>Vanwall <\/strong>en el a\u00f1o <strong>1958<\/strong>. Desde entonces, pilotos, <strong>mec\u00e1nicos<\/strong> y todos los presentes en las escuder\u00edas, han luchado durante toda una <strong>temporada <\/strong>para llevarse el <strong>trofeo<\/strong>.<\/p>\n<p><img decoding=\"async\" src=\"https:\/\/www.europesays.com\/es\/wp-content\/uploads\/2025\/10\/C1Kmt73XEAEc2j-.jpg\"\/><br \/>\nLa F\u00f3rmula 1 en la d\u00e9cada de los 50 \/ @F1<\/p>\n<p>Adem\u00e1s, durante la <strong>temporada <\/strong>existe tambi\u00e9n la oportunidad de hacer &#8216;doblete&#8217; y llevarte el t\u00edtulo <strong>Mundial de Constructores<\/strong> junto con el t\u00edtulo <strong><a href=\"https:\/\/www.vavel.com\/es\/motor\/2025\/09\/03\/formula1\/1232637-previa-gran-premio-de-monza-la-pelota-esta-en-el-tejado-de-piastri.html\" rel=\"nofollow noopener\" target=\"_blank\">Mundial <\/a><\/strong>de <strong>Pilotos<\/strong>. Sin embargo, es algo que, aunque parece l\u00f3gico conseguirlo, solo ha podido hacerse en 13 ocasiones en toda la historia de la <strong><a href=\"https:\/\/www.vavel.com\/es\/data\/formula-1\" rel=\"nofollow noopener\" target=\"_blank\">F\u00f3rmula 1<\/a><\/strong>.<\/p>\n<p>Por otro lado y, aunque en la <strong><a href=\"https:\/\/www.vavel.com\/es\/motor\/2025\/10\/03\/formula1\/1236179-fernando-alonso-al-frente-en-la-primera-sesion-de-libres.html\" rel=\"nofollow noopener\" target=\"_blank\">F\u00f3rmula 1<\/a><\/strong> hay muchas escuder\u00edas que se han mantenido en el tiempo, tambi\u00e9n son muchas las que han ido cambiando. Con esto, en 67 <strong>oportunidades<\/strong> que se han dado desde la primera carrera de <strong><a href=\"https:\/\/www.vavel.com\/es\/motor\/2025\/10\/02\/formula1\/1236132-previa-del-gran-premio-de-singapur-verstappen-puede-infundir-terror.html\" rel=\"nofollow noopener\" target=\"_blank\">F\u00f3rmula 1<\/a><\/strong> hasta la \u00faltima, solo <strong>15 escuder\u00edas<\/strong> han sido capaces de hacerse con el trofeo de <strong>Campeones de Constructores.<\/strong><\/p>\n<p><img decoding=\"async\" src=\"https:\/\/www.europesays.com\/es\/wp-content\/uploads\/2025\/10\/Ead--HPXQAE6BjO.jpg\"\/><br \/>\nFerrari y Schumacher en la F1 \/ @ScuderiaFerrari<\/p>\n<p>Clasificaci\u00f3n de Campeones de Constructores<\/p>\n<p>La escuder\u00eda <strong>Vanwall<\/strong>, con <strong><a href=\"https:\/\/www.vavel.com\/es\/motor\/2025\/07\/18\/formula1\/1228086-la-formula-1-en-los-anos-50-como-dominaban-los-hombre-alfa-la-infancia-de-la-competicion.html\" rel=\"nofollow noopener\" target=\"_blank\">Stirling Moss <\/a><\/strong>y <strong>Tony Brooks <\/strong>en sus garajes, fue la primera en conseguir este t\u00edtulo en el a\u00f1o 1958 despu\u00e9s de 6 victorias y 9 podios en una temporada.<\/p>\n<p>Tras ellos, <strong><a href=\"https:\/\/www.vavel.com\/es\/motor\/2018\/02\/07\/formula1\/876518-grandes-leyendas-jack-brabham-el-piloto-que-gano-un-mundial-empujando-su-coche.html\" rel=\"nofollow noopener\" target=\"_blank\">Cooper <\/a><\/strong>se hizo con el trofeo en 1959 y 1960 de la mano de Jack <strong><a href=\"https:\/\/www.vavel.com\/es\/motor\/2024\/03\/30\/formula1\/1177973-f1-a-la-moda-los-mejores-disenos-de-monoplazas-de-la-historia.html\" rel=\"nofollow noopener\" target=\"_blank\">Brabham<\/a><\/strong>, Stirling <strong><a href=\"https:\/\/www.vavel.com\/es\/motor\/2018\/02\/21\/formula1\/882204-grandes-leyendas-graham-hill-una-vida-dedicada-a-la-competicion.html\" rel=\"nofollow noopener\" target=\"_blank\">Moss <\/a><\/strong>y Bruce <strong><a href=\"https:\/\/www.vavel.com\/es\/data\/mclaren\" rel=\"nofollow noopener\" target=\"_blank\">McLaren<\/a><\/strong>.<\/p>\n<p>En el a\u00f1o 1961, el rey del trofeo se har\u00eda con el primero de su colecci\u00f3n. Fue el turno de <strong><a href=\"https:\/\/www.vavel.com\/es\/motor\/2025\/10\/02\/formula1\/1236065-calculadora-vavel-podra-verstappenmeterse-en-la-lucha-por-el-mundial-ensingapur.html\" rel=\"nofollow noopener\" target=\"_blank\">Ferrari <\/a><\/strong>gracias a Phill <strong><a href=\"https:\/\/www.vavel.com\/es\/motor\/2025\/03\/06\/formula1\/1215955-los-20-mejores-pilotos-de-la-historia-de-la-formula-1.html\" rel=\"nofollow noopener\" target=\"_blank\">Hill <\/a><\/strong>y Wolfgang von <strong>Tripcs<\/strong>.<\/p>\n<p>En 1962 <strong>BRM<\/strong>, con solo 4 victorias y 4 podios se llev\u00f3 el trofeo de mano de <strong><a href=\"https:\/\/www.vavel.com\/es\/futbol-internacional\/2025\/08\/14\/premier-league\/1230322-guia-premier-league-2526-west-ham-arrancar-de-cero.html\" rel=\"nofollow noopener\" target=\"_blank\">Graham <\/a><\/strong>Hill.<\/p>\n<p>Para la temporada siguiente, 1963, <strong><a href=\"https:\/\/www.vavel.com\/es\/motor\/2025\/08\/20\/formula1\/1230987-prepara-la-formula-1-un-nuevo-gp-en-africa.html\" rel=\"nofollow noopener\" target=\"_blank\">Lotus <\/a><\/strong>(antiguamente Climax), se hizo con el trofeo gracias a Jim <strong><a href=\"https:\/\/www.vavel.com\/es\/motor\/2024\/12\/13\/formula1\/1207506-la-llegada-de-cadillac-a-la-formula-1-innovacion-y-expansion-global.html\" rel=\"nofollow noopener\" target=\"_blank\">Clark <\/a><\/strong>con 7 victorias y 7 podios en una temporada.<\/p>\n<p>Volvi\u00f3 <strong><a href=\"https:\/\/www.vavel.com\/es\/motor\/2025\/09\/20\/formula1\/1234524-clasificacion-del-gran-premio-de-azerbaiyan-max-verstappen-se-lleva-la-pole-en-una-clasificacion-caotica.html\" rel=\"nofollow noopener\" target=\"_blank\">Ferrari <\/a><\/strong>a por el trofeo en el 64, para que <strong><a href=\"https:\/\/www.vavel.com\/es\/motor\/2024\/10\/09\/formula1\/1199513-el-lado-musical-de-la-formula-1.html\" rel=\"nofollow noopener\" target=\"_blank\">Lotus <\/a><\/strong>(Climax) se lo llevase en el 65. <strong><a href=\"https:\/\/www.vavel.com\/es\/motor\/2017\/01\/27\/formula1\/747655-bernie-ecclestone-la-despedida-de-un-dios.html\" rel=\"nofollow noopener\" target=\"_blank\">Brabham <\/a><\/strong>hizo doblete en el 66 y en el 67, para que <strong><a href=\"https:\/\/www.vavel.com\/es\/motor\/2024\/08\/22\/formula1\/1193549-abba-lo-arriesgo-todo-por-slim-borgudd.html\" rel=\"nofollow noopener\" target=\"_blank\">Lotus <\/a><\/strong>se lo llevase en 1968. Hasta entonces, los <strong>ingleses <\/strong>y los <strong>italianos <\/strong>eran los \u00fanicos que hab\u00edan conseguido hacerse con el trofeo del <strong><a href=\"https:\/\/www.vavel.com\/es\/motor\/2025\/09\/01\/formula1\/1232406-piastri-consolida-su-liderato-en-zandvoort-mclaren-se-dispara-y-ferrari-toca-fondo.html\" rel=\"nofollow noopener\" target=\"_blank\">Mundial <\/a><\/strong>de <strong>Constructores<\/strong>.<\/p>\n<p>En el a\u00f1o 1969, <strong><a href=\"https:\/\/www.vavel.com\/es\/motor\/2016\/12\/24\/formula1\/735258-renunciar-cuando-estas-en-la-cima.html\" rel=\"nofollow noopener\" target=\"_blank\">Matra<\/a><\/strong>, con <strong><a href=\"https:\/\/www.vavel.com\/es\/motor\/2025\/02\/01\/formula1\/1212151-velocidad-y-estilo-la-fusion-de-la-moda-y-la-formula-1.html\" rel=\"nofollow noopener\" target=\"_blank\">Stewart <\/a><\/strong>a la cabeza, consigui\u00f3 el campeonato por primera vez para una escuder\u00eda francesa. Sin embargo, de 1970 a 1974 volvi\u00f3 a manos de los ingleses: <strong><a href=\"https:\/\/www.vavel.com\/es\/motor\/2024\/04\/14\/formula1\/1179583-hakkinen-vs-schumacher-una-rivalidad-mas-alla-de-lopuramente-deportivo.html\" rel=\"nofollow noopener\" target=\"_blank\">Lotus<\/a><\/strong>, <strong><a href=\"https:\/\/www.vavel.com\/es\/motor\/2024\/03\/20\/formula1\/1176792-australia-1986-un-pinchazo-que-decidio-un-mundial.html\" rel=\"nofollow noopener\" target=\"_blank\">Tyrrell<\/a><\/strong>, <strong><a href=\"https:\/\/www.vavel.com\/es\/motor\/2024\/03\/15\/formula1\/1176182-valencia-2012-cuando-alonso-se-volvio-inmortal.html\" rel=\"nofollow noopener\" target=\"_blank\">Lotus<\/a><\/strong>, <strong><a href=\"https:\/\/www.vavel.com\/es\/motor\/2024\/03\/14\/formula1\/1176089-los-pilotos-de-alpine-critican-duramente-el-rendimiento-delmonoplaza.html\" rel=\"nofollow noopener\" target=\"_blank\">Lotus <\/a><\/strong>y <strong><a href=\"https:\/\/www.vavel.com\/es\/motor\/2025\/09\/18\/formula1\/1234186-descubre-el-gp-de-azerbaiyan-de-formula-1-2025.html\" rel=\"nofollow noopener\" target=\"_blank\">McLaren<\/a><\/strong>.<\/p>\n<p><img decoding=\"async\" src=\"https:\/\/www.europesays.com\/es\/wp-content\/uploads\/2025\/10\/DCMjkQ7WAAAMgV2.jpg\"\/><br \/>\nTyrrell en F\u00f3rmula 1 \/ @F1<\/p>\n<p>Tras ellos, <strong>Ferrari <\/strong>volvi\u00f3 a la carga y con <strong><a href=\"https:\/\/www.vavel.com\/es\/motor\/2024\/06\/25\/formula1\/1186414-gp-austria-1984-la-carrera-que-valio-un-titulo.html\" rel=\"nofollow noopener\" target=\"_blank\">Niki Lauda <\/a><\/strong>se llev\u00f3 los tres siguientes en los a\u00f1os 75, 76 y 77. El a\u00f1o 1978 fue para <strong>Lotus<\/strong>, con Mario <strong><a href=\"https:\/\/www.vavel.com\/es\/motor\/2025\/04\/09\/formula1\/1219812-regreso-a-las-pistas-checo-perez-y-la-posible-nueva-era-con-cadillac-en-la-f1.html\" rel=\"nofollow noopener\" target=\"_blank\">Andretti <\/a><\/strong>en sus filas, para que <strong>Ferrari <\/strong>volviese a coronarse campe\u00f3n en 1979 con Gilles <strong><a href=\"https:\/\/www.vavel.com\/es\/motor\/2025\/06\/12\/formula1\/1225458-previa-gran-premio-de-canada-verstappen-contra-las-cuerdas.html\" rel=\"nofollow noopener\" target=\"_blank\">Villeneuve<\/a><\/strong>.<\/p>\n<p>Los a\u00f1os 80 y 81 fueron para <strong><a href=\"https:\/\/www.vavel.com\/es\/motor\/2025\/09\/13\/formula1\/1233609-quien-esta-siendo-el-mejor-piloto-de-cada-equipo-de-formula-1.html\" rel=\"nofollow noopener\" target=\"_blank\">Williams<\/a><\/strong>, para luego dar paso, de nuevo, a <strong>Ferrari <\/strong>en el 82 y 83. Despu\u00e9s, <strong><a href=\"https:\/\/www.vavel.com\/es\/motor\/2025\/09\/16\/formula1\/1233941-gran-premio-de-azerbaiyan-2024-una-carrera-que-decidio-el-mundial-de-constructores.html\" rel=\"nofollow noopener\" target=\"_blank\">McLaren <\/a><\/strong>y <strong><a href=\"https:\/\/www.vavel.com\/es\/motor\/2025\/08\/29\/formula1\/1231969-libres-1-aston-martin-y-williams-brillan-en-una-sesion-accidentada.html\" rel=\"nofollow noopener\" target=\"_blank\">Williams <\/a><\/strong>se repartieron los t\u00edtulos entre el 84 y el 94.<\/p>\n<p>En 1995, <strong><a href=\"https:\/\/www.vavel.com\/es\/motor\/2020\/06\/12\/formula1\/1023608-jenson-button-y-la-importancia-de-la-consistencia.html\" rel=\"nofollow noopener\" target=\"_blank\">Benetton <\/a><\/strong>pudo parar el dominio absoluto de <strong><a href=\"https:\/\/www.vavel.com\/es\/futbol\/2025\/10\/11\/athletic-club\/1237262-los-rojiblancos-que-defendieron-otros-paises.html\" rel=\"nofollow noopener\" target=\"_blank\">Williams <\/a><\/strong>y <strong><a href=\"https:\/\/www.vavel.com\/es\/motor\/2025\/09\/13\/formula1\/1233636-la-firma-de-vavel-una-formula-1-sin-sal.html\" rel=\"nofollow noopener\" target=\"_blank\">McLaren <\/a><\/strong>con <strong><strong><a href=\"https:\/\/www.vavel.com\/es\/motor\/2024\/10\/22\/formula1\/1201395-el-bicampeonato-de-fernando-alonso-cumple-la-mayoria-de-edad.html\" rel=\"nofollow noopener\" target=\"_blank\">Michael Schumacher<\/a><\/strong> <\/strong>en sus filas, pero en los 3 a\u00f1os siguientes nadie pudo volver a pararles.<\/p>\n<p>Sin embargo, lleg\u00f3 la combinaci\u00f3n <strong><a href=\"https:\/\/www.vavel.com\/es\/motor\/2025\/03\/11\/formula1\/1216514-ecclestone-se-posiciona-verstappen-igualara-el-hito-de-michael-schumacher.html\" rel=\"nofollow noopener\" target=\"_blank\">Michael Schumacher <\/a><\/strong>&#8211; <strong>Ferrari <\/strong>y durante 6 temporadas los <strong>italianos <\/strong>se llevaron el trofeo.<\/p>\n<p>Despu\u00e9s, en <strong>2005 y 2006<\/strong> lleg\u00f3 <strong><a href=\"https:\/\/www.vavel.com\/es\/data\/fernando-alonso\" rel=\"nofollow noopener\" target=\"_blank\">Fernando Alonso<\/a><\/strong> para quitarle el <strong>trono<\/strong> a <strong><a href=\"https:\/\/www.vavel.com\/es\/motor\/2025\/10\/12\/superbikes\/1237350-razgatlioglu-se-impone-en-una-superpole-de-alto-voltaje-bautista-conserva-el-podio-ante-la-presion-final.html\" rel=\"nofollow noopener\" target=\"_blank\">Michael <\/a><\/strong>y llevarse el <strong>trofeo <\/strong>a casa de los franceses con <strong><a href=\"https:\/\/www.vavel.com\/es\/motor\/2025\/07\/07\/formula1\/1227237-nico-hulkenberg-hace-historia.html\" rel=\"nofollow noopener\" target=\"_blank\">Renault<\/a><\/strong>. Tras ellos, <strong>Ferrari <\/strong>en 2007 y 2008 volvieron a <strong>coronarse<\/strong>, para dar paso a <strong><a href=\"https:\/\/www.vavel.com\/es\/motor\/2022\/12\/08\/formula1\/1131631-la-fia-quiere-recortar-las-zonas-de-drs-para-2023.html\" rel=\"nofollow noopener\" target=\"_blank\">Brawn <\/a><\/strong>y una temporada de ensue\u00f1o en el a\u00f1o 2009.<\/p>\n<p><img decoding=\"async\" src=\"https:\/\/www.europesays.com\/es\/wp-content\/uploads\/2025\/10\/G1sAM7kXMAALF17.jpg\"\/><br \/>\nFernando Alonso y Renault \/ @F1<\/p>\n<p>En <strong>2010 <\/strong>lleg\u00f3 al asociaci\u00f3n de <strong><strong><a href=\"https:\/\/www.vavel.com\/es\/motor\/2025\/09\/02\/formula1\/1232475-remember-gran-premio-de-monza-2024-ferrari-y-charles-leclerc-un-amor-incondicional.html\" rel=\"nofollow noopener\" target=\"_blank\">Sebastian Vettel<\/a><\/strong> <\/strong>con <strong><a href=\"https:\/\/www.vavel.com\/es\/motor\/2025\/09\/08\/formula1\/1233118-asi-queda-la-formula-1-despues-del-gran-premio-de-italia.html\" rel=\"nofollow noopener\" target=\"_blank\">Red Bull <\/a><\/strong>y, por primera vez en la historia, se hac\u00edan con el trofeo de <strong>Campeones <\/strong>de <strong>Constructores<\/strong>. No fue hasta 2014 que lleg\u00f3 el dominio absoluto de <strong><a href=\"https:\/\/www.vavel.com\/es\/motor\/2025\/08\/19\/formula1\/1230901-silly-season-2026.html\" rel=\"nofollow noopener\" target=\"_blank\">Mercedes <\/a><\/strong>para hacerse con 8 trofeos de manera consecutiva.<\/p>\n<p>En 2022, despu\u00e9s de una temporada so\u00f1ada para <strong><a href=\"https:\/\/www.vavel.com\/es\/motor\/2025\/09\/17\/formula1\/1234080-calculadora-vavel-las-calles-de-baku-seran-testigo-de-un-nuevo-duelo-por-el-campeonato.html\" rel=\"nofollow noopener\" target=\"_blank\">Max Verstappen <\/a><\/strong>en 2021, Red Bull se proclam\u00f3 campe\u00f3n del mundo de constructores, para <strong>repetirlo <\/strong>en el a\u00f1o 2023.<\/p>\n<p>En <strong>2024<\/strong>, <strong>McLaren <\/strong>volvi\u00f3 a lo m\u00e1s alto del podio de las escuder\u00edas tras muchos a\u00f1os fuera de la lucha. Ahora, en <strong>2025<\/strong>, han vuelto a poner a <strong>McLaren <\/strong>en el lugar de donde nunca debi\u00f3 irse.<\/p>\n<p><img decoding=\"async\" src=\"https:\/\/www.europesays.com\/es\/wp-content\/uploads\/2025\/10\/G2gB2CjWUAApyK2-1.jpg\"\/><br \/>\nEl d\u00e9cimo trofeo de McLaren \/ @F1<\/p>\n<p><strong>CLASIFICACI\u00d3N<\/strong><br \/>1\u00ba &#8211; Ferrari: 16<br \/><strong>2\u00ba &#8211; McLaren: 10<\/strong><br \/>3\u00ba &#8211; Williams: 9<br \/>4\u00ba &#8211; Mercedes: 8<br \/>5\u00ba &#8211; Lotus: 7<br \/>6\u00ba &#8211; Red Bull: 6<br \/>7\u00ba &#8211; Cooper \/ Brabham \/ Renault: 2<br \/>10\u00ba &#8211; Vanwall \/ Benetton \/ BRM \/ Matra \/ Tyrrell \/ Brawn: 1<\/p>\n<p><img decoding=\"async\" src=\"https:\/\/www.europesays.com\/es\/wp-content\/uploads\/2025\/10\/F6x4CGjXoAAlGrz-1.jpg\"\/><br \/>\nRed Bull celebrando el campeonato en 2023 \/ @redbullracing<\/p>\n<p>McLaren, 10 veces campe\u00f3n<\/p>\n<p><strong>1974, EL PRIMERO <\/strong><br \/><strong>McLaren <\/strong>se hizo con el primer trofeo de campeones del mundo de constructores despu\u00e9s de un fichaje estrella: <strong>Emerson Fittipaldi<\/strong>. El piloto <strong>brasile\u00f1o <\/strong>sali\u00f3 campe\u00f3n ese a\u00f1o tras varias victorias cruciales durante la temporada.<\/p>\n<p><strong>1984 y 1985, DOBLETE DE CAMPEONES<\/strong><br \/>Con una <strong>dupla <\/strong>de ensue\u00f1o con <strong><strong><a href=\"https:\/\/www.vavel.com\/es\/motor\/2024\/09\/05\/formula1\/1195214-red-bull-dice-adios-a-una-de-sus-leyendas-adrian-newey.html\" rel=\"nofollow noopener\" target=\"_blank\">Alain Prost<\/a><\/strong> <\/strong>y <strong><a href=\"https:\/\/www.vavel.com\/es\/motor\/2024\/03\/25\/formula1\/1177300-los-10-maximos-ganadores-en-la-historia-ferrari.html\" rel=\"nofollow noopener\" target=\"_blank\">Niki Lauda<\/a><\/strong>, <strong>McLaren <\/strong>lleg\u00f3 a lo m\u00e1s alto de la <strong><a href=\"https:\/\/www.vavel.com\/es\/motor\/2025\/09\/15\/formula1\/1233870-esteban-ocon-propone-revivir-la-superpole.html\" rel=\"nofollow noopener\" target=\"_blank\">F\u00f3rmula 1<\/a><\/strong>. Sali\u00f3 primero campe\u00f3n con <strong>Lauda <\/strong>y despu\u00e9s con <strong><a href=\"https:\/\/www.vavel.com\/es\/motor\/2024\/07\/12\/formula1\/1188178-gran-premio-de-europa-1993-ayrton-senna-dios-de-la-lluvia.html\" rel=\"nofollow noopener\" target=\"_blank\">Prost<\/a><\/strong>, para hacerse con los t\u00edtulos de constructores en ambos a\u00f1os.<\/p>\n<p><strong>DE 1988 A 1991, TURNO DE SENNA <\/strong><br \/>Ayrton <strong><a href=\"https:\/\/www.vavel.com\/es\/motor\/2025\/02\/19\/formula1\/1214230-f1-75-live-la-formula-1-esta-de-vuelta.html\" rel=\"nofollow noopener\" target=\"_blank\">Senna <\/a><\/strong>lleg\u00f3 a <strong>McLaren <\/strong>para hacer historia y, junto a <strong><a href=\"https:\/\/www.vavel.com\/es\/motor\/2024\/04\/04\/formula1\/1178517-la-formula-1-vuelve-al-mitico-suzuka.html\" rel=\"nofollow noopener\" target=\"_blank\">Prost<\/a><\/strong>, lo consigui\u00f3. Se llevaron el t\u00edtulo 4 veces <strong>consecutivas <\/strong>y, adem\u00e1s, tambi\u00e9n salieron campe\u00f3n sus pilotos: <strong><a href=\"https:\/\/www.vavel.com\/es\/motor\/2025\/01\/24\/formula1\/1211204-hamilton-vuelve-a-los-origenes.html\" rel=\"nofollow noopener\" target=\"_blank\">Senna <\/a><\/strong>(3) y <strong>Prost<\/strong>.<\/p>\n<p><img decoding=\"async\" src=\"https:\/\/www.europesays.com\/es\/wp-content\/uploads\/2025\/10\/CpMcT3-WYAEhcvg.jpg\"\/><br \/>\nSenna con McLaren \/ @F1<\/p>\n<p><strong>1998, DUPLA DE ORO<\/strong><br \/>De nuevo, gracias a una combinaci\u00f3n de pilotos <strong>extraordinaria<\/strong>, la m\u00edtica escuder\u00eda <strong>inglesa <\/strong>consigui\u00f3 hacerse con ambos t\u00edtulos de la mano de <strong><strong><a href=\"https:\/\/www.vavel.com\/es\/motor\/2024\/07\/13\/formula1\/1188275-sainz-como-piloto-de-reserva-en-ferrari.html\" rel=\"nofollow noopener\" target=\"_blank\">David Coulthard<\/a><\/strong> <\/strong>y <strong><a href=\"https:\/\/www.vavel.com\/es\/motor\/2016\/08\/25\/formula1\/685872-gp-belgica-de-1998-la-ultima-de-damon-hill-entre-la-lluvia-y-el-caos.html\" rel=\"nofollow noopener\" target=\"_blank\">Mika H\u00e4kkinen<\/a><\/strong>, campe\u00f3n del mundo esa temporada a nivel individual.<\/p>\n<p><strong>2024, VUELTA A LO M\u00c1S ALTO<\/strong><br \/>Despu\u00e9s de una segunda parte de la temporada extraordinaria, donde <strong><a href=\"https:\/\/www.vavel.com\/es\/motor\/2025\/09\/06\/formula1\/1232892-max-verstappen-vuelve-a-hacer-de-las-suyas-y-se-lleva-la-pole-en-monza.html\" rel=\"nofollow noopener\" target=\"_blank\">Lando <\/a><\/strong>y <strong><a href=\"https:\/\/www.vavel.com\/es\/motor\/2025\/09\/10\/formula1\/1233283-la-decision-crucial-de-mclaren.html\" rel=\"nofollow noopener\" target=\"_blank\">Oscar <\/a><\/strong>dieron un salto de <strong>calidad <\/strong>notable en la parrilla, los resultados y los puntos comenzaron a llegar solos. Tal fue el nivel, que consiguieron arrebatarle el t\u00edtulo a un <strong><a href=\"https:\/\/www.vavel.com\/es\/motor\/2025\/09\/07\/formula1\/1233016-max-verstappen-reina-en-monza-con-un-ritmo-impresionante.html\" rel=\"nofollow noopener\" target=\"_blank\">Max Verstappen <\/a><\/strong>intratable con su <strong><a href=\"https:\/\/www.vavel.com\/es\/motor\/2025\/08\/25\/formula1\/1231624-formula-1-y-musica-una-alianza-sobre-ruedas.html\" rel=\"nofollow noopener\" target=\"_blank\">Red Bull<\/a><\/strong>.<\/p>\n<p><strong>2025, SIGUE LA MAGIA <\/strong><br \/>Con un coche <strong>notablemente <\/strong>superior y unos pilotos en plena lucha por el campeonato individual, los resultados en <strong>McLaren <\/strong>son sobresalientes. La <strong>diferencia <\/strong>con el segundo clasificado es abismal y, a falta de 6 carreras para el final de la <strong>temporada<\/strong>, ya tienen uno de los dos t\u00edtulos <strong>asegurado<\/strong>.<\/p>\n<p><img decoding=\"async\" src=\"https:\/\/www.europesays.com\/es\/wp-content\/uploads\/2025\/10\/G2_32JNXUAAuZs8.jpg\"\/><br \/>\nMcLaren celebrando el t\u00edtulo de campeones \/ @McLarenF1<\/p>\n","protected":false},"excerpt":{"rendered":"La notable superioridad vivida carrera tras carrera de Piastri y Norris sobre los dem\u00e1s 18 pilotos de la&hellip;\n","protected":false},"author":2,"featured_media":177354,"comment_status":"","ping_status":"","sticky":false,"template":"","format":"standard","meta":{"footnotes":""},"categories":[270],"tags":[6518,6519,168,25,24,306,2096,271,272,2104,2704,14598,2106,21368,23,167],"class_list":{"0":"post-177353","1":"post","2":"type-post","3":"status-publish","4":"format-standard","5":"has-post-thumbnail","7":"category-formula-1","8":"tag-alain-prost","9":"tag-ayrton-senna","10":"tag-deportes","11":"tag-es","12":"tag-espana","13":"tag-f1","14":"tag-fernando-alonso","15":"tag-formula-1","16":"tag-formula1","17":"tag-lando-norris","18":"tag-mclaren","19":"tag-michael-schumacher","20":"tag-oscar-piastri","21":"tag-sebastian-vettel","22":"tag-spain","23":"tag-sports"},"share_on_mastodon":{"url":"","error":""},"_links":{"self":[{"href":"https:\/\/www.europesays.com\/es\/wp-json\/wp\/v2\/posts\/177353","targetHints":{"allow":["GET"]}}],"collection":[{"href":"https:\/\/www.europesays.com\/es\/wp-json\/wp\/v2\/posts"}],"about":[{"href":"https:\/\/www.europesays.com\/es\/wp-json\/wp\/v2\/types\/post"}],"author":[{"embeddable":true,"href":"https:\/\/www.europesays.com\/es\/wp-json\/wp\/v2\/users\/2"}],"replies":[{"embeddable":true,"href":"https:\/\/www.europesays.com\/es\/wp-json\/wp\/v2\/comments?post=177353"}],"version-history":[{"count":0,"href":"https:\/\/www.europesays.com\/es\/wp-json\/wp\/v2\/posts\/177353\/revisions"}],"wp:featuredmedia":[{"embeddable":true,"href":"https:\/\/www.europesays.com\/es\/wp-json\/wp\/v2\/media\/177354"}],"wp:attachment":[{"href":"https:\/\/www.europesays.com\/es\/wp-json\/wp\/v2\/media?parent=177353"}],"wp:term":[{"taxonomy":"category","embeddable":true,"href":"https:\/\/www.europesays.com\/es\/wp-json\/wp\/v2\/categories?post=177353"},{"taxonomy":"post_tag","embeddable":true,"href":"https:\/\/www.europesays.com\/es\/wp-json\/wp\/v2\/tags?post=177353"}],"curies":[{"name":"wp","href":"https:\/\/api.w.org\/{rel}","templated":true}]}}