{"id":177365,"date":"2025-10-15T00:44:16","date_gmt":"2025-10-15T00:44:16","guid":{"rendered":"https:\/\/www.europesays.com\/es\/177365\/"},"modified":"2025-10-15T00:44:16","modified_gmt":"2025-10-15T00:44:16","slug":"critica-de-sabaton-legends-mariskalrock-com","status":"publish","type":"post","link":"https:\/\/www.europesays.com\/es\/177365\/","title":{"rendered":"Cr\u00edtica de Sabaton: Legends &#8211; MariskalRock.com"},"content":{"rendered":"<p style=\"text-align: center;\">\u201cA los h\u00e9roes se les recuerda, las leyendas nunca mueren\u201d. Esta frase de una pel\u00edcula de los noventa es tan cierta como la vida misma. En el caso de Sabaton, all\u00e1 por el a\u00f1o 2014 se convirtieron en \u201ch\u00e9roes\u201d con el disco que les dio el impulso definitivo a los grandes escenarios y ahora con este nuevo trabajo, \u2018Legends\u2019, buscan la gloria que les coloque en el Olimpo junto a los m\u00e1s grandes.<\/p>\n<p>El und\u00e9cimo trabajo de los suecos se enfoca no tanto en grandes batallas como en anteriores trabajos sino en varias de las personalidades m\u00e1s relevantes de la historia: Napole\u00f3n, Juana de Arco o An\u00edbal, y a todas se les hace justicia, sin duda.<\/p>\n<p>El disco consta de once temas, comenzando por \u201cTemplars\u201d, una declaraci\u00f3n de intenciones de lo que es el \u00e1lbum, con una palabra se define todo: \u00e9pica. Cada uno de los cortes son himnos recordando a los grandes temas de bandas como Manowar, ya sab\u00e9is la sensaci\u00f3n de escuchar esas canciones y querer coger tu espada e ir al campo de batalla, pues eso mismo.<\/p>\n<p style=\"text-align: center;\">\n<p>\u201cHordes of Khan\u201d abre la veda a los temas r\u00e1pidos, m\u00e1s power metal, con el doble bombo marcad\u00edsimo tan caracter\u00edstico de la banda, las guitarras con riffs marcados brillan con luz propia, muy Sabaton, sin duda. \u201cA Tiger Among Dragons\u201d quiz\u00e1 sea mi menos favorita del disco junto a \u201cLightning at the Gates\u201d. Son temas algo m\u00e1s machacones y densos, pero s\u00ed destacan unos muy buenos solos en ambos temas.<\/p>\n<p style=\"text-align: center;\">\n<p>Una de las grandes joyas del \u00e1lbum es sin duda <strong><a target=\"_blank\" href=\"https:\/\/mariskalrock.com\/actualidad\/sabaton-lanza-crossing-the-rubicon-nuevo-single-de-su-proximo-disco-legends-con-miembros-de-nothing-more\/\" rel=\"nofollow noopener\">\u201cCrossing the Rubicon\u201d<\/a><\/strong>, la gran gesta de Julio Cesar es carne de directo y es un tema que lo tiene todo, potencia, \u00e9pica y est\u00e1 ejecutada a la perfecci\u00f3n. Y junto a esta destaco tambi\u00e9n \u201cMaid of Steel\u201d, que es mi favorita sin duda, una canci\u00f3n del tipo que me hizo enamorar de la banda: r\u00e1pida, con mucha fuerza, con una l\u00ednea vocal mezclada con coros \u00e9picos, que por cierto se hacen presentes en varios momentos del \u00e1lbum de manera magistral.<\/p>\n<p style=\"text-align: center;\">\n<p>Hay temas que siguen un patr\u00f3n un tanto m\u00e1s lento: \u201cI, Emperor\u201d, \u201cImpaler\u201d y \u201cThe Cycle of Songs\u201d, siendo esta la que m\u00e1s destaco, tiene una fuerza especial y un trabajo en las guitarras muy memorable. Cierra el disco \u201cThe Duelist\u201d, estilo muy cl\u00e1sico de la banda, un riff muy marcado y machac\u00f3n, estrofas r\u00e1pidas con puentes largos y un estribillo m\u00e1s r\u00e1pido. La \u00faltima del disco es una canci\u00f3n muy especial, ya que est\u00e1 cantada en sueco, se llama \u201cTill Seger\u201d y nos cuenta la historia de Gustavo Adolfo, rey de Suecia.<\/p>\n<p>Sabaton barre para casa para dar portazo a un muy buen disco que, si bien no es nada nuevo bajo el sol, es un \u00e1lbum muy disfrutable si te gusta la banda y una buena puerta de entrada si la est\u00e1s descubriendo a trav\u00e9s de estos temas. Recomendaci\u00f3n personal ser\u00eda escuchar este tema con las letras delante para poder comprender bien cada historia que cuenta Sabaton en cada uno de los temas, en mi opini\u00f3n, les hace mucho m\u00e1s disfrutables.<\/p>\n<p><a target=\"_blank\" href=\"https:\/\/tienda.mariskalrock.com\/producto\/la-heavy-474-ya-a-la-venta-con-sabaton-en-portada-junto-a-ozzy-osbourne-ac-dc-guns-n-roses-iron-maiden-o-bryan-adams\/\" rel=\"nofollow noopener\"><img fetchpriority=\"high\" decoding=\"async\" class=\"aligncenter wp-image-362105 size-full\" src=\"https:\/\/www.europesays.com\/es\/wp-content\/uploads\/2025\/10\/la-heavy-474-slider.jpg\" alt=\"\" width=\"615\" height=\"300\"  \/><\/a><\/p>\n<p>Y si quieres verlos en directo recuerda que el pr\u00f3ximo verano <strong><a target=\"_blank\" href=\"https:\/\/mariskalrock.com\/actualidad\/rock-imperium-festival-anuncia-a-iron-maiden-y-sabaton-entre-las-primeras-confirmaciones-de-su-cartel-para-2026\/\" rel=\"nofollow noopener\">estar\u00e1n en el festival Rock Imperium junto a Iron Maiden y muchas otras bandas<\/a><\/strong>.<\/p>\n<p>Precisamente, los suecos son uno de los contenidos destacados del <strong><a target=\"_blank\" href=\"https:\/\/tienda.mariskalrock.com\/producto\/la-heavy-474-ya-a-la-venta-con-sabaton-en-portada-junto-a-ozzy-osbourne-ac-dc-guns-n-roses-iron-maiden-o-bryan-adams\/\" rel=\"nofollow noopener\">n\u00famero 474 de La Heavy<\/a><\/strong>, con cien p\u00e1ginas y <strong>Sabaton<\/strong> en portada junto a <strong>AC\/DC<\/strong>, <strong>Guns N\u2019 Roses<\/strong>, <strong>Iron Maiden<\/strong>, <strong>Bryan Adams<\/strong> y muchos m\u00e1s contenidos interesantes que te est\u00e1n esperando. <strong><a target=\"_blank\" href=\"https:\/\/tienda.mariskalrock.com\/producto\/la-heavy-474-ya-a-la-venta-con-sabaton-en-portada-junto-a-ozzy-osbourne-ac-dc-guns-n-roses-iron-maiden-o-bryan-adams\/\" rel=\"nofollow noopener\">Visita nuestra tienda online<\/a><\/strong> para no perderte nada.<\/p>\n<p>                         <a target=\"_blank\" href=\"http:\/\/\/\/mariskalrock.com\" class=\"url\" title=\"Redacci\u00f3n\" rel=\"nofollow\"> <img loading=\"lazy\" decoding=\"async\" alt=\"Redacci\u00f3n\" src=\"https:\/\/www.europesays.com\/es\/wp-content\/uploads\/2025\/10\/5ee478bf2a98867b9a8d865f0c52fc8e47eb03788ee7ade55d6bc09765f95669\"  class=\"avatar avatar-250 photo\" height=\"250\" width=\"250\"\/><\/a>  <a href=\"http:\/\/\/\/mariskalrock.com\" class=\"url\" target=\"_blank\" title=\"Redacci\u00f3n\" rel=\"nofollow\"><img loading=\"lazy\" decoding=\"async\" alt=\"Redacci\u00f3n\" src=\"https:\/\/www.europesays.com\/es\/wp-content\/uploads\/2025\/10\/5ee478bf2a98867b9a8d865f0c52fc8e47eb03788ee7ade55d6bc09765f95669\"  class=\"avatar avatar-250 photo\" height=\"250\" width=\"250\"\/><\/a>\u00daltimas entradas de Redacci\u00f3n (<a target=\"_blank\" href=\"https:\/\/mariskalrock.com\/author\/juanpi\/\" rel=\"nofollow noopener\">ver todo<\/a>)  <\/p>\n","protected":false},"excerpt":{"rendered":"\u201cA los h\u00e9roes se les recuerda, las leyendas nunca mueren\u201d. Esta frase de una pel\u00edcula de los noventa&hellip;\n","protected":false},"author":2,"featured_media":177366,"comment_status":"","ping_status":"","sticky":false,"template":"","format":"standard","meta":{"footnotes":""},"categories":[170],"tags":[1497,146,147,25,24,12152,4622,184,185,4262,32019,23],"class_list":{"0":"post-177365","1":"post","2":"type-post","3":"status-publish","4":"format-standard","5":"has-post-thumbnail","7":"category-musica","8":"tag-critica","9":"tag-entertainment","10":"tag-entretenimiento","11":"tag-es","12":"tag-espana","13":"tag-legends","14":"tag-mr2022","15":"tag-music","16":"tag-musica","17":"tag-resena","18":"tag-sabaton","19":"tag-spain"},"share_on_mastodon":{"url":"","error":""},"_links":{"self":[{"href":"https:\/\/www.europesays.com\/es\/wp-json\/wp\/v2\/posts\/177365","targetHints":{"allow":["GET"]}}],"collection":[{"href":"https:\/\/www.europesays.com\/es\/wp-json\/wp\/v2\/posts"}],"about":[{"href":"https:\/\/www.europesays.com\/es\/wp-json\/wp\/v2\/types\/post"}],"author":[{"embeddable":true,"href":"https:\/\/www.europesays.com\/es\/wp-json\/wp\/v2\/users\/2"}],"replies":[{"embeddable":true,"href":"https:\/\/www.europesays.com\/es\/wp-json\/wp\/v2\/comments?post=177365"}],"version-history":[{"count":0,"href":"https:\/\/www.europesays.com\/es\/wp-json\/wp\/v2\/posts\/177365\/revisions"}],"wp:featuredmedia":[{"embeddable":true,"href":"https:\/\/www.europesays.com\/es\/wp-json\/wp\/v2\/media\/177366"}],"wp:attachment":[{"href":"https:\/\/www.europesays.com\/es\/wp-json\/wp\/v2\/media?parent=177365"}],"wp:term":[{"taxonomy":"category","embeddable":true,"href":"https:\/\/www.europesays.com\/es\/wp-json\/wp\/v2\/categories?post=177365"},{"taxonomy":"post_tag","embeddable":true,"href":"https:\/\/www.europesays.com\/es\/wp-json\/wp\/v2\/tags?post=177365"}],"curies":[{"name":"wp","href":"https:\/\/api.w.org\/{rel}","templated":true}]}}