{"id":177371,"date":"2025-10-15T00:48:12","date_gmt":"2025-10-15T00:48:12","guid":{"rendered":"https:\/\/www.europesays.com\/es\/177371\/"},"modified":"2025-10-15T00:48:12","modified_gmt":"2025-10-15T00:48:12","slug":"diane-keaton-impacto-al-mundo-a-los-75-anos-luciendo-un-look-arriesgado-con-camisa-y-botas-de-tacon-que-ahora-es-viral","status":"publish","type":"post","link":"https:\/\/www.europesays.com\/es\/177371\/","title":{"rendered":"Diane Keaton impact\u00f3 al mundo a los 75 a\u00f1os luciendo un look arriesgado con camisa y botas de tac\u00f3n que ahora es viral"},"content":{"rendered":"<p data-journey-content=\"true\" data-node-id=\"1\" class=\"css-6wxqfj emevuu60\">Puede que <strong data-node-id=\"1.1\"><a href=\"https:\/\/www.harpersbazaar.com\/es\/famosas\/el-estilo-de\/g293970\/el-estilo-eterno-de-diane-keaton\/\" target=\"_blank\" data-vars-ga-outbound-link=\"https:\/\/www.harpersbazaar.com\/es\/famosas\/el-estilo-de\/g293970\/el-estilo-eterno-de-diane-keaton\/\" data-vars-ga-ux-element=\"Hyperlink\" data-vars-ga-call-to-action=\"Diane Keaton\" data-node-id=\"1.1.0\" class=\"body-link css-156jt4g emevuu60\" rel=\"nofollow noopener\">Diane Keaton<\/a><\/strong> fuera la mujer con el <strong data-node-id=\"1.3\">estilo m\u00e1s personal<\/strong> de todo Hollywood. Una de las pocas actrices que no destacaba por seguir las tendencias con maestr\u00eda, sino por inventarlas con genuinidad. Los chalecos, las <a href=\"https:\/\/www.harpersbazaar.com\/es\/famosas\/el-estilo-de\/a44989052\/corbatas-mujer-moda-otono-lady-di-estilo-como-llevar\/\" target=\"_blank\" data-vars-ga-outbound-link=\"https:\/\/www.harpersbazaar.com\/es\/famosas\/el-estilo-de\/a44989052\/corbatas-mujer-moda-otono-lady-di-estilo-como-llevar\/\" data-vars-ga-ux-element=\"Hyperlink\" data-vars-ga-call-to-action=\"corbatas\" data-node-id=\"1.5\" class=\"body-link css-156jt4g emevuu60\" rel=\"nofollow noopener\">corbatas<\/a> &#8216;feas&#8217;, los sombreros o los zapatos tradicionalmente masculinos se convirtieron en un uniforme que la acompa\u00f1\u00f3 durante toda su vida y mucho m\u00e1s all\u00e1 de su personaje de <a href=\"https:\/\/www.harpersbazaar.com\/es\/moda\/tendencias\/a33976127\/chaleco-corbata-tendencia-otono-invierno-annie-hall-diane-keaton\/\" target=\"_blank\" data-vars-ga-outbound-link=\"https:\/\/www.harpersbazaar.com\/es\/moda\/tendencias\/a33976127\/chaleco-corbata-tendencia-otono-invierno-annie-hall-diane-keaton\/\" data-vars-ga-ux-element=\"Hyperlink\" data-vars-ga-call-to-action=\"Annie Hall\" data-node-id=\"1.7\" class=\"body-link css-156jt4g emevuu60\" rel=\"nofollow noopener\">Annie Hall<\/a>, que vest\u00eda as\u00ed, en parte, porque Woody Allen se inspir\u00f3 en la propia Keaton para crearlo. Es m\u00e1s, en el filme que le vali\u00f3 uno de sus cuatro Oscar, la estadounidense luc\u00eda muchas prendas que pertenec\u00edan a su armario personal.<\/p>\n<p data-journey-content=\"true\" data-node-id=\"4\" class=\"css-6wxqfj emevuu60\">Fiel a su propio sentido est\u00e9tico y alejada de los c\u00e1nones que se exig\u00edan a las actrices j\u00f3venes \u2013y sex symbols\u2013 de la \u00e9poca, Keaton apost\u00f3 por los <strong data-node-id=\"4.3\">trajes, los bombines y las corbatas<\/strong> incluso en grandes alfombras rojas como las de los Oscar. Cualquiera de los looks que luci\u00f3 a lo largo de su vida son dignos de reivindicaci\u00f3n tras su muerte, pero es un estilismo inesperado y alejado a su estilo habitual el que est\u00e1 acaparando la atenci\u00f3n en las redes sociales.<\/p>\n<p data-journey-content=\"true\" data-node-id=\"7\" class=\"css-6wxqfj emevuu60\">En marzo de 2021, la actriz fue fotografiada en Palm Springs luciendo una largu\u00edsima <strong data-node-id=\"7.1\"><a href=\"https:\/\/www.harpersbazaar.com\/es\/belleza\/compras-belleza\/g40284241\/mejores-peinados-mujeres-canas\/\" target=\"_blank\" data-vars-ga-outbound-link=\"https:\/\/www.harpersbazaar.com\/es\/belleza\/compras-belleza\/g40284241\/mejores-peinados-mujeres-canas\/\" data-vars-ga-ux-element=\"Hyperlink\" data-vars-ga-call-to-action=\"melena canosa\" data-node-id=\"7.1.0\" class=\"body-link css-156jt4g emevuu60\" rel=\"nofollow noopener\">melena canosa<\/a>,<\/strong> una camisa blanca oversize a modo de vestido y unas ajustadas botas-legging de tac\u00f3n. Una combinaci\u00f3n muy contempor\u00e1nea y moderna que llam\u00f3 especialmente la atenci\u00f3n porque Keaton la defendi\u00f3 a los<strong data-node-id=\"7.7\"> 75 a\u00f1os de edad<\/strong> con m\u00e1s actitud que muchas veintea\u00f1eras. La raz\u00f3n del look era profesional \u2013fue uno de los estilismos que luc\u00eda en la pel\u00edcula Mack &amp; Rita, traducida en Espa\u00f1a como Con canas y a lo loco\u2013, pero sirve para ilustrar muy bien c\u00f3mo Keaton convirti\u00f3 la moda en una herramienta para desafiar imposiciones. <\/p>\n<p data-journey-content=\"true\" data-node-id=\"11\" class=\"css-6wxqfj emevuu60\">Si bien el estilismo de dif\u00edcil manera se hubiera colado en su vida real, en la que prefer\u00eda la comodidad de las prendas amplias y andr\u00f3ginas y la firmeza del <a href=\"https:\/\/www.harpersbazaar.com\/es\/moda\/compras\/a68164866\/zapato-plano-punta-cuadrada-zara-pasarela\/\" target=\"_blank\" data-vars-ga-outbound-link=\"https:\/\/www.harpersbazaar.com\/es\/moda\/compras\/a68164866\/zapato-plano-punta-cuadrada-zara-pasarela\/\" data-vars-ga-ux-element=\"Hyperlink\" data-vars-ga-call-to-action=\"zapato plano\" data-node-id=\"11.1\" class=\"body-link css-156jt4g emevuu60\" rel=\"nofollow noopener\">zapato plano<\/a>\u2013, se ha convertido en uno de los m\u00e1s recordados y virales tras su <a href=\"https:\/\/www.instagram.com\/p\/DPrjRWijdOb\/?hl=es&amp;img_index=1\" target=\"_blank\" data-vars-ga-outbound-link=\"https:\/\/www.instagram.com\/p\/DPrjRWijdOb\/?hl=es&amp;img_index=1\" data-vars-ga-ux-element=\"Hyperlink\" data-vars-ga-call-to-action=\"muerte el pasado 11 de octubre a los 79 a\u00f1os\" data-node-id=\"11.3\" class=\"body-link css-156jt4g emevuu60\" rel=\"nofollow noopener\">muerte el pasado 11 de octubre a los 79 a\u00f1os<\/a>. Numerosas cuentas de Instagram y X han recuperado la imagen y los comentarios que aplauden su estilo se cuentan por miles. Un \u00faltimo regalo est\u00e9tico que nos deja la que fue un <strong data-node-id=\"11.5\">aut\u00e9ntico icono de la moda<\/strong> durante toda su vida.<\/p>\n<p><img src=\"https:\/\/www.europesays.com\/es\/wp-content\/uploads\/2025\/10\/529943fb-ea98-4b38-a684-2d51e1de0e55_1657791579.file\" alt=\"Headshot of Clara Ferrero\" title=\"Headshot of Clara Ferrero\" width=\"100%\" height=\"100%\" decoding=\"async\" loading=\"lazy\" class=\"css-o0wq4v ev8dhu53\"\/><\/p>\n<p>Clara Ferrero es redactora jefa digital de Harper\u2019s Bazaar. Licenciada en Periodismo y Comunicaci\u00f3n Audiovisual en 2013, y especialista en Comunicaci\u00f3n de Moda, ha desarrollado la mayor parte de su carrera en la revista S Moda (El Pa\u00eds). Tambi\u00e9n es cocreadora de &#8216;Un Podcast de Moda&#8217;, el primero en castellano especializado en la tem\u00e1tica, en el que repite de boquilla todo lo que ya ha dicho antes en sus textos. \u00a0<\/p>\n<p><script async src=\"\/\/www.instagram.com\/embed.js\"><\/script><\/p>\n","protected":false},"excerpt":{"rendered":"Puede que Diane Keaton fuera la mujer con el estilo m\u00e1s personal de todo Hollywood. Una de las&hellip;\n","protected":false},"author":2,"featured_media":177372,"comment_status":"","ping_status":"","sticky":false,"template":"","format":"standard","meta":{"footnotes":""},"categories":[91],"tags":[253,146,147,25,24,23],"class_list":{"0":"post-177371","1":"post","2":"type-post","3":"status-publish","4":"format-standard","5":"has-post-thumbnail","7":"category-entretenimiento","8":"tag-discover","9":"tag-entertainment","10":"tag-entretenimiento","11":"tag-es","12":"tag-espana","13":"tag-spain"},"share_on_mastodon":{"url":"","error":""},"_links":{"self":[{"href":"https:\/\/www.europesays.com\/es\/wp-json\/wp\/v2\/posts\/177371","targetHints":{"allow":["GET"]}}],"collection":[{"href":"https:\/\/www.europesays.com\/es\/wp-json\/wp\/v2\/posts"}],"about":[{"href":"https:\/\/www.europesays.com\/es\/wp-json\/wp\/v2\/types\/post"}],"author":[{"embeddable":true,"href":"https:\/\/www.europesays.com\/es\/wp-json\/wp\/v2\/users\/2"}],"replies":[{"embeddable":true,"href":"https:\/\/www.europesays.com\/es\/wp-json\/wp\/v2\/comments?post=177371"}],"version-history":[{"count":0,"href":"https:\/\/www.europesays.com\/es\/wp-json\/wp\/v2\/posts\/177371\/revisions"}],"wp:featuredmedia":[{"embeddable":true,"href":"https:\/\/www.europesays.com\/es\/wp-json\/wp\/v2\/media\/177372"}],"wp:attachment":[{"href":"https:\/\/www.europesays.com\/es\/wp-json\/wp\/v2\/media?parent=177371"}],"wp:term":[{"taxonomy":"category","embeddable":true,"href":"https:\/\/www.europesays.com\/es\/wp-json\/wp\/v2\/categories?post=177371"},{"taxonomy":"post_tag","embeddable":true,"href":"https:\/\/www.europesays.com\/es\/wp-json\/wp\/v2\/tags?post=177371"}],"curies":[{"name":"wp","href":"https:\/\/api.w.org\/{rel}","templated":true}]}}