{"id":177375,"date":"2025-10-15T00:51:08","date_gmt":"2025-10-15T00:51:08","guid":{"rendered":"https:\/\/www.europesays.com\/es\/177375\/"},"modified":"2025-10-15T00:51:08","modified_gmt":"2025-10-15T00:51:08","slug":"el-primer-ministro-frances-anuncia-la-suspension-de-la-reforma-de-las-pensiones-de-macron-para-evitar-otra-crisis-politica","status":"publish","type":"post","link":"https:\/\/www.europesays.com\/es\/177375\/","title":{"rendered":"El primer ministro franc\u00e9s anuncia la suspensi\u00f3n de la reforma de las pensiones de Macron para evitar otra crisis pol\u00edtica"},"content":{"rendered":"<p class=\"article-text\">\n        El <a href=\"https:\/\/www.eldiario.es\/internacional\/macron-vuelve-negar-gobierno-izquierda-nombra-nuevo-primer-ministro-sebastien-lecornu_1_12673433.html\" data-mrf-recirculation=\"links-noticia\" class=\"link\" rel=\"nofollow noopener\" target=\"_blank\">primer ministro franc\u00e9s, S\u00e9bastien Lecornu,<\/a> ha pronunciado este martes ante la Asamblea Nacional su declaraci\u00f3n de pol\u00edtica general, la hoja de ruta que los jefes de Gobierno franceses presentan ante la c\u00e1mara baja del Parlamento al inicio de su mandato. Se trata de un discurso de alto riesgo para Lecornu, que agota los \u00faltimos plazos de negociaci\u00f3n antes de que el jueves se vote una moci\u00f3n de censura que podr\u00eda obligarle a presentar su dimisi\u00f3n.\n    <\/p>\n<p>    <a href=\"https:\/\/www.eldiario.es\/internacional\/macron-nuevo-francia-ingobernable_1_12661624.html\" data-mrf-recirculation=\"saber-mas\" data-dl-event=\"saber-mas\" rel=\"nofollow noopener\" target=\"_blank\"><\/p>\n<p class=\"know-more__title\">Macron, de nuevo ante una Francia ingobernable<\/p>\n<p>            <img decoding=\"async\" class=\"lazy\" loading=\"lazy\" data-src=\"https:\/\/static.eldiario.es\/clip\/d374361d-f5d5-4def-8201-49d07e2f9275_16-9-aspect-ratio_default_0.jpg\" src=\"data:image\/svg+xml,%3Csvg xmlns=\" http:=\"\" viewbox=\"0 0 880 495\" alt=\"Macron, de nuevo ante una Francia ingobernable\"\/><\/p>\n<p>                        <\/a><\/p>\n<p class=\"article-text\">\n        En un intento de ganarse el favor de los socialistas, Lecornu ha anunciado la suspensi\u00f3n de la pol\u00e9mica reforma de las pensiones \u201chasta las elecciones presidenciales\u201d,\u00a0previstas para 2027. \u201cNo se aumentar\u00e1 la edad de jubilaci\u00f3n desde ahora hasta enero de 2028\u201d,\u00a0ha especificado, respondiendo a la principal petici\u00f3n que le hizo el Partido Socialista (PS).\n    <\/p>\n<p class=\"article-text\">\n        Todas las miradas se centran en el PS, la \u00fanica fuerza de la oposici\u00f3n con la que parece viable que Lecornu consiga un acuerdo para evitar la censura. Los socialistas hab\u00edan condicionado su decisi\u00f3n a la suspensi\u00f3n de la reforma aprobada por Macron en 2023, que aumenta progresivamente la edad de jubilaci\u00f3n en Francia de 62 a 64 a\u00f1os.\n    <\/p>\n<p class=\"article-text\">\n        \u201cSolo tenemos una br\u00fajula: el inter\u00e9s del pa\u00eds\u201d, ha afirmado en su intervenci\u00f3n ante la Asamblea el presidente del grupo parlamentario socialista, Boris Vallaud, tras escuchar a Lecornu. Sin confirmar la abstenci\u00f3n, Vallaud ha dejado entrever que su grupo no censurar\u00eda al primer ministro este jueves. Ha saludado los compromisos anunciados sobre la reforma de las pensiones y afirm\u00f3 que los socialistas est\u00e1n dispuestos a \u201capostar por el debate\u201d sobre los presupuestos. \u201cSe\u00f1or primer ministro, le hemos escuchado y ha hablado de hacer contribuir a los grandes patrimonios y a las grandes empresas y de la necesidad de apoyar el poder adquisitivo. Es una buena noticia, pero a\u00fan es muy poco\u201d, ha defendido.\n    <\/p>\n<p class=\"article-text\">\n        La semana pasada los macronistas abrieron la puerta, por primera vez, a una revisi\u00f3n o congelaci\u00f3n de la reforma, una de las m\u00e1s importantes \u2014y de las m\u00e1s criticadas\u2014 en el segundo mandato de Emmanuel Macron. Este martes, a\u00fan exist\u00edan puntos de bloqueo: el Gobierno parece abierto a la congelaci\u00f3n del aumento progresivo de la edad m\u00ednima de jubilaci\u00f3n, pero los socialistas exigen tambi\u00e9n que no se aumenten los trimestres cotizados necesarios para jubilarse. En su discurso, Lecornu ha indicado que tambi\u00e9n accede a esta petici\u00f3n de los socialistas.\n    <\/p>\n<p class=\"article-text\">\n        \u201cPedimos la suspensi\u00f3n inmediata y completa de la reforma de las pensiones. Las cosas deben quedar claras y cada uno debe asumir sus responsabilidades\u201d, afirm\u00f3 el lunes el secretario general de los socialistas, Olivier Faure. \u201cEs hora de que el presidente acepte que, cuando se pierden las elecciones, no se pueden imponer las decisiones propias\u201d.\n    <\/p>\n<p class=\"article-text\">\n        En realidad, el PS aspira a lograr un complicado equilibrio pol\u00edtico. Por un lado, evitar una nueva disoluci\u00f3n que conducir\u00eda a unas elecciones legislativas en las que, probablemente, la izquierda perder\u00eda esca\u00f1os (especialmente si, como parece, acude dividida) y en la que las encuestas apuntan a que la extrema derecha podr\u00eda lograr una amplia mayor\u00eda.\n    <\/p>\n<p class=\"article-text\">\n        Marine Le Pen ya ha anunciado que votar\u00e1 la censura \u201cde cualquier primer ministro nombrado por Macron\u201d y exige elecciones legislativas inmediatas. El resto de fuerzas de izquierda tambi\u00e9n han avanzado su voluntad de censurar a Lecornu.\n    <\/p>\n<p>    Votaci\u00f3n el jueves<\/p>\n<p class=\"article-text\">\n        Por otro lado, abstenerse tendr\u00eda un coste en t\u00e9rminos de imagen para el PS, que ya est\u00e1 siendo criticado como posible salvador de un Gobierno macronista. El lunes, el presidente del partido lepenista Agrupaci\u00f3n Nacional, Jordan Bardella, atac\u00f3 \u201cel cinismo del PS\u201d, que, en su opini\u00f3n, \u201clleva varios d\u00edas intrigando en los pasillos para intentar redimirse y evitar la censura\u201d, para lo que estar\u00eda dispuesto a \u201ccorromperse\u201d.\n    <\/p>\n<p class=\"article-text\">\n        El lunes, tanto Francia Insumisa como la extrema derecha presentaron sendas mociones de censura contra el primer ministro y su Gobierno, que deben examinarse y votarse el jueves.\n    <\/p>\n<p class=\"article-text\">\n        El Partido Socialista ya ha anunciado que no apoyar\u00e1 ninguna de las dos, pero a\u00f1adi\u00f3 que, si la declaraci\u00f3n de pol\u00edtica general del martes no respond\u00eda a sus exigencias, depositar\u00edan una moci\u00f3n de censura propia, que tendr\u00eda muchas posibilidades de salir adelante.\n    <\/p>\n<p class=\"article-text\">\n        Para a\u00f1adir incertidumbre a la situaci\u00f3n, existen dudas sobre la solidez de la disciplina de voto: se estima que un tercio de los diputados socialistas votar\u00e1 para censurar, independientemente de las consignas del partido.\n    <\/p>\n<p>    Justicia fiscal\u00a0<\/p>\n<p class=\"article-text\">\n        Por eso los l\u00edderes socialistas reclaman victorias claras en dos puntos: la reforma de las pensiones y la introducci\u00f3n de medidas de justicia fiscal en el debate de los pr\u00f3ximos presupuestos.\n    <\/p>\n<p class=\"article-text\">\n        \u201cDefenderemos\u00a0<a href=\"https:\/\/www.eldiario.es\/economia\/francia-rescata-impuesto-ricos-salir-trampa-fiscal-e-irrita-grandes-fortunas_1_12642423.html\" target=\"_blank\" data-mrf-recirculation=\"links-noticia\" class=\"link\" rel=\"nofollow noopener\">el impuesto Zucman<\/a>\u00a0[un m\u00ednimo de 2% sobre los patrimonios de m\u00e1s de 100 millones de euros] y otras medidas que queremos que se incluyan en el debate presupuestario, y pedimos al Gobierno la suspensi\u00f3n\u201d, declar\u00f3 Faure en la misma entrevista el lunes.\n    <\/p>\n<p class=\"article-text\">\n        Lo cierto es que, para elaborar su proyecto de presupuestos, S\u00e9bastien Lecornu ha partido de los que elabor\u00f3 su sucesor Fran\u00e7ois Bayrou (un\u00e1nimemente criticados) enfocados a reducir la deuda y el d\u00e9ficit p\u00fablicos que arrastra Francia. Pero, a diferencia de Bayrou, el nuevo proyecto no es definitivo. Se ha \u201cconcebido m\u00e1s bien para que se produzca el debate\u201d, ha repetido el primer ministro este martes.\n    <\/p>\n<p class=\"article-text\">\n        As\u00ed, el objetivo de reducir el d\u00e9ficit p\u00fablico al 4,7% del producto interior bruto (PIB) podr\u00eda flexibilizarse y acercarse al 5%. Esto permitir\u00eda, por ejemplo, absorber el impacto financiero de una suspensi\u00f3n de la reforma de las pensiones, estimado en varios cientos de millones de euros el primer a\u00f1o. \u201cNo ser\u00e9 el primer ministro responsable de un descontrol de las cuentas p\u00fablicas\u201d, ha advertido no obstante Lecornu.\n    <\/p>\n<p>    El Parlamento \u201ctendr\u00e1 la \u00faltima palabra\u201d<\/p>\n<p class=\"article-text\">\n        Lecornu ha reafirmado su voluntad de renunciar al art\u00edculo constitucional que permite al Ejecutivo esquivar el voto parlamentario para hacer aprobar medidas presupuestarias, utilizado por los tres \u00faltimos gobiernos. \u201cSin el art\u00edculo 49.3, sin mayor\u00eda absoluta, el Parlamento tendr\u00e1 la \u00faltima palabra. Es su responsabilidad y debemos confiar en \u00e9l. No debemos tenerle miedo\u201d.\n    <\/p>\n<p class=\"article-text\">\n        Aunque los macronistas se oponen frontalmente al impuesto Zucman, est\u00e1n dispuestos a hacer concesiones en cuanto a la fiscalidad de los m\u00e1s ricos. El martes, Lecornu anunci\u00f3 una \u201ccontribuci\u00f3n excepcional a las grandes fortunas\u201d. Y se abri\u00f3 a debatir todas las propuestas.\n    <\/p>\n<p class=\"article-text\">\n        Tambi\u00e9n se han mostrado dispuestos a gravar los holdings, estructuras en las que las grandes fortunas suelen poner gran parte de su patrimonio. \u201cSe trata de un mecanismo bastante utilizado \u2014seamos sinceros\u2014 para eludir y, en ocasiones, evadir impuestos\u201d, admiti\u00f3 en julio la ministra de Cuentas P\u00fablicas, la macronista Am\u00e9lie de Montchalin. Sin embargo, este impuesto sobre los holdings no afectar\u00eda a los que alberguen bienes profesionales, que se estima que suponen el 90% del patrimonio de los ultrarricos.\n    <\/p>\n<p>    <a href=\"https:\/\/www.eldiario.es\/internacional\/macron-vuelve-negar-gobierno-izquierda-nombra-nuevo-primer-ministro-sebastien-lecornu_1_12673433.html\" data-mrf-recirculation=\"saber-mas-abajo\" data-dl-event=\"saber-mas-abajo\" rel=\"nofollow noopener\" target=\"_blank\"><\/p>\n<p class=\"know-more__title\">Macron vuelve a negar el gobierno a la izquierda y nombra de nuevo primer ministro a S\u00e9bastien Lecornu\n<\/p>\n<p>            <img decoding=\"async\" class=\"lazy\" loading=\"lazy\" data-src=\"https:\/\/static.eldiario.es\/clip\/cc372568-9f75-47eb-b51e-a60c2ace3233_16-9-aspect-ratio_default_0.jpg\" src=\"data:image\/svg+xml,%3Csvg xmlns=\" http:=\"\" viewbox=\"0 0 880 495\" alt=\"Macron vuelve a negar el gobierno a la izquierda y nombra de nuevo primer ministro a S\u00e9bastien Lecornu\"\/><\/p>\n<p>                        <\/a><\/p>\n<blockquote class=\"twitter-tweet\" data-lang=\"es\"><p><a href=\"https:\/\/twitter.com\/X\/status\/1978015255478292808?ref_src=twsrc%5Etfw\" rel=\"nofollow noopener\" target=\"_blank\"><\/p><\/blockquote>\n<p class=\"article-text\">\n        \u201cEn este presupuesto se ha hecho todo lo posible para proteger a Bernard Arnault y a los multimillonarios franceses\u201d, ha resumido este martes el economista franc\u00e9s Gabriel Zucman \u2013que ide\u00f3 una tasa para gravar a los grandes patrimonios\u2013, en relaci\u00f3n al proyecto de presupuestos en su estado actual. \u201cPor lo tanto, se pide a las dem\u00e1s clases sociales que hagan un esfuerzo. Una vez m\u00e1s\u201d. La inc\u00f3gnita ahora es si el Gobierno durar\u00e1 lo suficiente para trasladar al Parlamento un debate que los macronistas llevan siete a\u00f1os tratando de evitar.\n    <\/p>\n<p>                                    <script async src=\"https:\/\/platform.twitter.com\/widgets.js\" charset=\"utf-8\"><\/script><\/p>\n","protected":false},"excerpt":{"rendered":"El primer ministro franc\u00e9s, S\u00e9bastien Lecornu, ha pronunciado este martes ante la Asamblea Nacional su declaraci\u00f3n de pol\u00edtica&hellip;\n","protected":false},"author":2,"featured_media":177376,"comment_status":"","ping_status":"","sticky":false,"template":"","format":"standard","meta":{"footnotes":""},"categories":[42],"tags":[4187,17,18,13,14,1820,8018,11,61,62,63,64,19,20,24564,7459,9,10,15,16,12865,977,14824,14894,7680,19255,12,21,22,65,66,67],"class_list":{"0":"post-177375","1":"post","2":"type-post","3":"status-publish","4":"format-standard","5":"has-post-thumbnail","7":"category-internacional","8":"tag-anuncia","9":"tag-breaking-news","10":"tag-breakingnews","11":"tag-featured-news","12":"tag-featurednews","13":"tag-frances","14":"tag-guino","15":"tag-headlines","16":"tag-internacional","17":"tag-international","18":"tag-international-news","19":"tag-internationalnews","20":"tag-latest-news","21":"tag-latestnews","22":"tag-macron","23":"tag-ministro","24":"tag-news","25":"tag-noticias","26":"tag-noticias-destacadas","27":"tag-noticiasdestacadas","28":"tag-pensiones","29":"tag-primer","30":"tag-reforma","31":"tag-socialistas","32":"tag-suspension","33":"tag-temporal","34":"tag-titulares","35":"tag-ultimas-noticias","36":"tag-ultimasnoticias","37":"tag-world","38":"tag-world-news","39":"tag-worldnews"},"share_on_mastodon":{"url":"","error":""},"_links":{"self":[{"href":"https:\/\/www.europesays.com\/es\/wp-json\/wp\/v2\/posts\/177375","targetHints":{"allow":["GET"]}}],"collection":[{"href":"https:\/\/www.europesays.com\/es\/wp-json\/wp\/v2\/posts"}],"about":[{"href":"https:\/\/www.europesays.com\/es\/wp-json\/wp\/v2\/types\/post"}],"author":[{"embeddable":true,"href":"https:\/\/www.europesays.com\/es\/wp-json\/wp\/v2\/users\/2"}],"replies":[{"embeddable":true,"href":"https:\/\/www.europesays.com\/es\/wp-json\/wp\/v2\/comments?post=177375"}],"version-history":[{"count":0,"href":"https:\/\/www.europesays.com\/es\/wp-json\/wp\/v2\/posts\/177375\/revisions"}],"wp:featuredmedia":[{"embeddable":true,"href":"https:\/\/www.europesays.com\/es\/wp-json\/wp\/v2\/media\/177376"}],"wp:attachment":[{"href":"https:\/\/www.europesays.com\/es\/wp-json\/wp\/v2\/media?parent=177375"}],"wp:term":[{"taxonomy":"category","embeddable":true,"href":"https:\/\/www.europesays.com\/es\/wp-json\/wp\/v2\/categories?post=177375"},{"taxonomy":"post_tag","embeddable":true,"href":"https:\/\/www.europesays.com\/es\/wp-json\/wp\/v2\/tags?post=177375"}],"curies":[{"name":"wp","href":"https:\/\/api.w.org\/{rel}","templated":true}]}}