{"id":177389,"date":"2025-10-15T01:02:09","date_gmt":"2025-10-15T01:02:09","guid":{"rendered":"https:\/\/www.europesays.com\/es\/177389\/"},"modified":"2025-10-15T01:02:09","modified_gmt":"2025-10-15T01:02:09","slug":"larrubia-ausente-en-el-primer-entrenamiento-de-la-semana-izan-y-ochoa-de-nuevo-con-el-grupo","status":"publish","type":"post","link":"https:\/\/www.europesays.com\/es\/177389\/","title":{"rendered":"Larrubia, ausente en el primer entrenamiento de la semana; Izan y Ochoa, de nuevo con el grupo"},"content":{"rendered":"<p><a href=\"https:\/\/www.merchanendirecto.es\/wp-content\/uploads\/2025\/08\/rafa-rodriguez-entrenamiento-malaga-cf-1.webp\" data-caption=\"Foto: M\u00e1laga CF\" rel=\"nofollow noopener\" target=\"_blank\"><img loading=\"lazy\" decoding=\"async\" width=\"696\" height=\"391\" class=\"entry-thumb td-modal-image\" src=\"https:\/\/www.europesays.com\/es\/wp-content\/uploads\/2025\/10\/rafa-rodriguez-entrenamiento-malaga-cf-1-696x391.webp.webp\"   alt=\"\" title=\"rafa rodr\u00edguez entrenamiento m\u00e1laga cf\"\/><\/a>Foto: M\u00e1laga CF<\/p>\n<p>Vuelta al trabajo. Los pupilos de <strong>Sergio Pellicer<\/strong> se han puesto de nuevo el mono de trabajo hoy martes en la primera sesi\u00f3n de entrenamiento de la semana. Con una sonrisa de oreja a oreja tras golear al Deportivo de la Coru\u00f1a, el plantel ha realizado un entrenamiento principalmente centrado en la activaci\u00f3n f\u00edsica y la <strong>labor t\u00e9cnico-t\u00e1ctica con bal\u00f3n<\/strong>. En el apartado de bajas, una es principalmente llamativa sobre las dem\u00e1s, ya que se trata del \u201910\u2019 boquer\u00f3n. Larrubia, ausente en el primer entrenamiento de la semana; Izan y Ochoa, de nuevo con el grupo.<\/p>\n<p><strong>David Larrubia no se ha ejercitado junto al resto de sus compa\u00f1eros hoy<\/strong>. El motivo es un golpe en el gemelo derecho durante el duelo contra el D\u00e9por. No reviste gravedad el motivo de su ausencia. Otro que se ha marchado directo al gimnasio es <strong>Adri\u00e1n Ni\u00f1o<\/strong>. El delantero rote\u00f1o sigue acusando las molestias en su tobillo izquierdo debido al esguince leve sufrido con posterior reca\u00edda contra el C\u00e1diz y sigue al margen. Junto a sendos futbolistas, los ya habituales en las \u00faltimas semanas. <strong>Moussa Diarra, \u00c1lex Pastor, Luismi S\u00e1nchez, Ram\u00f3n, Carlos Puga y Jokin Gabilondo<\/strong>, <a href=\"https:\/\/www.merchanendirecto.es\/malaga-cf\/jokin-gabilondo-se-suma-a-la-lista-de-lesiones-del-malaga-cf\/\" target=\"_blank\" rel=\"noreferrer noopener nofollow\">que ha sido el \u00faltimo en caer<\/a>. Ayer se le diagnostic\u00f3\u00a0<strong>una fractura espiroidea diafrisaria en el cuarto metacarpiano de su mano derecha<\/strong>. Seg\u00fan ha podido saber\u00a0Radio MARCA M\u00e1laga, el jugador se perder\u00e1 el duelo ante el\u00a0<strong>Legan\u00e9s<\/strong>. Y podr\u00eda perderse m\u00e1s partidos a\u00fan. Ser\u00e1 clave el ver c\u00f3mo evoluciona la rotura en las pr\u00f3ximas horas. Para ver si el lateral tuviera que pasar por el quir\u00f3fano.<\/p>\n<p>En cuanto a buenas noticias dos regresos internacionales. <strong>Izan Merino<\/strong>, que regres\u00f3 de Chile ayer por la noche tras caer en cuartos del Mundial, y <strong>Aar\u00f3n Ochoa<\/strong>, tras disputar dos amistosos con el combinado irland\u00e9s. Ma\u00f1ana por la ma\u00f1ana, segunda sesi\u00f3n de trabajo semanal en las mismas instalaciones del Anexo de Martiricos. <\/p>\n","protected":false},"excerpt":{"rendered":"Foto: M\u00e1laga CF Vuelta al trabajo. Los pupilos de Sergio Pellicer se han puesto de nuevo el mono&hellip;\n","protected":false},"author":2,"featured_media":177390,"comment_status":"","ping_status":"","sticky":false,"template":"","format":"standard","meta":{"footnotes":""},"categories":[268],"tags":[3325,18603,168,8346,25,24,280,282,11232,50727,1963,281,23,167],"class_list":{"0":"post-177389","1":"post","2":"type-post","3":"status-publish","4":"format-standard","5":"has-post-thumbnail","7":"category-futbol","8":"tag-aaron-ochoa","9":"tag-david-larrubia","10":"tag-deportes","11":"tag-entrenamiento","12":"tag-es","13":"tag-espana","14":"tag-football","15":"tag-futbol","16":"tag-izan-merino","17":"tag-jokin-gabilondo","18":"tag-malaga-cf","19":"tag-soccer","20":"tag-spain","21":"tag-sports"},"share_on_mastodon":{"url":"","error":""},"_links":{"self":[{"href":"https:\/\/www.europesays.com\/es\/wp-json\/wp\/v2\/posts\/177389","targetHints":{"allow":["GET"]}}],"collection":[{"href":"https:\/\/www.europesays.com\/es\/wp-json\/wp\/v2\/posts"}],"about":[{"href":"https:\/\/www.europesays.com\/es\/wp-json\/wp\/v2\/types\/post"}],"author":[{"embeddable":true,"href":"https:\/\/www.europesays.com\/es\/wp-json\/wp\/v2\/users\/2"}],"replies":[{"embeddable":true,"href":"https:\/\/www.europesays.com\/es\/wp-json\/wp\/v2\/comments?post=177389"}],"version-history":[{"count":0,"href":"https:\/\/www.europesays.com\/es\/wp-json\/wp\/v2\/posts\/177389\/revisions"}],"wp:featuredmedia":[{"embeddable":true,"href":"https:\/\/www.europesays.com\/es\/wp-json\/wp\/v2\/media\/177390"}],"wp:attachment":[{"href":"https:\/\/www.europesays.com\/es\/wp-json\/wp\/v2\/media?parent=177389"}],"wp:term":[{"taxonomy":"category","embeddable":true,"href":"https:\/\/www.europesays.com\/es\/wp-json\/wp\/v2\/categories?post=177389"},{"taxonomy":"post_tag","embeddable":true,"href":"https:\/\/www.europesays.com\/es\/wp-json\/wp\/v2\/tags?post=177389"}],"curies":[{"name":"wp","href":"https:\/\/api.w.org\/{rel}","templated":true}]}}