{"id":177395,"date":"2025-10-15T01:06:09","date_gmt":"2025-10-15T01:06:09","guid":{"rendered":"https:\/\/www.europesays.com\/es\/177395\/"},"modified":"2025-10-15T01:06:09","modified_gmt":"2025-10-15T01:06:09","slug":"supervivientes-all-stars-nuevo-salvado-mas-tensiones-entre-concursantes-y-un-mensaje-de-animo-tras-la-muerte-de-un-familiar","status":"publish","type":"post","link":"https:\/\/www.europesays.com\/es\/177395\/","title":{"rendered":"&#8216;Supervivientes All Stars&#8217;: nuevo salvado, m\u00e1s tensiones entre concursantes y un mensaje de \u00e1nimo tras la muerte de un familiar"},"content":{"rendered":"<p class=\"v-mdl-ath__p v-mdl-ath__p--6\">\nMi\u00e9rcoles, 15 de octubre 2025, 01:33<\/p>\n<p class=\"v-p\">La tensi\u00f3n sigue subiendo en &#8216;Supervivientes All Stars 2025&#8217;, que desde luego no est\u00e1 siendo una edici\u00f3n para nada tranquila. El programa sigue su curso y a los rifirrafes propios de la convivencia se le suman las adversas condiciones a las que tienen que hacer frente en la isla, donde el clima tampoco est\u00e1 poniendo las cosas f\u00e1ciles. Ni siquiera la unificaci\u00f3n de las dos playas, Armon\u00eda y Caos, ha conseguido calmar las aguas y, con todos los concursantes conviviendo juntos, los malentendidos no parecen dejar de crecer.<\/p>\n<p class=\"v-p\">Pero sin duda, si hay una concursante cuyo paso por honduras est\u00e1 dejando encontronazo tras encontronazo, es Adara Molinero. La &#8216;influencer&#8217; ha protagonizado una tensa discusi\u00f3n antes de la expulsi\u00f3n sorpresa de Noel Bayarri, y desde &#8216;Supervivientes All Stars 2025&#8217; han emitido ahora las im\u00e1genes in\u00e9ditas de la bronca que estall\u00f3 entre ambos antes de ello. <\/p>\n<p class=\"v-p\">En el v\u00eddeo emitido por Mediaset, se ve c\u00f3mo Noel le comenta a Carlos Alba lo que realmente piensa de su nominaci\u00f3n. \u00abNo deber\u00edas estar nominado\u00bb, le confiesa, ante lo que el gaditano reconoce que est\u00e1 \u00abs\u00faper feliz\u00bb. \u00abYo creo que todos los nominados estamos orgullosos de lo que hemos hecho\u00bb, le dec\u00eda Bayarri. \u00abTodo lo dem\u00e1s me da igual, me he superado\u00bb, aseguraba Carlos Alba. <\/p>\n<p class=\"v-p\">Era entonces cuando el ambiente cambiaba: \u00abSi yo hubiera hecho lo que hace Adara&#8230;\u00bb, le reprochaba a Tony Spina. \u00abDice que le cay\u00f3 agua\u00bb, dec\u00eda este sobre c\u00f3mos encontraba su compa\u00f1era en un refugio de agua. \u00abY si quieren mi mimar que te mimen\u00bb, explotaba de repente Noel Bayarri, ante lo que ella estallaba: \u00abYo me &#8216;cal\u00e9&#8217; entera y por eso me quej\u00e9, y lo voy a seguir haciendo\u00bb, se defend\u00eda Adara. <\/p>\n<p class=\"v-p\">Una discusi\u00f3n que tensaba todav\u00eda m\u00e1s el ambiente en la isla, donde no todos llevan bien la unificaci\u00f3n. Iv\u00e1n Gonz\u00e1lez se\u00f1ala que \u00abtodo el mundo quiere hacer de todo\u00bb: \u00abParec\u00eda otra vez una competici\u00f3n como el primer d\u00eda. Yo &#8216;ver, o\u00edr y callar&#8217;\u00bb, ha dicho sobre c\u00f3mo se siente ahora con la convivencia conjunta. Una opini\u00f3n que tambi\u00e9n compart\u00eda Noel Bayarri hasta el momento de su expulsi\u00f3n: \u00abBueno, la unificaci\u00f3n ha sido un poco complicada. He chocado un poco con algunas personas&#8230; La verdad que estaba m\u00e1s tranquilo en mi grupito peque\u00f1o\u00bb, declaraba. <\/p>\n<p>Tensi\u00f3n entre Iv\u00e1n y Gloria Camila<\/p>\n<p class=\"v-p\">Gloria Camila e Iv\u00e1n Gonz\u00e1lez han protagonizado una vez m\u00e1s un enfrentamiento desde el Tri\u00e1ngulo de Fuego de la gala de &#8216;Supervivientes All Stars&#8217;. Pese a que en numerosas ocasiones parec\u00edan dejar claras sus diferencias y hacer un alto al fuego a trav\u00e9s de una reconciliaci\u00f3n; los dos concursantes han demostrado que no est\u00e1n preparados para dejar los malos rollos atr\u00e1s.<\/p>\n<p class=\"v-p\">En esta ocasi\u00f3n Gloria ha explicado lo ocurrido en la playa con la comida: \u00abQuer\u00edan repartir lo mismo que los que no hab\u00edamos comido nada. Entiendo lo de Adara y entender\u00eda incluso lo de Miri, que a\u00fan teniendo la porci\u00f3n m\u00e1s peque\u00f1ita junto con ella, quer\u00eda ceder la comida. Pero Iv\u00e1n no, solo si era Torres y con tal de no darnos a nosotras pues ya era que ten\u00eda que comer. Ah\u00ed se ve el compa\u00f1erismo\u00bb, ha asegurado.<\/p>\n<p>Prueba de prel\u00edder<\/p>\n<p class=\"v-p\">Una semana m\u00e1s los concursantes se enfrentaron en la noche del martes a la prueba de prel\u00edder. Una prueba en la que tuvieron que colgarse de un palo y aguantar hasta que los dos \u00faltimos que quedaran en el aire se llevar\u00edan el agua al agua. Finalmente Iv\u00e1n y Torres ganaron la prueba.<\/p>\n<p>Nuevo salvado<\/p>\n<p class=\"v-p\">Miri y Adara acabaron empapadas de barro en la primera criba. Lo que dejaba a las claras que Iv\u00e1n o Gloria ser\u00eda el \u00fanico salvado de la noche. Finalmente, el salvado fue <\/p>\n<p>Mensaje de \u00e1nimo<\/p>\n<p class=\"v-p\">Durante el inicio de la gala, Jorge Javier V\u00e1zquez quiso detener por unos instantes el arranque del programa para enviar un mensaje cargado de afecto a Sonia Monroy.<\/p>\n<p class=\"v-p\">El presentador se dirigi\u00f3 a la c\u00e1mara con tono serio y visiblemente conmovido: \u00abAntes de empezar, queremos mandarle un abrazo muy, muy, muy fuerte a Sonia Monroy, de parte de toda la familia de &#8216;Supervivientes&#8217;. Un beso muy fuerte.\u00bb<\/p>\n<p class=\"v-p\">El gesto fue recibido con un c\u00e1lido aplauso del p\u00fablico y de los colaboradores presente en el plat\u00f3, que acompa\u00f1aron las palabras del presentador.<\/p>\n<p>Reporta un error<\/p>\n","protected":false},"excerpt":{"rendered":"Mi\u00e9rcoles, 15 de octubre 2025, 01:33 La tensi\u00f3n sigue subiendo en &#8216;Supervivientes All Stars 2025&#8217;, que desde luego&hellip;\n","protected":false},"author":2,"featured_media":177396,"comment_status":"","ping_status":"","sticky":false,"template":"","format":"standard","meta":{"footnotes":""},"categories":[171],"tags":[24893,11286,146,147,25,24,9915,3193,5785,23,11287,3947,214],"class_list":{"0":"post-177395","1":"post","2":"type-post","3":"status-publish","4":"format-standard","5":"has-post-thumbnail","7":"category-tv","8":"tag-adara","9":"tag-all","10":"tag-entertainment","11":"tag-entretenimiento","12":"tag-es","13":"tag-espana","14":"tag-estalla","15":"tag-expulsion","16":"tag-sorpresa","17":"tag-spain","18":"tag-stars","19":"tag-supervivientes","20":"tag-tv"},"share_on_mastodon":{"url":"","error":""},"_links":{"self":[{"href":"https:\/\/www.europesays.com\/es\/wp-json\/wp\/v2\/posts\/177395","targetHints":{"allow":["GET"]}}],"collection":[{"href":"https:\/\/www.europesays.com\/es\/wp-json\/wp\/v2\/posts"}],"about":[{"href":"https:\/\/www.europesays.com\/es\/wp-json\/wp\/v2\/types\/post"}],"author":[{"embeddable":true,"href":"https:\/\/www.europesays.com\/es\/wp-json\/wp\/v2\/users\/2"}],"replies":[{"embeddable":true,"href":"https:\/\/www.europesays.com\/es\/wp-json\/wp\/v2\/comments?post=177395"}],"version-history":[{"count":0,"href":"https:\/\/www.europesays.com\/es\/wp-json\/wp\/v2\/posts\/177395\/revisions"}],"wp:featuredmedia":[{"embeddable":true,"href":"https:\/\/www.europesays.com\/es\/wp-json\/wp\/v2\/media\/177396"}],"wp:attachment":[{"href":"https:\/\/www.europesays.com\/es\/wp-json\/wp\/v2\/media?parent=177395"}],"wp:term":[{"taxonomy":"category","embeddable":true,"href":"https:\/\/www.europesays.com\/es\/wp-json\/wp\/v2\/categories?post=177395"},{"taxonomy":"post_tag","embeddable":true,"href":"https:\/\/www.europesays.com\/es\/wp-json\/wp\/v2\/tags?post=177395"}],"curies":[{"name":"wp","href":"https:\/\/api.w.org\/{rel}","templated":true}]}}