{"id":177406,"date":"2025-10-15T01:15:12","date_gmt":"2025-10-15T01:15:12","guid":{"rendered":"https:\/\/www.europesays.com\/es\/177406\/"},"modified":"2025-10-15T01:15:12","modified_gmt":"2025-10-15T01:15:12","slug":"estos-son-todos-los-servicios-minimos-acordados-para-el-15-de-octubre","status":"publish","type":"post","link":"https:\/\/www.europesays.com\/es\/177406\/","title":{"rendered":"estos son todos los servicios m\u00ednimos acordados para el 15 de octubre"},"content":{"rendered":"<p>El Govern balear ha establecido los <a href=\"https:\/\/www.ultimahora.es\/etiqueta\/servicios+m%C3%ADnimos.html?utm_source=Inline-tag&amp;utm_medium=internal\" rel=\"nofollow noopener\" target=\"_blank\">servicios m\u00ednimos<\/a> obligatorios para la<strong> jornada de <a href=\"https:\/\/www.ultimahora.es\/etiqueta\/huelga.html?utm_source=Inline-tag&amp;utm_medium=internal\" rel=\"nofollow noopener\" target=\"_blank\">huelga<\/a> convocada este mi\u00e9rcoles d15 de octubre<\/strong> en apoyo a la causa <a href=\"https:\/\/www.ultimahora.es\/etiqueta\/Palestina.html?utm_source=Inline-tag&amp;utm_medium=internal\" rel=\"nofollow noopener\" target=\"_blank\">palestina<\/a>. Esta medida busca asegurar la <strong>continuidad de las prestaciones esenciales en sectores clave<\/strong> como la sanidad, la educaci\u00f3n y el transporte p\u00fablico auton\u00f3mico.<\/p>\n<p>La <a href=\"https:\/\/www.ultimahora.es\/noticias\/local\/2025\/10\/14\/2490883\/gob-plataforma-menys-turisme-mes-vida-suman-huelga-general-solidaridad-palestina.html?utm_source=Related&amp;utm_medium=internal\" data-model=\"Noticia\" data-value=\"2490883\" rel=\"nofollow noopener\" target=\"_blank\">convocatoria de los sindicatos<\/a> <strong>UGT<\/strong> y <strong>CCOO<\/strong> permitir\u00e1 a los trabajadores <strong>interrumpir su actividad durante dos horas por turno<\/strong>: de 10.00 a 12.00 horas en el de ma\u00f1ana, de 17.00 a 19.00 horas en el de tarde y de 02.00 a 04.00 horas en el de noche.<\/p>\n<p>Este mi\u00e9rcoles hay convocadas una <strong>concentraci\u00f3n a las 12.00 horas ante el rectorado de la Universitat de les Illes Balears (UIB)<\/strong> para exigir el fin de relaciones de la universidad con empresas que apoyen a Israel y una <strong>manifestaci\u00f3n unitaria a las 18.30 horas a plaza de Espa\u00f1a<\/strong> bajo el lema &#8216;por una Palestina libre, par\u00e9moslo todo&#8217;, as\u00ed como diferentes piquetes durante la ma\u00f1ana.<\/p>\n<p>En el \u00e1mbito educativo, la normativa dictada por el Ejecutivo auton\u00f3mico exige que todos los centros, ya sean p\u00fablicos, privados o concertados, permanezcan <strong>abiertos<\/strong>. Se ha estipulado la <strong>presencia obligatoria tanto del director como del secretario<\/strong> durante el horario lectivo.<\/p>\n<p>Para las etapas de educaci\u00f3n infantil, que abarcan desde los 0 hasta los 6 a\u00f1os, as\u00ed como para los centros de educaci\u00f3n especial, se requiere la presencia de, al menos, <strong>un educador por cada tres unidades o fracci\u00f3n<\/strong> de estas. Por su parte, en los centros de educaci\u00f3n primaria y secundaria, la disposici\u00f3n establece un m\u00ednimo de un docente por cada cuatro unidades o la fracci\u00f3n correspondiente.<\/p>\n<p>En lo que respecta al sector sanitario, se garantiza la apertura de los servicios de registro y de atenci\u00f3n al usuario, los cuales deber\u00e1n operar con la cobertura m\u00ednima indispensable. La <strong>operatividad normal de las urgencias se considera un servicio asistencial prioritario<\/strong>, tanto para pacientes externos como para aquellos ingresados en unidades de observaci\u00f3n.<\/p>\n<p>Los servicios de atenci\u00f3n especializada deber\u00e1n mantener una dotaci\u00f3n de personal equivalente a la de los domingos y d\u00edas festivos. Sin embargo, en \u00e1reas cr\u00edticas como oncolog\u00eda m\u00e9dica, oncolog\u00eda radioter\u00e1pica, di\u00e1lisis, hospital de d\u00eda y farmacia hospitalaria, se exige el <strong>100 % de la asistencia, con los efectivos necesarios<\/strong> para su total garant\u00eda.<\/p>\n<p>Asimismo, las <strong>intervenciones quir\u00fargicas programadas para pacientes oncol\u00f3gicos y otras patolog\u00edas<\/strong> que no admitan demora contar\u00e1n con el personal imprescindible. El funcionamiento de unidades especiales como cuidados intensivos, vigilancia intensiva, coronarias, hemodi\u00e1lisis, neonatolog\u00eda, quemados, partos y cualquier servicio de emergencia vital tambi\u00e9n se considera una prestaci\u00f3n asistencial m\u00ednima.<\/p>\n<p>En el \u00e1mbito de la atenci\u00f3n primaria, los <strong>centros de salud permanecer\u00e1n abiertos para ofrecer asistencia<\/strong> durante toda la jornada diurna. Espec\u00edficamente, entre las 8.00 y las 15.00 horas, cada centro deber\u00e1 contar con una plantilla m\u00ednima de dos m\u00e9dicos, un pediatra, dos enfermeros, un auxiliar administrativo y dos efectivos de personal de registro.<\/p>\n<p>Durante el turno de tarde, de 15.00 a 20.00 horas, la <strong>dotaci\u00f3n m\u00ednima se reduce a un m\u00e9dico, un enfermero y un auxiliar administrativo<\/strong>. A partir de las 20.00 horas, los servicios se ajustar\u00e1n a los previstos para los d\u00edas festivos, garantizando la atenci\u00f3n continuada.<\/p>\n<p>En cuanto al transporte ferroviario, la l\u00ednea de metro <strong>operar\u00e1 con el 50 % de sus servicios habituales en d\u00edas laborables<\/strong> durante las franjas horarias de 10.00 a 12.00 y de 17.00 a 19.00 horas. Fuera de estos periodos, la frecuencia se incrementar\u00e1 hasta alcanzar el 80 % de los servicios ordinarios.<\/p>\n<p>Para el corredor ferroviario que conecta Palma con Inca, Manacor y Sa Pobla, los <strong>servicios m\u00ednimos ser\u00e1n equivalentes a los de un fin de semana<\/strong> entre las 10.00 y las 12.00 horas, y de 17.00 a 19.00 horas. En el resto de la jornada, la cobertura se elevar\u00e1 al 80 % de la oferta habitual en un d\u00eda laborable.<\/p>\n<p>Finalmente, los autobuses del TIB, incluyendo los servicios lanzadera de car\u00e1cter regular, operar\u00e1n con una <strong>frecuencia y dotaci\u00f3n de personal id\u00e9ntica a la establecida<\/strong> para los domingos y d\u00edas festivos, asegurando as\u00ed una cobertura b\u00e1sica para los usuarios.<\/p>\n","protected":false},"excerpt":{"rendered":"El Govern balear ha establecido los servicios m\u00ednimos obligatorios para la jornada de huelga convocada este mi\u00e9rcoles d15&hellip;\n","protected":false},"author":2,"featured_media":177407,"comment_status":"","ping_status":"","sticky":false,"template":"","format":"standard","meta":{"footnotes":""},"categories":[8],"tags":[5233,17,18,25,24,13,14,11,13181,36550,19,20,2552,9,10,15,16,76,2553,2554,50729,23,12,1529,21,22],"class_list":{"0":"post-177406","1":"post","2":"type-post","3":"status-publish","4":"format-standard","5":"has-post-thumbnail","7":"category-espana","8":"tag-audiencias-um","9":"tag-breaking-news","10":"tag-breakingnews","11":"tag-es","12":"tag-espana","13":"tag-featured-news","14":"tag-featurednews","15":"tag-headlines","16":"tag-huelga","17":"tag-ia-discover","18":"tag-latest-news","19":"tag-latestnews","20":"tag-local","21":"tag-news","22":"tag-noticias","23":"tag-noticias-destacadas","24":"tag-noticiasdestacadas","25":"tag-palestina","26":"tag-palma","27":"tag-palma-de-mallorca","28":"tag-servicios-minimos","29":"tag-spain","30":"tag-titulares","31":"tag-ultima-hora","32":"tag-ultimas-noticias","33":"tag-ultimasnoticias"},"share_on_mastodon":{"url":"","error":""},"_links":{"self":[{"href":"https:\/\/www.europesays.com\/es\/wp-json\/wp\/v2\/posts\/177406","targetHints":{"allow":["GET"]}}],"collection":[{"href":"https:\/\/www.europesays.com\/es\/wp-json\/wp\/v2\/posts"}],"about":[{"href":"https:\/\/www.europesays.com\/es\/wp-json\/wp\/v2\/types\/post"}],"author":[{"embeddable":true,"href":"https:\/\/www.europesays.com\/es\/wp-json\/wp\/v2\/users\/2"}],"replies":[{"embeddable":true,"href":"https:\/\/www.europesays.com\/es\/wp-json\/wp\/v2\/comments?post=177406"}],"version-history":[{"count":0,"href":"https:\/\/www.europesays.com\/es\/wp-json\/wp\/v2\/posts\/177406\/revisions"}],"wp:featuredmedia":[{"embeddable":true,"href":"https:\/\/www.europesays.com\/es\/wp-json\/wp\/v2\/media\/177407"}],"wp:attachment":[{"href":"https:\/\/www.europesays.com\/es\/wp-json\/wp\/v2\/media?parent=177406"}],"wp:term":[{"taxonomy":"category","embeddable":true,"href":"https:\/\/www.europesays.com\/es\/wp-json\/wp\/v2\/categories?post=177406"},{"taxonomy":"post_tag","embeddable":true,"href":"https:\/\/www.europesays.com\/es\/wp-json\/wp\/v2\/tags?post=177406"}],"curies":[{"name":"wp","href":"https:\/\/api.w.org\/{rel}","templated":true}]}}