{"id":177412,"date":"2025-10-15T01:18:13","date_gmt":"2025-10-15T01:18:13","guid":{"rendered":"https:\/\/www.europesays.com\/es\/177412\/"},"modified":"2025-10-15T01:18:13","modified_gmt":"2025-10-15T01:18:13","slug":"borja-jimenez-sera-homenajeado-por-el-club-taurino-de-londres-tras-su-historica-temporada-2025","status":"publish","type":"post","link":"https:\/\/www.europesays.com\/es\/177412\/","title":{"rendered":"Borja Jim\u00e9nez ser\u00e1 homenajeado por el Club Taurino de Londres tras su hist\u00f3rica temporada 2025"},"content":{"rendered":"<p>El matador sevillano <strong>Borja Jim\u00e9nez<\/strong>, nombre propio de la temporada taurina 2025, ser\u00e1 homenajeado el pr\u00f3ximo <strong>30 de noviembre en Londres<\/strong>, como <strong>invitado de honor<\/strong> en el tradicional <strong>Almuerzo Aniversario del Club Taurino of London<\/strong>, que este a\u00f1o celebra su <strong>66.\u00aa edici\u00f3n<\/strong>.<\/p>\n<p>\u00a0<\/p>\n<p>Tras un a\u00f1o en el que ha consolidado su sitio en la cumbre del escalaf\u00f3n \u2014con actuaciones memorables en plazas de primera como Madrid, Sevilla, Bilbao, adem\u00e1s de m\u00faltiples cosos de segunda y tercera\u2014, Jim\u00e9nez viajar\u00e1 a la capital brit\u00e1nica para recibir este reconocimiento por parte del club taurino m\u00e1s importante del mundo en lengua inglesa.<\/p>\n<p>El evento tendr\u00e1 lugar en el emblem\u00e1tico <strong>Oriental Club<\/strong>, en pleno centro de Londres, y reunir\u00e1 a socios, aficionados y personalidades del mundo del toro en un ambiente distendido y de celebraci\u00f3n. Durante el acto se ofrecer\u00e1 un almuerzo de gala y se entregar\u00e1n premios, entre ellos los correspondientes al concurso fotogr\u00e1fico anual del Club, cuyas obras ser\u00e1n subastadas para recaudar fondos.<\/p>\n<p>El <strong>Club Taurino of London<\/strong>, fundado en 1959, lleva m\u00e1s de seis d\u00e9cadas promoviendo la tauromaquia en el Reino Unido y apoyando a toreros con proyecci\u00f3n internacional. La elecci\u00f3n de <strong>Borja Jim\u00e9nez<\/strong> como <strong>invitado principal en esta edici\u00f3n<\/strong> confirma el eco que ha tenido su temporada m\u00e1s all\u00e1 de nuestras fronteras.<\/p>\n<p>Con este reconocimiento, Londres pone el broche de oro a una campa\u00f1a redonda para Borja Jim\u00e9nez, que ha sabido ganarse al aficionado a base de entrega, verdad y profundidad en su concepto del toreo.<\/p>\n","protected":false},"excerpt":{"rendered":"El matador sevillano Borja Jim\u00e9nez, nombre propio de la temporada taurina 2025, ser\u00e1 homenajeado el pr\u00f3ximo 30 de&hellip;\n","protected":false},"author":2,"featured_media":177413,"comment_status":"","ping_status":"","sticky":false,"template":"","format":"standard","meta":{"footnotes":""},"categories":[277],"tags":[373,168,25,24,23,167,374],"class_list":{"0":"post-177412","1":"post","2":"type-post","3":"status-publish","4":"format-standard","5":"has-post-thumbnail","7":"category-toreo","8":"tag-bullfighting","9":"tag-deportes","10":"tag-es","11":"tag-espana","12":"tag-spain","13":"tag-sports","14":"tag-toreo"},"share_on_mastodon":{"url":"","error":""},"_links":{"self":[{"href":"https:\/\/www.europesays.com\/es\/wp-json\/wp\/v2\/posts\/177412","targetHints":{"allow":["GET"]}}],"collection":[{"href":"https:\/\/www.europesays.com\/es\/wp-json\/wp\/v2\/posts"}],"about":[{"href":"https:\/\/www.europesays.com\/es\/wp-json\/wp\/v2\/types\/post"}],"author":[{"embeddable":true,"href":"https:\/\/www.europesays.com\/es\/wp-json\/wp\/v2\/users\/2"}],"replies":[{"embeddable":true,"href":"https:\/\/www.europesays.com\/es\/wp-json\/wp\/v2\/comments?post=177412"}],"version-history":[{"count":0,"href":"https:\/\/www.europesays.com\/es\/wp-json\/wp\/v2\/posts\/177412\/revisions"}],"wp:featuredmedia":[{"embeddable":true,"href":"https:\/\/www.europesays.com\/es\/wp-json\/wp\/v2\/media\/177413"}],"wp:attachment":[{"href":"https:\/\/www.europesays.com\/es\/wp-json\/wp\/v2\/media?parent=177412"}],"wp:term":[{"taxonomy":"category","embeddable":true,"href":"https:\/\/www.europesays.com\/es\/wp-json\/wp\/v2\/categories?post=177412"},{"taxonomy":"post_tag","embeddable":true,"href":"https:\/\/www.europesays.com\/es\/wp-json\/wp\/v2\/tags?post=177412"}],"curies":[{"name":"wp","href":"https:\/\/api.w.org\/{rel}","templated":true}]}}