{"id":177425,"date":"2025-10-15T01:28:10","date_gmt":"2025-10-15T01:28:10","guid":{"rendered":"https:\/\/www.europesays.com\/es\/177425\/"},"modified":"2025-10-15T01:28:10","modified_gmt":"2025-10-15T01:28:10","slug":"un-libro-revela-su-relacion-con-nuestro-pais","status":"publish","type":"post","link":"https:\/\/www.europesays.com\/es\/177425\/","title":{"rendered":"un libro revela su relaci\u00f3n con nuestro pa\u00eds"},"content":{"rendered":"<p id=\"paragraph_1\">La leyenda de su novela p\u00f3stuma ha perjudicado mucho la visi\u00f3n de <a href=\"https:\/\/www.elespanol.com\/el-cultural\/blogs\/a_la_intemperie\/20190410\/lampedusa-tristeza-literaria\/390080993_12.html?utm_cmp_rs=linksinline\" rel=\"nofollow noopener\" target=\"_blank\">Giuseppe Tomasi di Lampedusa<\/a> (Palermo, 1896 &#8211; Roma, 1957). El c\u00e9lebre escritor de El Gatopardo siempre ha sido retratado como <strong>un noble exc\u00e9ntrico, adinerado y con aficiones culturales<\/strong> que le llevaron a escribir su magna obra para dejar constancia de su aristocr\u00e1tico universo y as\u00ed impedir que desapareciera hasta en el recuerdo.<\/p>\n<p><img loading=\"lazy\" decoding=\"async\" alt=\"\" height=\"2635\" src=\"https:\/\/www.europesays.com\/es\/wp-content\/uploads\/2025\/10\/1003743955460_259184421_1706x2635.jpg\" width=\"1706\" data-lazy-status=\"processed\" data-lazy-info=\"remove loading item 1\"\/><\/p>\n<p>Lampedusa y Espa\u00f1a<\/p>\n<p><strong>Gioacchino Lanza Tomasi<\/strong><\/p>\n<p>Edici\u00f3n de Alejandro Luque. Traducci\u00f3n de Andr\u00e9s Barba. Acantilado, 2025. 112 p\u00e1ginas. 12 \u20ac<\/p>\n<p class=\"paragraph\" id=\"paragraph_2\">Es una m\u00fasica que suena muy bien en cualquier o\u00eddo y lectura, lo que quiz\u00e1 explique su aceptaci\u00f3n mayoritaria, como si as\u00ed fuera y no pudiera siquiera refutarse.<\/p>\n<p class=\"paragraph\" id=\"paragraph_3\">Lo hace, desde la virtud del conocimiento directo, <strong>Gioacchino Lanza Tomasi<\/strong> (Roma, 1934 &#8211; Palermo, 2023) en Lampedusa y Espa\u00f1a, ensayo editado por el hispalense Alejandro Luque para Acantilado.<\/p>\n<p class=\"paragraph\" id=\"paragraph_4\">El libro, como no pod\u00eda ser de otro modo, es una suma de vivencias y pensamientos que se ordenan desde lo deslavazado hasta adquirir una extra\u00f1a coherencia, la de quien cuenta sin preocupaci\u00f3n alguna y solo quiere transmitirnos la magia de un pasado imborrable, el de <strong>su juventud con su primo y amigo, un gigante despistado con mil matices<\/strong> en su m\u00e1s bien desconocida personalidad.<\/p>\n<p class=\"paragraph\" id=\"paragraph_5\">De estos cabe destacar, algo omitido durante decenios, que su percepci\u00f3n de los acontecimientos no era ni mucho menos conservadora. Su \u00e9pica de lo hist\u00f3rico combinaba <strong>el t\u00edpico fatalismo siciliano con un cierto amor al progreso<\/strong>.<\/p>\n<p><img decoding=\"async\" alt=\"Lampedusa\" height=\"180\" loading=\"lazy\" width=\"320\" data-lazy-status=\"processed\" id=\"8caf800461\" src=\"https:\/\/www.elespanol.com\/el-cultural\/letras\/20251014\/lampedusa-aprendia-espanol-escribia-gatopardo-libro-revela-relacion-pais\/[\" https:=\"\" data-lazy-info=\"changed src\"\/><\/p>\n<p class=\"paragraph\" id=\"paragraph_6\">Tras la Segunda Guerra Mundial, era un hombre <strong>arruinado en lo econ\u00f3mico<\/strong>, con su palacio palermitano bombardeado por los aliados y <strong>rico por su insaciable sed de lecturas<\/strong>, fuente para relacionar conceptos y destacar hasta esas fechas solo en conversaciones privadas.<\/p>\n<p class=\"paragraph\" id=\"paragraph_7\">Lampedusa escribi\u00f3 <a href=\"https:\/\/www.elespanol.com\/el-cultural\/blogs\/tengo_una_cita\/20201124\/relatos-mundo-gatopardo-infancia-lampedusa\/538566147_12.html?utm_cmp_rs=linksinline\" rel=\"nofollow noopener\" target=\"_blank\">El Gatopardo<\/a> en sus dos \u00faltimos a\u00f1os de existencia, los mismos en los que asisti\u00f3 complacido a <strong>las lecciones de espa\u00f1ol impartidas por Gioacchino Lanza<\/strong>, quien pod\u00eda proporcionarle textos y an\u00e9cdotas por la vinculaci\u00f3n de su familia con nuestro pa\u00eds, de su madre Conchita al abuelo Wenceslao Ram\u00edrez, embajador patrio en la Constantinopla del Imperio otomano.<\/p>\n<blockquote class=\"content__blockquote\">\n<p class=\"blockquote__quote\">El libro nos demuestra que la percepci\u00f3n de los acontecimientos de Lampedusa no era conservadora<\/p>\n<\/blockquote>\n<p class=\"paragraph\" id=\"paragraph_8\">Estas clases que el menor brindaba al mayor eran, en realidad, <strong>di\u00e1logos para intercambiar opiniones<\/strong> con los escritos como suprema excusa.<\/p>\n<p class=\"paragraph\" id=\"paragraph_9\">Lampedusa no viaj\u00f3 jam\u00e1s a Espa\u00f1a; aun as\u00ed, <strong>se hab\u00eda codeado con Alfonso XIII en su primera madurez y apreciaba la prosa de <a href=\"https:\/\/www.elespanol.com\/el-cultural\/letras\/20220412\/cervantes-genio-diseccionado\/662933896_0.html?utm_cmp_rs=linksinline\" rel=\"nofollow noopener\" target=\"_blank\">Miguel de Cervantes<\/a><\/strong>, consider\u00e1ndolo el origen de <a href=\"https:\/\/www.elespanol.com\/el-cultural\/blogs\/entreclasicos\/20220621\/montaigne-arte-buen-morir\/681801814_12.html?utm_cmp_rs=linksinline\" rel=\"nofollow noopener\" target=\"_blank\">Michel de Montaigne<\/a> y sorprendi\u00e9ndose por c\u00f3mo pudo escribir <a href=\"https:\/\/www.elespanol.com\/el-cultural\/blogs\/entreclasicos\/20160525\/quijote-fracaso-ideal\/127607242_12.html?utm_cmp_rs=linksinline\" rel=\"nofollow noopener\" target=\"_blank\">Don Quijote de la Mancha<\/a> con el antecedente de La Galatea.<\/p>\n<p class=\"paragraph\" id=\"paragraph_10\">El inicio de las lecciones con el \u201cmarino de Alcal\u00e1 de Henares\u201d fue un peque\u00f1o error que profesor y alumno aprovecharon para saltar a otros cl\u00e1sicos, como <a href=\"https:\/\/www.elespanol.com\/el-cultural\/letras\/20181127\/lope-vega-fenomeno-traves-siglos\/356465899_0.html?utm_cmp_rs=linksinline\" rel=\"nofollow noopener\" target=\"_blank\">Lope de Vega<\/a>, del que apreci\u00f3 sobremanera <a href=\"https:\/\/www.elespanol.com\/el-cultural\/escenarios\/opera\/20231006\/caballero-olmedo-opera-historia-bella-lirica-espanola\/799670274_0.html?utm_cmp_rs=linksinline\" rel=\"nofollow noopener\" target=\"_blank\">El caballero de Olmedo<\/a>, o <a href=\"https:\/\/www.elespanol.com\/el-cultural\/escenarios\/teatro\/20230327\/calderon-barca-teatro-defensa-libertad\/750924953_0.html?utm_cmp_rs=linksinline\" rel=\"nofollow noopener\" target=\"_blank\">Calder\u00f3n de la Barca<\/a>, de quien pueden intuirse influencias en su construcci\u00f3n de la mentalidad del Pr\u00edncipe de Salina, protagonista de El Gatopardo, por su <strong>paulatino desencanto hacia el vac\u00edo de los cambios sociales y pol\u00edticos<\/strong>, como si todo lo vivido hubiese sido un sue\u00f1o veloz y algo insensato.<\/p>\n<p class=\"paragraph\" id=\"paragraph_11\">Lanza, de manera inteligente, no se recrea en insistir sobre si este u otro autor espa\u00f1ol determin\u00f3 algunas decisiones narrativas de su anciano pupilo. En ocasiones, s\u00ed se detiene a buscar la semilla para el desarrollo de una de tantas perlas de la filosof\u00eda del Pr\u00edncipe, pero en general opta por discurrir sin ser evidente, porque tiene otros recursos.<\/p>\n<p><img decoding=\"async\" alt=\"Giuseppe Tomasi di Lampedusa. Foto: Acantilado\" height=\"1969\" loading=\"lazy\" width=\"1706\" data-lazy-status=\"processed\" id=\"26699fe5d4\" src=\"https:\/\/www.elespanol.com\/el-cultural\/letras\/20251014\/lampedusa-aprendia-espanol-escribia-gatopardo-libro-revela-relacion-pais\/[\" https:=\"\" data-lazy-info=\"changed src\"\/><\/p>\n<p>                                                            Giuseppe Tomasi di Lampedusa. Foto: Acantilado<\/p>\n<p class=\"paragraph\" id=\"paragraph_12\">Entre ellos, lo que aligera mucho el ensayo, est\u00e1 el de introducir <strong>la percepci\u00f3n de otros escritores en lengua castellana<\/strong> sobre la cumbre narrativa de su familiar, <strong>como la de <a href=\"https:\/\/www.elespanol.com\/el-cultural\/20220911\/muere-escritor-javier-marias-anos\/702429843_0.html?utm_cmp_rs=linksinline\" rel=\"nofollow noopener\" target=\"_blank\">Javier Mar\u00edas<\/a><\/strong>, avispado al detectar c\u00f3mo El Gatopardo fue blanco f\u00e1cil de muchas iras al ser una rareza de su \u00e9poca y por lo tanto una novela \u00fanica e incomparable.<\/p>\n<p class=\"paragraph\" id=\"paragraph_13\"><strong><a href=\"https:\/\/www.elespanol.com\/el-cultural\/letras\/20250414\/muere-anos-mario-vargas-llosa-ultimo-premio-nobel-literatura-lengua-espana-kw\/776172643_0.html?utm_cmp_rs=linksinline\" rel=\"nofollow noopener\" target=\"_blank\">Mario Vargas Llosa<\/a> se preguntaba c\u00f3mo fue posible y en ello era previsible<\/strong>. Lanza engarza la reflexi\u00f3n del nobel con las limitaciones y anhelos de Lampedusa, quien nunca quiso ser <a href=\"https:\/\/www.elespanol.com\/el-cultural\/letras\/20220131\/joyce-maestro-relato-corto\/645685712_0.html?utm_cmp_rs=linksinline\" rel=\"nofollow noopener\" target=\"_blank\">James Joyce<\/a> porque su prosa era congenial con descripciones y digresiones que, junt\u00e1ndose con soltura, terminaban por armar un corpus hipn\u00f3tico al paralizar el tiempo, para la mayor parte de sus cr\u00edticos congelado en el siglo XIX y la Unificaci\u00f3n italiana.<\/p>\n<p><img decoding=\"async\" alt=\"Lucio Piccolo y Giuseppe Tomasi di Lampedusa en un banco en el camino de acceso a Villa Piccolo, en Capo d'Orlando (Sicilia), a finales de la d\u00e9cada de 1930. Foto: Wikimedia Commons\" height=\"180\" loading=\"lazy\" width=\"320\" data-lazy-status=\"processed\" id=\"9759158eeb\" src=\"https:\/\/www.elespanol.com\/el-cultural\/letras\/20251014\/lampedusa-aprendia-espanol-escribia-gatopardo-libro-revela-relacion-pais\/[\" https:=\"\" data-lazy-info=\"changed src\"\/><\/p>\n<p class=\"paragraph\" id=\"paragraph_14\">Esto, si nos ce\u00f1imos a la contextualizaci\u00f3n hist\u00f3rica, es irreprochable, pero ha vertido un mar de malentendidos porque, <strong>en Lampedusa, suele asociarse el estilo con el tiempo narrado<\/strong>, causa de emparejarlo con cualquier autor decimon\u00f3nico. \u00bfEran sus faros para construir el edificio con el que ha pasado a la Historia?<\/p>\n<p class=\"paragraph\" id=\"paragraph_15\">No, ni mucho menos, y decretarlo, de nuevo sin atisbo de duda durante d\u00e9cadas y d\u00e9cadas, suena a pereza de los int\u00e9rpretes, deslumbrados por el abolengo de los personajes y lo elevado de Don Fabrizio, paradigma de otra \u00e9poca mucho m\u00e1s lenta que iba agot\u00e1ndose en una despedida paulatina que no pod\u00eda escribirse con frases cortas ni la velocidad del novecento, lo que no implicaba fijarse en los coet\u00e1neos del Pr\u00edncipe de la ficci\u00f3n.<\/p>\n<p class=\"paragraph\" id=\"paragraph_16\">Sin ir m\u00e1s lejos, las clases entre primos evolucionaron hasta seguir una cronolog\u00eda m\u00e1s bien inexacta en la que <a href=\"https:\/\/www.elespanol.com\/el-cultural\/blogs\/entreclasicos\/20210818\/garcia-lorca-poeta-tierra\/605309470_12.html?utm_cmp_rs=linksinline\" rel=\"nofollow noopener\" target=\"_blank\">Federico Garc\u00eda Lorca<\/a> surgi\u00f3 antes que <a href=\"https:\/\/www.elespanol.com\/el-cultural\/letras\/20200103\/galdos-sublime-observador\/456955806_0.html?utm_cmp_rs=linksinline\" rel=\"nofollow noopener\" target=\"_blank\">Benito P\u00e9rez Gald\u00f3s<\/a>. Del primero, al que admir\u00f3 desde su uso del l\u00e9xico, lamentaba <strong>c\u00f3mo incluso despu\u00e9s de muerto no se le rend\u00eda justicia<\/strong> porque la edici\u00f3n del sello Aguilar de 1955 de sus obras completas hac\u00eda o\u00eddos sordos a la ejecuci\u00f3n y a la homosexualidad.<\/p>\n<p class=\"paragraph\" id=\"paragraph_17\">En cambio, <strong>con Gald\u00f3s se cans\u00f3 tras poco m\u00e1s de mil p\u00e1ginas<\/strong>, defini\u00e9ndolo como un aut\u00e9ntico co\u00f1azo, lo que reafirma su libertad a la hora de tomar modelos para su novela, publicada p\u00f3stumamente hasta devenir un fen\u00f3meno literario en toda regla tras los rechazos de Elio Vittorini y la intuici\u00f3n de Giorgio Bassani, muy bien rentabilizada por <a href=\"https:\/\/www.elespanol.com\/el-cultural\/letras\/20240420\/ambicion-desmedida-feltrinelli-editor-quiso-cambiar-mundo-libros-bombas\/848915582_0.html?utm_cmp_rs=linksinline\" rel=\"nofollow noopener\" target=\"_blank\">el editor Feltrinelli<\/a>, en racha tras haber saltado la banca poco antes con <a href=\"https:\/\/www.elespanol.com\/el-cultural\/cine\/20151231\/razones-volver-doctor-zhivago\/90990989_0.html?utm_cmp_rs=linksinline\" rel=\"nofollow noopener\" target=\"_blank\">El doctor Zhivago<\/a>, de <a href=\"https:\/\/www.elespanol.com\/el-cultural\/letras\/20240108\/pasternak-poeta-hablaba-stalin-hablara-contigo-enigma-breve-llamada\/822418114_0.html?utm_cmp_rs=linksinline\" rel=\"nofollow noopener\" target=\"_blank\">Bor\u00eds Pasternak<\/a>.<\/p>\n<p><img decoding=\"async\" alt=\"Image: Lampedusa, una vida entre libros\" height=\"180\" loading=\"lazy\" width=\"320\" data-lazy-status=\"processed\" id=\"c9af33ec1d\" src=\"https:\/\/www.elespanol.com\/el-cultural\/letras\/20251014\/lampedusa-aprendia-espanol-escribia-gatopardo-libro-revela-relacion-pais\/[\" https:=\"\" data-lazy-info=\"changed src\"\/><\/p>\n<p class=\"paragraph\" id=\"paragraph_18\">Todo este resumen de las espa\u00f1olidades legadas a Giuseppe Tomasi di Lampedusa por Gioacchino Lanza quedar\u00eda incompleto si soslay\u00e1ramos otros hilos que a\u00fan permanecen en <strong>nuestra relaci\u00f3n libresca con Italia, que nunca nos hizo mucho caso<\/strong>, quiz\u00e1 por rechazar con estr\u00e9pito todas las centurias de dominaci\u00f3n pol\u00edtica tanto en Sicilia como en la Pen\u00ednsula y asociar lo proveniente de Espa\u00f1a como contrario al Progreso y a las Luces.<\/p>\n<p class=\"paragraph\" id=\"paragraph_19\">En este sentido, no deja de ser curioso c\u00f3mo otro ilustre s\u00edculo fue uno de los grandes lectores it\u00e1licos de nuestra literatura. Sin quererlo, pues se parecen en poco o nada, Leonardo Sciascia y Giuseppe Tomasi di Lampedusa se erigieron en socios de <strong>un amor oculto, por suerte recuperado este oto\u00f1o con este peque\u00f1o gran volumen<\/strong>.<\/p>\n","protected":false},"excerpt":{"rendered":"La leyenda de su novela p\u00f3stuma ha perjudicado mucho la visi\u00f3n de Giuseppe Tomasi di Lampedusa (Palermo, 1896&hellip;\n","protected":false},"author":2,"featured_media":177426,"comment_status":"","ping_status":"","sticky":false,"template":"","format":"standard","meta":{"footnotes":""},"categories":[172],"tags":[224,146,147,25,24,20885,5131,225,23],"class_list":{"0":"post-177425","1":"post","2":"type-post","3":"status-publish","4":"format-standard","5":"has-post-thumbnail","7":"category-libros","8":"tag-books","9":"tag-entertainment","10":"tag-entretenimiento","11":"tag-es","12":"tag-espana","13":"tag-lampedusa","14":"tag-letras","15":"tag-libros","16":"tag-spain"},"share_on_mastodon":{"url":"","error":""},"_links":{"self":[{"href":"https:\/\/www.europesays.com\/es\/wp-json\/wp\/v2\/posts\/177425","targetHints":{"allow":["GET"]}}],"collection":[{"href":"https:\/\/www.europesays.com\/es\/wp-json\/wp\/v2\/posts"}],"about":[{"href":"https:\/\/www.europesays.com\/es\/wp-json\/wp\/v2\/types\/post"}],"author":[{"embeddable":true,"href":"https:\/\/www.europesays.com\/es\/wp-json\/wp\/v2\/users\/2"}],"replies":[{"embeddable":true,"href":"https:\/\/www.europesays.com\/es\/wp-json\/wp\/v2\/comments?post=177425"}],"version-history":[{"count":0,"href":"https:\/\/www.europesays.com\/es\/wp-json\/wp\/v2\/posts\/177425\/revisions"}],"wp:featuredmedia":[{"embeddable":true,"href":"https:\/\/www.europesays.com\/es\/wp-json\/wp\/v2\/media\/177426"}],"wp:attachment":[{"href":"https:\/\/www.europesays.com\/es\/wp-json\/wp\/v2\/media?parent=177425"}],"wp:term":[{"taxonomy":"category","embeddable":true,"href":"https:\/\/www.europesays.com\/es\/wp-json\/wp\/v2\/categories?post=177425"},{"taxonomy":"post_tag","embeddable":true,"href":"https:\/\/www.europesays.com\/es\/wp-json\/wp\/v2\/tags?post=177425"}],"curies":[{"name":"wp","href":"https:\/\/api.w.org\/{rel}","templated":true}]}}