{"id":177457,"date":"2025-10-15T01:54:26","date_gmt":"2025-10-15T01:54:26","guid":{"rendered":"https:\/\/www.europesays.com\/es\/177457\/"},"modified":"2025-10-15T01:54:26","modified_gmt":"2025-10-15T01:54:26","slug":"taylor-swift-y-un-anuncio-que-enloquecio-a-los-fans","status":"publish","type":"post","link":"https:\/\/www.europesays.com\/es\/177457\/","title":{"rendered":"Taylor Swift y un anuncio que enloqueci\u00f3 a los fans"},"content":{"rendered":"<p class=\"left paragraph font__body-regular\">Luego de mucha expectativa en las redes sociales, <a href=\"https:\/\/tn.com.ar\/musica\/noticias\/2025\/10\/03\/taylor-swift-estreno-the-life-of-a-showgirl-convierte-su-vida-en-un-espectaculo-de-glamour-y-drama\/\" target=\"_self\" rel=\"nofollow noopener\" title=\"https:\/\/tn.com.ar\/musica\/noticias\/2025\/10\/03\/taylor-swift-estreno-the-life-of-a-showgirl-convierte-su-vida-en-un-espectaculo-de-glamour-y-drama\/\">Taylor Swift<\/a> anunci\u00f3 una nueva docuserie<b> de seis partes donde describir\u00e1 <\/b>su gira r\u00e9cord<b> \u201cEras Tour\u201d <\/b>y una pel\u00edcula La cantante termin\u00f3 con sus recitales, 149 en total, en diciembre del a\u00f1o pasado, en Vancouver.<\/p>\n<p class=\"left paragraph font__body-regular\">Una recorrida musical de la estrella a lo <b>largo de 21 meses <\/b>y que pas\u00f3 con mucho \u00e9xito por Buenos Aires, con sus shows en River. Un tour taquillero, que rompi\u00f3 r\u00e9cords de venta de entradas, y que recaud\u00f3 2000 millones de d\u00f3lares.<\/p>\n<p class=\"left paragraph font__body-regular\"><b>Le\u00e9 tambi\u00e9n: <\/b><a href=\"https:\/\/tn.com.ar\/musica\/noticias\/2025\/10\/03\/taylor-swift-estreno-the-life-of-a-showgirl-convierte-su-vida-en-un-espectaculo-de-glamour-y-drama\/\" target=\"_self\" rel=\"nofollow noopener\" title=\"https:\/\/tn.com.ar\/musica\/noticias\/2025\/10\/03\/taylor-swift-estreno-the-life-of-a-showgirl-convierte-su-vida-en-un-espectaculo-de-glamour-y-drama\/\">Taylor Swift estren\u00f3 \u201cThe Life of a Showgirl\u201d<\/a><\/p>\n<p><img decoding=\"async\" loading=\"lazy\" fetchpriority=\"low\" data-testid=\"loading-testid\" class=\"image content-image image_placeholder\" alt=\"Taylor Swift y su esperado anuncio en las redes sociales sobre sus nuevos proyectos.\" width=\"767\" height=\"656\" src=\"https:\/\/www.europesays.com\/es\/wp-content\/uploads\/2025\/10\/taylor-swift-y-su-esperado-anuncio-en-las-redes-sociales-sobre-sus-nuevos-proyectos-KDZ6QUKCE5BVPLCZ.jpeg\"\/><\/p>\n<p>Taylor Swift y su esperado anuncio en las redes sociales sobre sus nuevos proyectos.<\/p>\n<p>Los detalles del anuncio<\/p>\n<p class=\"left paragraph font__body-regular\">Taylor Swift cont\u00f3 que los dos primeros episodios de \u201cEl Fin de una Era\u201d, que describen la gira, y se estrenar\u00e1n en Disney+ el 12 de diciembre. Ese mismo d\u00eda, tambi\u00e9n en streaming, se podr\u00e1 ver \u201c<b>Taylor Swift: The Eras Tour &#8211; The Final Show\u201d,<\/b> una nueva pel\u00edcula de concierto que captura su \u00faltima parada del \u201cEras Tour\u201d en el BC Place de Vancouver. Los fans podr\u00e1n disfrutar de dos nuevos episodios de la docuserie por semana. <\/p>\n<p class=\"left paragraph font__body-regular\">En redes sociales, la cantante public\u00f3 sobre los pr\u00f3ximos lanzamientos: \u201c<b>Era el fin de una era y lo sab\u00edamos. <\/b>Quer\u00edamos recordar cada momento previo a la culminaci\u00f3n del cap\u00edtulo m\u00e1s importante e intenso de nuestras vidas, as\u00ed que permitimos a los cineastas<b> capturar esta gira y todas las historias que se tejieron <\/b>a lo largo de ella a medida que llegaba a su fin. Y filmar el concierto final en su totalidad\u201d.<\/p>\n<p class=\"left paragraph font__body-regular\">El concierto final incluye \u201ctodo el repertorio de Tortured Poets Department de la extensa serie de fechas de Swift. La noticia lleg\u00f3 a los pocos d\u00edas de la salida de su nuevo disco, The Life of a Showgirl, el duod\u00e9cimo disco de estudio, que convierte su vida en un espect\u00e1culo de glamour y drama, celebrando la teatralidad y la energ\u00eda del pop.<\/p>\n<p class=\"left paragraph font__body-regular\">La cantante brinda a sus seguidores una mirada \u00edntima a sus casi dos d\u00e9cadas de carrera musical. El anuncio de la <b>llegada de este material fue en un podcast<\/b> junto a su pareja Travis Kelce.<\/p>\n","protected":false},"excerpt":{"rendered":"Luego de mucha expectativa en las redes sociales, Taylor Swift anunci\u00f3 una nueva docuserie de seis partes donde&hellip;\n","protected":false},"author":2,"featured_media":177458,"comment_status":"","ping_status":"","sticky":false,"template":"","format":"standard","meta":{"footnotes":""},"categories":[170],"tags":[146,147,25,24,184,185,23,3945],"class_list":{"0":"post-177457","1":"post","2":"type-post","3":"status-publish","4":"format-standard","5":"has-post-thumbnail","7":"category-musica","8":"tag-entertainment","9":"tag-entretenimiento","10":"tag-es","11":"tag-espana","12":"tag-music","13":"tag-musica","14":"tag-spain","15":"tag-taylor-swift"},"share_on_mastodon":{"url":"","error":""},"_links":{"self":[{"href":"https:\/\/www.europesays.com\/es\/wp-json\/wp\/v2\/posts\/177457","targetHints":{"allow":["GET"]}}],"collection":[{"href":"https:\/\/www.europesays.com\/es\/wp-json\/wp\/v2\/posts"}],"about":[{"href":"https:\/\/www.europesays.com\/es\/wp-json\/wp\/v2\/types\/post"}],"author":[{"embeddable":true,"href":"https:\/\/www.europesays.com\/es\/wp-json\/wp\/v2\/users\/2"}],"replies":[{"embeddable":true,"href":"https:\/\/www.europesays.com\/es\/wp-json\/wp\/v2\/comments?post=177457"}],"version-history":[{"count":0,"href":"https:\/\/www.europesays.com\/es\/wp-json\/wp\/v2\/posts\/177457\/revisions"}],"wp:featuredmedia":[{"embeddable":true,"href":"https:\/\/www.europesays.com\/es\/wp-json\/wp\/v2\/media\/177458"}],"wp:attachment":[{"href":"https:\/\/www.europesays.com\/es\/wp-json\/wp\/v2\/media?parent=177457"}],"wp:term":[{"taxonomy":"category","embeddable":true,"href":"https:\/\/www.europesays.com\/es\/wp-json\/wp\/v2\/categories?post=177457"},{"taxonomy":"post_tag","embeddable":true,"href":"https:\/\/www.europesays.com\/es\/wp-json\/wp\/v2\/tags?post=177457"}],"curies":[{"name":"wp","href":"https:\/\/api.w.org\/{rel}","templated":true}]}}