{"id":177471,"date":"2025-10-15T02:02:15","date_gmt":"2025-10-15T02:02:15","guid":{"rendered":"https:\/\/www.europesays.com\/es\/177471\/"},"modified":"2025-10-15T02:02:15","modified_gmt":"2025-10-15T02:02:15","slug":"una-empleada-de-la-agencia-de-tono-sanchis-asegura-que-solo-se-cobro-mas-comision-de-lo-habitual-a-belen-esteban-gente","status":"publish","type":"post","link":"https:\/\/www.europesays.com\/es\/177471\/","title":{"rendered":"Una empleada de la agencia de To\u00f1o Sanch\u00eds asegura que solo se cobr\u00f3 m\u00e1s comisi\u00f3n de lo habitual a Bel\u00e9n Esteban | Gente"},"content":{"rendered":"<p class=\"\">En<a href=\"https:\/\/elpais.com\/gente\/2025-10-13\/arranca-el-juicio-contra-tono-sanchis-acusado-de-apropiarse-de-dinero-de-belen-esteban.html\" target=\"_blank\" rel=\"noreferrer nofollow noopener\" title=\"https:\/\/elpais.com\/gente\/2025-10-13\/arranca-el-juicio-contra-tono-sanchis-acusado-de-apropiarse-de-dinero-de-belen-esteban.html\"> el segundo d\u00eda del juicio que enfrenta a Bel\u00e9n Esteban <\/a>contra su exrepresentante, una empleada de la agencia de representaci\u00f3n de To\u00f1o Sanch\u00eds ha confirmado que su jefe firmaba las facturas que se investigan en el juicio por <a href=\"https:\/\/elpais.com\/gente\/2025-10-10\/la-fiscalia-pide-tres-anos-y-medio-de-carcel-para-tono-sanchis-por-apropiarse-de-dinero-de-belen-esteban.html\" target=\"_blank\" rel=\"noreferrer nofollow noopener\" title=\"https:\/\/elpais.com\/gente\/2025-10-10\/la-fiscalia-pide-tres-anos-y-medio-de-carcel-para-tono-sanchis-por-apropiarse-de-dinero-de-belen-esteban.html\">presunta apropiaci\u00f3n indebida de m\u00e1s de 300.000 euros<\/a>. Seg\u00fan ha explicado la testigo, Sanch\u00eds le dijo que \u00e9l hab\u00eda acordado con la colaboradora televisiva que le cobrar\u00eda una comisi\u00f3n superior al 20% que estipulaba su contrato, algo que no se hizo con ning\u00fan otro artista.<\/p>\n<p class=\"\">La Secci\u00f3n Cuarta de la Audiencia Provincial de Madrid ha continuado este martes 14 de octubre el juicio a To\u00f1o Sanch\u00eds, al que la Fiscal\u00eda acusa de apropiaci\u00f3n indebida continuada cometida entre 2009 y 2015 contra la colaboradora televisiva, un delito por el que pide tres a\u00f1os y medio de c\u00e1rcel y que indemnice a la artista con el dinero que a\u00fan no le ha devuelto (339.549 euros). Por su parte, la acusaci\u00f3n particular pide cuatro y medio de c\u00e1rcel y una indemnizaci\u00f3n algo m\u00e1s elevada, mientras que la defensa solicita la libre absoluci\u00f3n porque afirma que el acusado no cometi\u00f3 el delito que se le imputa.<\/p>\n<p>M\u00e1s informaci\u00f3n<\/p>\n<p class=\"\">En la sesi\u00f3n de este martes, <a href=\"https:\/\/elpais.com\/television\/2025-05-14\/belen-esteban-no-me-gusta-el-formato-ni-los-temas-me-quiero-ir-la-familia-de-la-tele-hace-autocritica-en-directo.html\" target=\"_blank\" rel=\"noreferrer nofollow noopener\" title=\"https:\/\/elpais.com\/television\/2025-05-14\/belen-esteban-no-me-gusta-el-formato-ni-los-temas-me-quiero-ir-la-familia-de-la-tele-hace-autocritica-en-directo.html\">a la que Bel\u00e9n Esteban<\/a> ha acudido como p\u00fablico junto a su marido, Miguel Marcos, una subordinada de Sanch\u00eds en la Agencia de Servicios Lorant S.L. ha explicado que sol\u00edan firmar el mismo tipo de contrato con todos los clientes: la agencia cobraba por el trabajo del artista y luego el artista (o su empresa) cobraba emitiendo una factura a la agencia, que se quedaba con el 20% del bruto. La empleada ha precisado que, sin embargo, en un momento dado, su jefe le coment\u00f3 que hab\u00eda acordado con Bel\u00e9n Esteban elevar esa comisi\u00f3n, debido a que \u201ca ella le dedicaba m\u00e1s tiempo que al resto de clientes\u201d. Seg\u00fan la declaraci\u00f3n de la testigo, se le dijo que llegaron a un acuerdo mutuo para cobrarle una comisi\u00f3n del 30% en lo referido por contratos con televisiones y del 50% por publicidad. Ella, dice, lo dio por bueno y no indag\u00f3 m\u00e1s porque no era su labor.<\/p>\n<p class=\"\">Este aumento de la comisi\u00f3n es algo que \u201csolo se hizo con Bel\u00e9n Esteban\u201d, ha asegurado, ya que con el resto de clientes se mantuvo el \u201cporcentaje estandarizado\u201d que ped\u00eda la agencia, del 20%, ha aclarado al ser preguntada por el juez que preside el tribunal. El magistrado tambi\u00e9n le ha pedido tres ejemplos de clientes con los que se mantuviera el est\u00e1ndar, y la testigo ha nombrado al tambi\u00e9n <a href=\"https:\/\/elpais.com\/gente\/2025-03-24\/kiko-matamoros-me-miro-en-el-espejo-y-no-me-parezco-un-ser-despreciable.html\" target=\"_blank\" rel=\"noreferrer nofollow noopener\" title=\"https:\/\/elpais.com\/gente\/2025-03-24\/kiko-matamoros-me-miro-en-el-espejo-y-no-me-parezco-un-ser-despreciable.html\">colaborador televisivo Kiko Matamoros<\/a>, el torero Miguel Abell\u00e1n y la presentadora Sonia Ferrer.<\/p>\n<p class=\"\">La testigo ha incidido en que era Sanch\u00eds el que gestionaba los contratos \u201csiempre de la misma forma\u201d y el que dec\u00eda a la asesor\u00eda con la que trabajaban la cantidad que se pagaba al cliente. En el caso de Bel\u00e9n Esteban, mediante una transferencia que \u00e9l mismo hac\u00eda. \u201cTodo lo firmaba To\u00f1o. To\u00f1o le hac\u00eda las transferencias a Bel\u00e9n\u201d, ha confirmado, precisando que tambi\u00e9n era \u00e9l \u201cel que enviaba el dinero de Bem Imaging (la empresa de Bel\u00e9n Esteban) a la propia Bel\u00e9n Esteban\u201d y \u201cmanejaba la cuenta de Bem Imaging y las claves\u201d. Al ser preguntada por el abogado de la defensa, ha recordado que la tambi\u00e9n concursante de realities cambi\u00f3 de empresa (de Producciones Bem a Bem Imaging) debido a inspecciones fiscales, pero este cambio no coincidi\u00f3 con el momento en el que Sanch\u00eds le dijo a ella que le cobrar\u00edan una mayor comisi\u00f3n.<\/p>\n<p><img decoding=\"auto\" class=\"_re lazyload a_m-v\" height=\"621\"  width=\"414\"  src=\"https:\/\/www.europesays.com\/es\/wp-content\/uploads\/2025\/10\/4VOBM6BSABNBTGNR2Q46DEZBM4.jpg\" loading=\"lazy\"\/>To\u00f1o Sanch\u00eds, exrepresentante de Bel\u00e9n Esteban, acompa\u00f1ado por su abogado en las inmediaciones de la Audiencia Provincial de Madrid, el 13 de octubre de 2025.Paqui Gallego (EFE)<\/p>\n<p class=\"\">En la sesi\u00f3n de este martes tambi\u00e9n ha declarado un hermano de Bel\u00e9n Esteban, Francisco Jos\u00e9, que ha explicado que cuando su hermana cre\u00f3 la segunda empresa, en 2010, le nombr\u00f3 administrador de la misma, pero \u00e9l solo firm\u00f3 una cesi\u00f3n de derechos de imagen y no recib\u00eda cartas ni comunicaciones del banco. \u201cNunca he firmado nada que tenga que ver con la empresa. Absolutamente nada m\u00e1s que la creaci\u00f3n de la empresa y esa cesi\u00f3n de derechos\u201d, ha precisado, dejando claro que \u201cnunca\u201d tuvo acceso a cuentas bancarias de Bem Imaging. <\/p>\n<p class=\"\">Adem\u00e1s, Francisco Jos\u00e9 ha contado que un d\u00eda Sanch\u00eds, que iba a las comidas familiares porque <a href=\"https:\/\/elpais.com\/elpais\/2019\/04\/15\/gente\/1555347359_063137.html\" target=\"_blank\" rel=\"noreferrer nofollow noopener\" title=\"https:\/\/elpais.com\/elpais\/2019\/04\/15\/gente\/1555347359_063137.html\">ten\u00edan \u201cmucha confianza\u201d<\/a>, le dijo que la comisi\u00f3n de su hermana era del 20%. Preguntado por la defensa, tambi\u00e9n ha explicado que ces\u00f3 como administrador de la empresa cuando la contable \u201cempez\u00f3 a sacar todas estas cosas\u201d y le propuso que \u00e9l se quitase de ese puesto.<\/p>\n<p class=\"\">El juicio continuar\u00e1 el d\u00eda 20 con declaraciones de peritos y del acusado, To\u00f1o Sanch\u00eds. <\/p>\n","protected":false},"excerpt":{"rendered":"En el segundo d\u00eda del juicio que enfrenta a Bel\u00e9n Esteban contra su exrepresentante, una empleada de la&hellip;\n","protected":false},"author":2,"featured_media":177472,"comment_status":"","ping_status":"","sticky":false,"template":"","format":"standard","meta":{"footnotes":""},"categories":[8],"tags":[13097,50759,7904,17,18,7232,25,24,256,13,14,260,11,2128,19,20,9,10,15,16,23,7970,12,21,22],"class_list":{"0":"post-177471","1":"post","2":"type-post","3":"status-publish","4":"format-standard","5":"has-post-thumbnail","7":"category-espana","8":"tag-ap-madrid","9":"tag-apropiacion-indebida","10":"tag-belen-esteban","11":"tag-breaking-news","12":"tag-breakingnews","13":"tag-delitos","14":"tag-es","15":"tag-espana","16":"tag-famosos","17":"tag-featured-news","18":"tag-featurednews","19":"tag-gente","20":"tag-headlines","21":"tag-juicios","22":"tag-latest-news","23":"tag-latestnews","24":"tag-news","25":"tag-noticias","26":"tag-noticias-destacadas","27":"tag-noticiasdestacadas","28":"tag-spain","29":"tag-testigos","30":"tag-titulares","31":"tag-ultimas-noticias","32":"tag-ultimasnoticias"},"share_on_mastodon":{"url":"","error":""},"_links":{"self":[{"href":"https:\/\/www.europesays.com\/es\/wp-json\/wp\/v2\/posts\/177471","targetHints":{"allow":["GET"]}}],"collection":[{"href":"https:\/\/www.europesays.com\/es\/wp-json\/wp\/v2\/posts"}],"about":[{"href":"https:\/\/www.europesays.com\/es\/wp-json\/wp\/v2\/types\/post"}],"author":[{"embeddable":true,"href":"https:\/\/www.europesays.com\/es\/wp-json\/wp\/v2\/users\/2"}],"replies":[{"embeddable":true,"href":"https:\/\/www.europesays.com\/es\/wp-json\/wp\/v2\/comments?post=177471"}],"version-history":[{"count":0,"href":"https:\/\/www.europesays.com\/es\/wp-json\/wp\/v2\/posts\/177471\/revisions"}],"wp:featuredmedia":[{"embeddable":true,"href":"https:\/\/www.europesays.com\/es\/wp-json\/wp\/v2\/media\/177472"}],"wp:attachment":[{"href":"https:\/\/www.europesays.com\/es\/wp-json\/wp\/v2\/media?parent=177471"}],"wp:term":[{"taxonomy":"category","embeddable":true,"href":"https:\/\/www.europesays.com\/es\/wp-json\/wp\/v2\/categories?post=177471"},{"taxonomy":"post_tag","embeddable":true,"href":"https:\/\/www.europesays.com\/es\/wp-json\/wp\/v2\/tags?post=177471"}],"curies":[{"name":"wp","href":"https:\/\/api.w.org\/{rel}","templated":true}]}}