{"id":177473,"date":"2025-10-15T02:03:07","date_gmt":"2025-10-15T02:03:07","guid":{"rendered":"https:\/\/www.europesays.com\/es\/177473\/"},"modified":"2025-10-15T02:03:07","modified_gmt":"2025-10-15T02:03:07","slug":"mango-avisa-a-sus-clientes-que-ha-sufrido-un-acceso-no-autorizado-a-datos","status":"publish","type":"post","link":"https:\/\/www.europesays.com\/es\/177473\/","title":{"rendered":"Mango avisa a sus clientes que ha sufrido un \u00abacceso no autorizado\u00bb a datos"},"content":{"rendered":"<p>Mango ha avisado a sus clientes de que uno de sus servicios externos <strong>ha sufrido un \u00abacceso no autorizado\u00bb a los datos de contacto de sus clientes<\/strong> usados en campa\u00f1as de marketing.<\/p>\n<p>La informaci\u00f3n expuesta <strong>\u00abse limita a los datos de contacto personales usados en campa\u00f1as de marketing\u00bb<\/strong>, es decir, nombre (sin apellidos), pa\u00eds, c\u00f3digo postal, direcci\u00f3n de correo electr\u00f3nico y tel\u00e9fono, informan fuentes de la compa\u00f1\u00eda.<\/p>\n<p>Mango ha explicado que <strong>\u00abtodo sigue funcionando con normalidad\u00bb<\/strong> y que los sistemas corporativos de la compa\u00f1\u00eda no se han visto comprometidos.<\/p>\n<p>Asimismo, ha explicado que en ning\u00fan caso <strong>se ha visto comprometida informaci\u00f3n bancaria<\/strong>, tarjetas de cr\u00e9dito, DNI, pasaporte, credenciales de acceso ni contrase\u00f1as de clientes.<\/p>\n<p>La firma ha activado los protocolos de seguridad y ha notificado a la Agencia de Protecci\u00f3n de Datos y Autoridades. Mango recomienda a los clientes, de forma preventiva, <strong>prestar atenci\u00f3n a cualquier \u00abcomunicaci\u00f3n sospechosa\u00bb<\/strong> o solicitudes de acciones inusuales tanto por correo electr\u00f3nico como por tel\u00e9fono.<\/p>\n","protected":false},"excerpt":{"rendered":"Mango ha avisado a sus clientes de que uno de sus servicios externos ha sufrido un \u00abacceso no&hellip;\n","protected":false},"author":2,"featured_media":177474,"comment_status":"","ping_status":"","sticky":false,"template":"","format":"standard","meta":{"footnotes":""},"categories":[5],"tags":[17,18,6800,56,25,24,13,14,26633,11,19,20,3907,9,10,15,16,23,12,21,22],"class_list":{"0":"post-177473","1":"post","2":"type-post","3":"status-publish","4":"format-standard","5":"has-post-thumbnail","7":"category-titulares","8":"tag-breaking-news","9":"tag-breakingnews","10":"tag-clientes","11":"tag-datos","12":"tag-es","13":"tag-espana","14":"tag-featured-news","15":"tag-featurednews","16":"tag-hackers","17":"tag-headlines","18":"tag-latest-news","19":"tag-latestnews","20":"tag-mango","21":"tag-news","22":"tag-noticias","23":"tag-noticias-destacadas","24":"tag-noticiasdestacadas","25":"tag-spain","26":"tag-titulares","27":"tag-ultimas-noticias","28":"tag-ultimasnoticias"},"share_on_mastodon":{"url":"","error":""},"_links":{"self":[{"href":"https:\/\/www.europesays.com\/es\/wp-json\/wp\/v2\/posts\/177473","targetHints":{"allow":["GET"]}}],"collection":[{"href":"https:\/\/www.europesays.com\/es\/wp-json\/wp\/v2\/posts"}],"about":[{"href":"https:\/\/www.europesays.com\/es\/wp-json\/wp\/v2\/types\/post"}],"author":[{"embeddable":true,"href":"https:\/\/www.europesays.com\/es\/wp-json\/wp\/v2\/users\/2"}],"replies":[{"embeddable":true,"href":"https:\/\/www.europesays.com\/es\/wp-json\/wp\/v2\/comments?post=177473"}],"version-history":[{"count":0,"href":"https:\/\/www.europesays.com\/es\/wp-json\/wp\/v2\/posts\/177473\/revisions"}],"wp:featuredmedia":[{"embeddable":true,"href":"https:\/\/www.europesays.com\/es\/wp-json\/wp\/v2\/media\/177474"}],"wp:attachment":[{"href":"https:\/\/www.europesays.com\/es\/wp-json\/wp\/v2\/media?parent=177473"}],"wp:term":[{"taxonomy":"category","embeddable":true,"href":"https:\/\/www.europesays.com\/es\/wp-json\/wp\/v2\/categories?post=177473"},{"taxonomy":"post_tag","embeddable":true,"href":"https:\/\/www.europesays.com\/es\/wp-json\/wp\/v2\/tags?post=177473"}],"curies":[{"name":"wp","href":"https:\/\/api.w.org\/{rel}","templated":true}]}}