{"id":177494,"date":"2025-10-15T02:23:08","date_gmt":"2025-10-15T02:23:08","guid":{"rendered":"https:\/\/www.europesays.com\/es\/177494\/"},"modified":"2025-10-15T02:23:08","modified_gmt":"2025-10-15T02:23:08","slug":"los-clientes-del-sabadell-rechazan-de-forma-masiva-la-opa-y-alejan-al-bbva-del-50","status":"publish","type":"post","link":"https:\/\/www.europesays.com\/es\/177494\/","title":{"rendered":"Los clientes del Sabadell rechazan de forma masiva la opa y alejan al BBVA del 50%"},"content":{"rendered":"<p> Los accionistas del Sabadell que tienen sus t\u00edtulos depositados en la entidad dan un sonoro portazo a la opa de BBVA. La catalana confirm\u00f3  &#8230; ayer a la CNMV que, de estos inversores \u2013que representan el 30,8% del capital\u2013, solo un 2,8% ha aceptado la oferta, representativos de apenas el 1,1% del capital social. <\/p>\n<p class=\"v-p\">La cifra viene a confirmar la oposici\u00f3n de los minoristas \u2013muchos de ellos clientes y empleados\u2013 a la operaci\u00f3n. Y tambi\u00e9n evidencia que el mensaje de Carlos Torres \u2013tras semanas en las que el banquero ha multiplicado reuniones y presentaciones, tambi\u00e9n en Catalu\u00f1a\u2013 no ha calado  entre estos inversores, que cierran filas en torno al valor en solitario que defienden desde Sant Cugat. Fuentes conocedoras apuntan a que \u00abtanto en Sabadell como en BBVA esperaban que este porcentaje fuese bajo, pero no tanto\u00bb, indicando que incluso ha sorprendido en el entorno de Josep Oliu. Y aunque a\u00fan queda por conocer qu\u00e9 ha votado el resto de socios, la cifra desvelada ayer supone un serio rev\u00e9s para las aspiraciones de BBVA de superar \u00abampliamente\u00bb el 50% de aceptaci\u00f3n. <\/p>\n<p class=\"v-p\">\u00abHay que tener en cuenta que los accionistas del Sabadell con sus t\u00edtulos depositados tienen lazos estrechos con la entidad y han sido clientes durante a\u00f1os, por lo que la decisi\u00f3n ha estado muy condicionada\u00bb, matizan los expertos de XTB. \u00abCreemos que el porcentaje de aceptaci\u00f3n de los institucionales ser\u00e1 mayor, lo que permitir\u00e1 a BBVA alcanzar el 30%\u00bb, a\u00f1aden. As\u00ed, el escenario de una segunda opa cobra fuerza en el mercado, incluso para los que ahora han rechazado la operaci\u00f3n a la espera de una mejor oportunidad. El presidente de BBVA, Carlos Torres, se ha mantenido firme asegurando que, en ese hipot\u00e9tico caso, la nueva oferta nunca ser\u00e1 a un precio superior. \u00abTambi\u00e9n dijo que no mejorar\u00eda la primera y finalmente lo hizo en un 10%\u00bb, apunta un banquero nacional a este diario. <\/p>\n<p class=\"v-p\">Ser\u00e1 la CNMV quien d\u00e9 a conocer este viernes 17 de octubre el resultado definitivo y los criterios para establecer el precio de esa supuesta segunda opa, en caso de que BBVA no alcance el 50% y decida rebajar el umbral de aceptaci\u00f3n al 30%. Y la evoluci\u00f3n del Sabadell en Bolsa en estos d\u00edas resultar\u00e1 clave, ya que si la catalana sigue subiendo, la presi\u00f3n para el supervisor sobre c\u00f3mo deber\u00eda ser esa interpretaci\u00f3n ser\u00e1 m\u00e1xima, ante las distintas opiniones en torno al asunto. Torres ya ha dejado claro que, si la CNMV coincide con el criterio del Sabadell \u2013que apunta a un precio mayor\u2013, BBVA se retirar\u00e1 definitivamente de un proceso que se ha extendido ya 17 meses y amenaza con alargarse unos cuantos m\u00e1s. Pero eso tambi\u00e9n est\u00e1 en el aire. De momento, el mercado reaccion\u00f3 ayer con algo de volatilidad y, tras una ma\u00f1ana de ca\u00eddas, los t\u00edtulos del Sabadell cerraron con un alza del 1,09% hasta los 3,26 euros, mientras que los de BBVA avanzaron un 0,7% hasta los 15,99 euros.<\/p>\n<p class=\"v-p\">Las quinielas est\u00e1n en marcha y las dos entidades llevan d\u00edas haciendo c\u00e1balas. Tras conocer el voto de los clientes accionistas, queda por ver qu\u00e9 har\u00e1 el resto de minoristas (los que tienen depositadas sus acciones en otras entidades) y que rondan el 9% del capital. Pero sobre todo los institucionales, donde BBVA ha depositado toda su confianza para superar con holgura al menos el 30% de la vallesana. <\/p>\n<p class=\"v-p\">La entidad con sede en Bilbao ya sabe que no cuenta con el apoyo del 5% de Zurich, que hizo p\u00fablico que no acudir\u00eda a la opa, en aras de proteger su alianza de bancaseguros con Sabadell. Pero tambi\u00e9n juegan un papel fundamental los denominados fondos de gesti\u00f3n activa (que pesan un 35% en el capital) y los pasivos,  que por mandato deben replicar a un \u00edndice y tendr\u00edan en torno a un 20% de la catalana. Torres ya asegur\u00f3 en una entrevista a este peri\u00f3dico que aspiraba a hacerse con el 10% del voto favorable de estos \u00faltimos. Y tambi\u00e9n cuenta con el &#8216;s\u00ed&#8217; de David Mart\u00ednez, el consejero d\u00edscolo con un 3,8% del Sabadell. Pero para que las cifras cuadren, y su propuesta siga adelante, el apoyo de estos grupos tendr\u00eda que ser casi un\u00e1nime. <\/p>\n","protected":false},"excerpt":{"rendered":"Los accionistas del Sabadell que tienen sus t\u00edtulos depositados en la entidad dan un sonoro portazo a la&hellip;\n","protected":false},"author":2,"featured_media":177495,"comment_status":"","ping_status":"","sticky":false,"template":"","format":"standard","meta":{"footnotes":""},"categories":[80],"tags":[50767,3285,82,6800,95,94,25,24,1142,44281,3284,48245,1457,23],"class_list":{"0":"post-177494","1":"post","2":"type-post","3":"status-publish","4":"format-standard","5":"has-post-thumbnail","7":"category-economia","8":"tag-alejan","9":"tag-bbva","10":"tag-business","11":"tag-clientes","12":"tag-economia","13":"tag-economy","14":"tag-es","15":"tag-espana","16":"tag-forma","17":"tag-masiva","18":"tag-opa","19":"tag-rechazan","20":"tag-sabadell","21":"tag-spain"},"share_on_mastodon":{"url":"","error":""},"_links":{"self":[{"href":"https:\/\/www.europesays.com\/es\/wp-json\/wp\/v2\/posts\/177494","targetHints":{"allow":["GET"]}}],"collection":[{"href":"https:\/\/www.europesays.com\/es\/wp-json\/wp\/v2\/posts"}],"about":[{"href":"https:\/\/www.europesays.com\/es\/wp-json\/wp\/v2\/types\/post"}],"author":[{"embeddable":true,"href":"https:\/\/www.europesays.com\/es\/wp-json\/wp\/v2\/users\/2"}],"replies":[{"embeddable":true,"href":"https:\/\/www.europesays.com\/es\/wp-json\/wp\/v2\/comments?post=177494"}],"version-history":[{"count":0,"href":"https:\/\/www.europesays.com\/es\/wp-json\/wp\/v2\/posts\/177494\/revisions"}],"wp:featuredmedia":[{"embeddable":true,"href":"https:\/\/www.europesays.com\/es\/wp-json\/wp\/v2\/media\/177495"}],"wp:attachment":[{"href":"https:\/\/www.europesays.com\/es\/wp-json\/wp\/v2\/media?parent=177494"}],"wp:term":[{"taxonomy":"category","embeddable":true,"href":"https:\/\/www.europesays.com\/es\/wp-json\/wp\/v2\/categories?post=177494"},{"taxonomy":"post_tag","embeddable":true,"href":"https:\/\/www.europesays.com\/es\/wp-json\/wp\/v2\/tags?post=177494"}],"curies":[{"name":"wp","href":"https:\/\/api.w.org\/{rel}","templated":true}]}}