{"id":177496,"date":"2025-10-15T02:24:08","date_gmt":"2025-10-15T02:24:08","guid":{"rendered":"https:\/\/www.europesays.com\/es\/177496\/"},"modified":"2025-10-15T02:24:08","modified_gmt":"2025-10-15T02:24:08","slug":"trump-condecora-a-charlie-kirk-mientras-aumenta-su-presion-contra-los-grupos-de-izquierda-internacional","status":"publish","type":"post","link":"https:\/\/www.europesays.com\/es\/177496\/","title":{"rendered":"Trump condecora a Charlie Kirk mientras aumenta su presi\u00f3n contra los grupos de izquierda | Internacional"},"content":{"rendered":"<p class=\"\">Donald Trump ha concedido la medalla presidencial de la Libertad, la mayor distinci\u00f3n civil en Estados Unidos, a su aliado y <a href=\"https:\/\/elpais.com\/noticias\/estados-unidos\/\" target=\"_self\" rel=\"nofollow noopener\" title=\"https:\/\/elpais.com\/noticias\/estados-unidos\/\">activista conservador asesinado, Charlie Kirk<\/a>, en una ceremonia este martes en la Rosaleda de la Casa Blanca. El homenaje ha tenido lugar mientras el presidente endurece su presi\u00f3n, y su ret\u00f3rica, contra los grupos de izquierda, a los que acusa de alimentar la violencia y fomentar la polarizaci\u00f3n.<\/p>\n<p class=\"\">Mientras el evento ten\u00eda lugar, el Departamento de Estado anunciaba que ha cancelado los visados a media docena de extranjeros que se hab\u00edan expresado de manera cr\u00edtica hacia Charlie Kirk o hab\u00edan minimizado su asesinato en redes sociales. En un hilo en X, la antigua Twitter, la diplomacia estadounidense ha revelado que los extranjeros afectados son nacionales de Argentina, M\u00e9xico, Alemania, Paraguay, Sud\u00e1frica y Brasil. <\/p>\n<p class=\"\">\u201c<a href=\"https:\/\/elpais.com\/noticias\/estados-unidos\/\" target=\"_self\" rel=\"nofollow noopener\" title=\"https:\/\/elpais.com\/noticias\/estados-unidos\/\">Estados Unidos<\/a> no tiene ninguna obligaci\u00f3n de acoger a extranjeros que deseen la muerte a estadounidenses\u201d, declara el organismo que encabeza Marco Rubio, que no precisa si las personas a las que se les ha retirado el visado se encontraban en suelo estadounidense o qu\u00e9 tipo de visado concreto ten\u00edan.<\/p>\n<p class=\"\">Al acto en la Casa Blanca asistieron personalidades pol\u00edticas y de los medios republicanos, adem\u00e1s del presidente argentino, Javier Milei, que poco antes se hab\u00eda reunido con el mandatario estadounidense en el ala oeste de la residencia presidencial. En la ceremonia, Trump se deshac\u00eda en elogios a Kirk, amigo personal suyo y de su familia, y un hombre del que asegura que le debe en parte el haber llegado a la Casa Blanca. Sin su movimiento juvenil, Turning Point America, su popularidad entre los menores de 30 a\u00f1os hubiera sido menor, sostiene. <\/p>\n<p class=\"\">\u201cEstamos aqu\u00ed para homenajear y recordar a un valiente guerrero por la libertad, un l\u00edder adorado que galvaniz\u00f3 a la nueva generaci\u00f3n como nadie que yo haya visto antes\u201d, sosten\u00eda el republicano ante m\u00e1s de doscientas personas congregadas en la ceremonia, mientras entregaba la medalla a Erika Kirk, la esposa del activista que Trump ha descrito como un \u201cm\u00e1rtir de la libertad\u201d.<\/p>\n<p class=\"\">Kirk, que este martes hubiera cumplido 32 a\u00f1os, fue asesinado de un disparo en el cuello el 10 de septiembre mientras participaba en un debate de su organizaci\u00f3n en la Universidad del Valle de Utah. Su muerte caus\u00f3 una enorme consternaci\u00f3n en los c\u00edrculos conservadores, muy especialmente en el movimiento trumpista, donde el joven activista contaba con numerosos seguidores. <\/p>\n<p class=\"\">Desde el asesinato, el presidente estadounidense ha aludido a esta muerte como argumento para incrementar la presi\u00f3n, y las medidas de su Gobierno, contra los grupos que define como \u201cextremistas de la izquierda radical\u201d. <\/p>\n<p class=\"\">Trump ha declarado organizaci\u00f3n terrorista al movimiento antifascista, pese a que los especialistas consideran que los grupos antifas son muy peque\u00f1os, no est\u00e1n organizados, no tienen un liderazgo definido ni recurren de manera sistem\u00e1tica a la violencia, como sostiene el mandatario.<\/p>\n<p class=\"\">A ra\u00edz de esa medida de Trump, la Administraci\u00f3n ha lanzado una campa\u00f1a para investigar las actividades de esas organizaciones, y de grupos que puedan financiarlas, en la que participan desde la Agencia Federal de Investigaciones (FBI) a la Hacienda estadounidense, el Internal Revenue Service (IRS).<\/p>\n<p class=\"\">Entre otras cosas, Trump acusa a grupos antifa de estar detr\u00e1s de las protestas contra su dura pol\u00edtica de deportaciones que tienen lugar frente a un centro del Servicio de Control de la Inmigraci\u00f3n y Aduanas (ICE) en la ciudad de Portland (Oreg\u00f3n). El republicano considera, pese a que las autoridades locales sostienen lo contrario, que esas manifestaciones se encuentran fuera de control y han desbocado la violencia en esa urbe, hasta el punto de hacer necesario el despliegue de soldados de la Guardia Nacional. Una jueza ha bloqueado esa movilizaci\u00f3n, que se encuentra ahora a la espera de que un tribunal de apelaciones decida sobre el caso. <\/p>\n<p class=\"\">Al mismo tiempo, Trump ha restado importancia a la violencia perpetrada por grupos de extrema derecha, asegurando que los incidentes de gravedad suelen ser responsabilidad de la izquierda. En el asesinato de Kirk, los investigadores no han encontrado pruebas de que el \u00fanico sospechoso actuara de modo coordinado con alg\u00fan grupo. <\/p>\n","protected":false},"excerpt":{"rendered":"Donald Trump ha concedido la medalla presidencial de la Libertad, la mayor distinci\u00f3n civil en Estados Unidos, a&hellip;\n","protected":false},"author":2,"featured_media":177497,"comment_status":"","ping_status":"","sticky":false,"template":"","format":"standard","meta":{"footnotes":""},"categories":[42],"tags":[1154,17,18,4329,37536,352,629,13,14,11,25879,61,62,63,64,4245,19,20,50768,9,10,15,16,12,21,22,65,66,67],"class_list":{"0":"post-177496","1":"post","2":"type-post","3":"status-publish","4":"format-standard","5":"has-post-thumbnail","7":"category-internacional","8":"tag-asesinatos","9":"tag-breaking-news","10":"tag-breakingnews","11":"tag-casa-blanca","12":"tag-charlie-kirk","13":"tag-donald-trump","14":"tag-estados-unidos","15":"tag-featured-news","16":"tag-featurednews","17":"tag-headlines","18":"tag-ideologias","19":"tag-internacional","20":"tag-international","21":"tag-international-news","22":"tag-internationalnews","23":"tag-javier-milei","24":"tag-latest-news","25":"tag-latestnews","26":"tag-maga","27":"tag-news","28":"tag-noticias","29":"tag-noticias-destacadas","30":"tag-noticiasdestacadas","31":"tag-titulares","32":"tag-ultimas-noticias","33":"tag-ultimasnoticias","34":"tag-world","35":"tag-world-news","36":"tag-worldnews"},"share_on_mastodon":{"url":"","error":""},"_links":{"self":[{"href":"https:\/\/www.europesays.com\/es\/wp-json\/wp\/v2\/posts\/177496","targetHints":{"allow":["GET"]}}],"collection":[{"href":"https:\/\/www.europesays.com\/es\/wp-json\/wp\/v2\/posts"}],"about":[{"href":"https:\/\/www.europesays.com\/es\/wp-json\/wp\/v2\/types\/post"}],"author":[{"embeddable":true,"href":"https:\/\/www.europesays.com\/es\/wp-json\/wp\/v2\/users\/2"}],"replies":[{"embeddable":true,"href":"https:\/\/www.europesays.com\/es\/wp-json\/wp\/v2\/comments?post=177496"}],"version-history":[{"count":0,"href":"https:\/\/www.europesays.com\/es\/wp-json\/wp\/v2\/posts\/177496\/revisions"}],"wp:featuredmedia":[{"embeddable":true,"href":"https:\/\/www.europesays.com\/es\/wp-json\/wp\/v2\/media\/177497"}],"wp:attachment":[{"href":"https:\/\/www.europesays.com\/es\/wp-json\/wp\/v2\/media?parent=177496"}],"wp:term":[{"taxonomy":"category","embeddable":true,"href":"https:\/\/www.europesays.com\/es\/wp-json\/wp\/v2\/categories?post=177496"},{"taxonomy":"post_tag","embeddable":true,"href":"https:\/\/www.europesays.com\/es\/wp-json\/wp\/v2\/tags?post=177496"}],"curies":[{"name":"wp","href":"https:\/\/api.w.org\/{rel}","templated":true}]}}