{"id":177498,"date":"2025-10-15T02:25:07","date_gmt":"2025-10-15T02:25:07","guid":{"rendered":"https:\/\/www.europesays.com\/es\/177498\/"},"modified":"2025-10-15T02:25:07","modified_gmt":"2025-10-15T02:25:07","slug":"la-junta-decreta-unos-servicios-minimos-del-50-en-la-huelga-de-transportes-urbanos-e-inteurbanos-que-afecta-este-miercoles-a-cordoba","status":"publish","type":"post","link":"https:\/\/www.europesays.com\/es\/177498\/","title":{"rendered":"La Junta decreta unos servicios m\u00ednimos del 50% en la huelga de transportes urbanos e inteurbanos que afecta este mi\u00e9rcoles a C\u00f3rdoba"},"content":{"rendered":"<p>14\/10\/2025<br \/>\n<br \/><strong><br \/>\nActualizado a las 21:42h.<br \/>\n<\/strong><\/p>\n<p class=\"voc-p\" style=\"\">La <strong>Consejer\u00eda de Empleo<\/strong>, <strong>Empresa <\/strong>y <strong>Trabajo Aut\u00f3nomo <\/strong>de la <strong>Junta <\/strong>ha decretado los servicios m\u00ednimos a los que obliga la ley ante un convocatoria de huelga para <strong>toda Andaluc\u00eda<\/strong>, que afectar\u00e1, por lo tanto, a C\u00f3rdoba este <strong>mi\u00e9rcoles<\/strong>, 15 de octubre,  &#8230; que dejar\u00e1 los <strong>transportes urbanos e interurbanos al 50%<\/strong> con respecto a un d\u00eda \u00abde normalidad\u00bb. El paro se organiza en defensa de <a href=\"https:\/\/www.abc.es\/economia\/ugt-defiende-paro-laboral-dos-horas-octubre-20250928150633-vi.html\" data-voc-vtm-id=\"in-text-traffic\" title=\"Palestina\" data-mrf-link=\"www.abc.es\" rel=\"nofollow noopener\" target=\"_blank\">Palestina<\/a>. Aunque UGT y CC.OO. s\u00f3lo apoyan que dichos paros sean parciales, otros colectivos s\u00ed llaman a una huelga general en todo el pa\u00eds. <\/p>\n<p class=\"voc-p\" style=\"\">En la resoluci\u00f3n dictada por el departamento de Roc\u00edo Blanco, publicada en el Bolet\u00edn Oficial de la Junta de Andaluc\u00eda (<strong>BOJA<\/strong>) y consultada por Europa Press, se determina que los s<strong>ervicios m\u00ednimos <\/strong>comenzar\u00e1n <strong>desde las 00.00 a las 24.00 horas<\/strong> del 15 de octubre.<\/p>\n<p class=\"voc-p\" style=\"\">En las empresas que tengan <strong>varios turnos de trabajo<\/strong>, la regulaci\u00f3n ser\u00e1 aplicable desde el primer turno aunque empiece antes de las 00.00 horas del mi\u00e9rcoles hasta la paralizaci\u00f3n del \u00faltimo turno aunque se prolongue despu\u00e9s de las 24,00 horas del 15. En las compa\u00f1\u00edas que <strong>s\u00f3lo <\/strong>tengan <strong>un turno de trabajo <\/strong>que comience antes de las 00.00 horas del 15, la regulaci\u00f3n ser\u00e1 aplicable desde la hora de comienzo de la actividad laboral y hasta el 15 de octubre en la hora en que concluya la misma.<\/p>\n<p class=\"voc-p\" style=\"\">Los <strong>servicios m\u00ednimos afectar\u00e1n <\/strong>al Servicio de Emergencias 112; empresas de abastecimiento y saneamiento de aguas; recogida y tratamiento de residuos s\u00f3lidos; personal laboral de la Junta en tareas de vigilancia y seguridad en centros de trabajo auton\u00f3micos, de atenci\u00f3n a personas con discapacidad y a las personas mayores; centros de menores; centros de atenci\u00f3n a drogodependientes; residencias; personal laboral de las corporaciones locales de Andaluc\u00eda; colegios e institutos; empresas que prestan soporte inform\u00e1tico y de telecomunicaciones y las empresas concesionarias de servicios de transporte interurbano y urbano.<\/p>\n<p class=\"voc-p\" style=\"\">En este \u00faltimo caso, el de los <strong>transportes<\/strong>, tanto para los servicios de <strong>cercan\u00edas como para los de medio y largo recorrido <\/strong>as\u00ed como para el <strong>transporte metropolitano por ferrocarril <\/strong>se garantizar\u00e1n un <strong>50% de los servicios prestados <\/strong>en \u00ab<strong>situaci\u00f3n <\/strong>de <strong>normalidad<\/strong>, salvo en los supuestos de concurrencia con servicios alternativos, en cuyo caso se reducir\u00e1n al 10%\u00bb. En los transportes urbanos de viajeros, \u00abse garantizar\u00e1 el 50% de la totalidad de los servicios en situaci\u00f3n de normalidad durante las horas punta [de 6.00 horas a 9.00 y de 18.00 a 21.00] y el mantenimiento de un autob\u00fas o tranv\u00eda por l\u00ednea el resto de las horas\u00bb.<\/p>\n<p>\nArt\u00edculo solo para suscriptores\n<\/p>\n<p>Reportar un error<\/p>\n","protected":false},"excerpt":{"rendered":"14\/10\/2025 Actualizado a las 21:42h. La Consejer\u00eda de Empleo, Empresa y Trabajo Aut\u00f3nomo de la Junta ha decretado&hellip;\n","protected":false},"author":2,"featured_media":177499,"comment_status":"","ping_status":"","sticky":false,"template":"","format":"standard","meta":{"footnotes":""},"categories":[8],"tags":[5505,17,18,2760,17130,25,24,13,14,11,13181,50769,2024,19,20,295,11653,9,10,15,16,4113,23,12,24674,21,22,45349],"class_list":{"0":"post-177498","1":"post","2":"type-post","3":"status-publish","4":"format-standard","5":"has-post-thumbnail","7":"category-espana","8":"tag-afecta","9":"tag-breaking-news","10":"tag-breakingnews","11":"tag-cordoba","12":"tag-decreta","13":"tag-es","14":"tag-espana","15":"tag-featured-news","16":"tag-featurednews","17":"tag-headlines","18":"tag-huelga","19":"tag-inteurbanos","20":"tag-junta","21":"tag-latest-news","22":"tag-latestnews","23":"tag-miercoles","24":"tag-minimos","25":"tag-news","26":"tag-noticias","27":"tag-noticias-destacadas","28":"tag-noticiasdestacadas","29":"tag-servicios","30":"tag-spain","31":"tag-titulares","32":"tag-transportes","33":"tag-ultimas-noticias","34":"tag-ultimasnoticias","35":"tag-urbanos"},"share_on_mastodon":{"url":"","error":""},"_links":{"self":[{"href":"https:\/\/www.europesays.com\/es\/wp-json\/wp\/v2\/posts\/177498","targetHints":{"allow":["GET"]}}],"collection":[{"href":"https:\/\/www.europesays.com\/es\/wp-json\/wp\/v2\/posts"}],"about":[{"href":"https:\/\/www.europesays.com\/es\/wp-json\/wp\/v2\/types\/post"}],"author":[{"embeddable":true,"href":"https:\/\/www.europesays.com\/es\/wp-json\/wp\/v2\/users\/2"}],"replies":[{"embeddable":true,"href":"https:\/\/www.europesays.com\/es\/wp-json\/wp\/v2\/comments?post=177498"}],"version-history":[{"count":0,"href":"https:\/\/www.europesays.com\/es\/wp-json\/wp\/v2\/posts\/177498\/revisions"}],"wp:featuredmedia":[{"embeddable":true,"href":"https:\/\/www.europesays.com\/es\/wp-json\/wp\/v2\/media\/177499"}],"wp:attachment":[{"href":"https:\/\/www.europesays.com\/es\/wp-json\/wp\/v2\/media?parent=177498"}],"wp:term":[{"taxonomy":"category","embeddable":true,"href":"https:\/\/www.europesays.com\/es\/wp-json\/wp\/v2\/categories?post=177498"},{"taxonomy":"post_tag","embeddable":true,"href":"https:\/\/www.europesays.com\/es\/wp-json\/wp\/v2\/tags?post=177498"}],"curies":[{"name":"wp","href":"https:\/\/api.w.org\/{rel}","templated":true}]}}