{"id":177502,"date":"2025-10-15T02:28:11","date_gmt":"2025-10-15T02:28:11","guid":{"rendered":"https:\/\/www.europesays.com\/es\/177502\/"},"modified":"2025-10-15T02:28:11","modified_gmt":"2025-10-15T02:28:11","slug":"las-alternativas","status":"publish","type":"post","link":"https:\/\/www.europesays.com\/es\/177502\/","title":{"rendered":"Las alternativas"},"content":{"rendered":"<p>Es probable que alg\u00fan d\u00eda vea la luz una obra de mi autor\u00eda que cuente sucesos relacionados con las alternativas de los matadores de toros. No la relaci\u00f3n de toreros que han accedido al escalaf\u00f3n superior. Esto ya se ha difundido en innumerables trabajos. Quiz\u00e1s el m\u00e1s reciente y puesto al d\u00eda es el que, en varios vol\u00famenes, ha publicado Antonio Picamills Ruiz, o la base de datos de matadores informatizada de mi propiedad. Lo que pretendo en ese volumen es contar rarezas, an\u00e9cdotas, errores relacionados con las alternativas o confirmaciones de la misma.<\/p>\n<p>Ya apunt\u00e9 en una colaboraci\u00f3n en esta misma revista, hace unos pocos a\u00f1os, sirva como ejemplo, que hubo una corrida en la plaza M\u00e9xico en la que al matador que confirm\u00f3 la alternativa, segundo del cartel, por cogida del padrino Juan Silveti (hijo), se la revalid\u00f3 el tercero. Hablo de Jaime Bola\u00f1os que se la confirm\u00f3, por la circunstancia apuntada, a Pedro Mart\u00ednez \u2018Pedr\u00e9s\u2019. Tambi\u00e9n, anotar aquellas alternativas de hace muchos a\u00f1os, y de ahora, que no deben ser consideradas v\u00e1lidas reglamentariamente.<\/p>\n<p>En estas l\u00edneas voy a comentar, \u00fanicamente a exponer mi opini\u00f3n, en relaci\u00f3n con una alternativa muy reciente, la de Manuel Caballero en la feria de Albacete de este a\u00f1o. Deber\u00eda haber actuado de padrino Andr\u00e9s Roca Rey en presencia de Paco Ure\u00f1a. Pero la ceremonia se adulter\u00f3 y el padrino, vestido de paisano, fue el padre del torero, el matador de toros de igual nombre. No ha sido la primera vez que un padre ha presenciado la ceremonia de confirmaci\u00f3n de su hijo estando en el ruedo de la plaza. Quiz\u00e1s, reglamentariamente, un espectador no puede pisar la arena, pero cualquiera puede entender la emotividad del momento y debe disculparse.<\/p>\n<p>Lo de Manuel Caballero es muy diferente. El reglamento nacional actual, vigente en Castilla-La Mancha, es su art\u00edculo 4, apartado 2, dice: \u201cLa adquisici\u00f3n de la categor\u00eda se efectuar\u00e1 en una corrida de toros. El matador m\u00e1s antiguo que alterne en la corrida ceder\u00e1 el turno de su primer toro al aspirante, entreg\u00e1ndole la muleta y el estoque en se\u00f1al de reconocimiento de la nueva categor\u00eda, pasando a ocupar el espada m\u00e1s antiguo el segundo lugar. El siguiente matador en antig\u00fcedad, si lo hubiera, ejercer\u00e1 de testigo en la ceremonia de la alternativa y ocupar\u00e1 el tercer lugar. En los toros restantes se recuperar\u00e1 el turno normal de lidia\u201d. Es evidente que el padre del a\u00fan novillero no era el matador m\u00e1s antiguo que alternaba en la corrida, ni actu\u00f3 en segundo lugar.<\/p>\n<p>No entro en otras consideraciones, no son oportunas ni es de mi incumbencia juzgar nada. Que cada lector saque sus consecuencias. Tampoco puedo dar una soluci\u00f3n a este disparate. Desconozco si existe en la actualidad, s\u00ed en M\u00e9xico, un organismo que pueda emitir una opini\u00f3n o un veredicto a posteriori. S\u00e9, por conocimiento de la historia de la tauromaquia, lo que habr\u00eda que hacer para subsanar esta anomal\u00eda reglamentaria. Es muy simple, se hizo en alguna ocasi\u00f3n y puede hacerse. La decisi\u00f3n compete a otros.<\/p>\n<p>Pero s\u00ed me voy a pronunciar en relaci\u00f3n con lo que supone el quebranto total, la adulteraci\u00f3n integral del rito por parte de quien deb\u00eda conocerlo y respetarlo m\u00e1s que el ne\u00f3fito. El d\u00eda que la liturgia de la corrida, que probablemente comience con el ritual de vestirse el torero de luz y color, chaquetilla y taleguilla, se desquebraje, habr\u00e1 comenzado la destrucci\u00f3n de la corrida y con ello el de la Fiesta Nacional. Vestido de \u2018Armani\u2019 nada es lo mismo.<\/p>\n<p><a href=\"http:\/\/www.grada.es\/historico-revista\/#revista-grada-2023\" target=\"_blank\" rel=\"nofollow noopener\"><img decoding=\"async\" src=\"https:\/\/www.europesays.com\/es\/wp-content\/uploads\/2025\/10\/banner_revista_390.jpg\" height=\"100\"\/><\/a><\/p>\n","protected":false},"excerpt":{"rendered":"Es probable que alg\u00fan d\u00eda vea la luz una obra de mi autor\u00eda que cuente sucesos relacionados con&hellip;\n","protected":false},"author":2,"featured_media":177503,"comment_status":"","ping_status":"","sticky":false,"template":"","format":"standard","meta":{"footnotes":""},"categories":[277],"tags":[14388,50770,373,168,50771,25,24,50772,21148,23,167,625,374],"class_list":{"0":"post-177502","1":"post","2":"type-post","3":"status-publish","4":"format-standard","5":"has-post-thumbnail","7":"category-toreo","8":"tag-alternativa","9":"tag-antonio-picamills-ruiz","10":"tag-bullfighting","11":"tag-deportes","12":"tag-enrique-martu00edn","13":"tag-es","14":"tag-espana","15":"tag-josu00e9-maru00eda-sotomayor","16":"tag-manuel-caballero","17":"tag-spain","18":"tag-sports","19":"tag-tauromaquia","20":"tag-toreo"},"share_on_mastodon":{"url":"","error":""},"_links":{"self":[{"href":"https:\/\/www.europesays.com\/es\/wp-json\/wp\/v2\/posts\/177502","targetHints":{"allow":["GET"]}}],"collection":[{"href":"https:\/\/www.europesays.com\/es\/wp-json\/wp\/v2\/posts"}],"about":[{"href":"https:\/\/www.europesays.com\/es\/wp-json\/wp\/v2\/types\/post"}],"author":[{"embeddable":true,"href":"https:\/\/www.europesays.com\/es\/wp-json\/wp\/v2\/users\/2"}],"replies":[{"embeddable":true,"href":"https:\/\/www.europesays.com\/es\/wp-json\/wp\/v2\/comments?post=177502"}],"version-history":[{"count":0,"href":"https:\/\/www.europesays.com\/es\/wp-json\/wp\/v2\/posts\/177502\/revisions"}],"wp:featuredmedia":[{"embeddable":true,"href":"https:\/\/www.europesays.com\/es\/wp-json\/wp\/v2\/media\/177503"}],"wp:attachment":[{"href":"https:\/\/www.europesays.com\/es\/wp-json\/wp\/v2\/media?parent=177502"}],"wp:term":[{"taxonomy":"category","embeddable":true,"href":"https:\/\/www.europesays.com\/es\/wp-json\/wp\/v2\/categories?post=177502"},{"taxonomy":"post_tag","embeddable":true,"href":"https:\/\/www.europesays.com\/es\/wp-json\/wp\/v2\/tags?post=177502"}],"curies":[{"name":"wp","href":"https:\/\/api.w.org\/{rel}","templated":true}]}}