{"id":177504,"date":"2025-10-15T02:29:08","date_gmt":"2025-10-15T02:29:08","guid":{"rendered":"https:\/\/www.europesays.com\/es\/177504\/"},"modified":"2025-10-15T02:29:08","modified_gmt":"2025-10-15T02:29:08","slug":"donde-ver-la-pelea-entre-marlon-chito-vera-y-aiemann-zahabi-por-la-ufc","status":"publish","type":"post","link":"https:\/\/www.europesays.com\/es\/177504\/","title":{"rendered":"\u00bfD\u00f3nde ver la pelea entre Marlon &#8216;Chito&#8217; Vera y Aiemann Zahabi por la UFC?"},"content":{"rendered":"<p wf_formattings=\"a,b\" class=\"c-text\"><b><a href=\"https:\/\/www.primicias.ec\/deportes\/mas-deportes\/chito-vera-aiemann-zahabi-recuperar-puestos-ranking-ufc-peso-gallo-107211\/\" title=\"Marlon &#039;Chito&#039; Vera: &quot;O recupero mi puesto y escalo hacia el Top 5, o las cosas se pueden poner muy feas&quot;\" rel=\"nofollow noopener\" target=\"_blank\">Marlon &#8216;Chito&#8217; Vera, se enfrentar\u00e1 al canadiense Aiemann Zahabi<\/a><\/b> en la UFC Fight Night 262, el s\u00e1bado 18 de octubre de 2025.\u00a0<\/p>\n<p wf_formattings=\"a,b\" class=\"c-text\">La \u00faltima pelea del ecuatoriano en la UFC fue hace m\u00e1s de un a\u00f1o.\u00a0El artista marcial mixto oriundo de Chone <b><a href=\"https:\/\/www.primicias.ec\/deportes\/mas-deportes\/chito-vera-aiemann-zahabi-recuperar-puestos-ranking-ufc-peso-gallo-107211\/\" title=\"Marlon &#039;Chito&#039; Vera: &quot;O recupero mi puesto y escalo hacia el Top 5, o las cosas se pueden poner muy feas&quot;\" rel=\"nofollow noopener\" target=\"_blank\">perdi\u00f3 ante\u00a0Deiveson Figueiredo<\/a><\/b>, en agosto de 2024.<\/p>\n<p wf_formattings=\"a,b\" class=\"c-text\">Ahora, &#8216;Chito&#8217; Vera buscar\u00e1 mejorar su rendimiento y conseguir una victoria sobre la lona para <b>ascender en el ranking del peso gallo <\/b>(135 libras). Por el momento, el ecuatoriano se ubica s\u00e9ptimo en las 135 libras. Mientras que su rival es noveno.<\/p>\n<p wf_formattings=\"a,b\" class=\"c-text\">La cartelera de la UFC Fight Night 262 ser\u00e1 el s\u00e1bado 18 de octubre de 2025. El evento iniciar\u00e1 a las 15:00 (hora de Ecuador) con las peleas preliminares. Mientras que la cartelera estelar ser\u00e1 desde las 18:00 (hora de Ecuador) y se podr\u00e1 ver a trav\u00e9s de <b>ESPN, Disney Plus y UFC Fight Pass.<\/b><\/p>\n<p>Fecha, hora y TV para ver la pelea de &#8216;Chito&#8217; Vera<\/p>\n<ul class=\"c-detail__interest\">\n<li class=\"items\">Marlon\u00a0&#8216;Chito&#8217; Vera vs. Aiemann Zahabi<br \/>\u200bS\u00e1bado 18 de octubre, 18:00 (hora de Ecuador) inicio de la cartelera estelar<br \/>\u200bRogers Arena de Vancouver<br \/>\u200bTransmiten:\u00a0ESPN, Disney Plus y UFC Fight Pass<\/li>\n<\/ul>\n","protected":false},"excerpt":{"rendered":"Marlon &#8216;Chito&#8217; Vera, se enfrentar\u00e1 al canadiense Aiemann Zahabi en la UFC Fight Night 262, el s\u00e1bado 18&hellip;\n","protected":false},"author":2,"featured_media":177505,"comment_status":"","ping_status":"","sticky":false,"template":"","format":"standard","meta":{"footnotes":""},"categories":[276],"tags":[3730,16988,168,3169,25,24,3968,23,167,343,809],"class_list":{"0":"post-177504","1":"post","2":"type-post","3":"status-publish","4":"format-standard","5":"has-post-thumbnail","7":"category-ufc","8":"tag-canada","9":"tag-chito-vera","10":"tag-deportes","11":"tag-donde","12":"tag-es","13":"tag-espana","14":"tag-pelea","15":"tag-spain","16":"tag-sports","17":"tag-ufc","18":"tag-ver"},"share_on_mastodon":{"url":"","error":""},"_links":{"self":[{"href":"https:\/\/www.europesays.com\/es\/wp-json\/wp\/v2\/posts\/177504","targetHints":{"allow":["GET"]}}],"collection":[{"href":"https:\/\/www.europesays.com\/es\/wp-json\/wp\/v2\/posts"}],"about":[{"href":"https:\/\/www.europesays.com\/es\/wp-json\/wp\/v2\/types\/post"}],"author":[{"embeddable":true,"href":"https:\/\/www.europesays.com\/es\/wp-json\/wp\/v2\/users\/2"}],"replies":[{"embeddable":true,"href":"https:\/\/www.europesays.com\/es\/wp-json\/wp\/v2\/comments?post=177504"}],"version-history":[{"count":0,"href":"https:\/\/www.europesays.com\/es\/wp-json\/wp\/v2\/posts\/177504\/revisions"}],"wp:featuredmedia":[{"embeddable":true,"href":"https:\/\/www.europesays.com\/es\/wp-json\/wp\/v2\/media\/177505"}],"wp:attachment":[{"href":"https:\/\/www.europesays.com\/es\/wp-json\/wp\/v2\/media?parent=177504"}],"wp:term":[{"taxonomy":"category","embeddable":true,"href":"https:\/\/www.europesays.com\/es\/wp-json\/wp\/v2\/categories?post=177504"},{"taxonomy":"post_tag","embeddable":true,"href":"https:\/\/www.europesays.com\/es\/wp-json\/wp\/v2\/tags?post=177504"}],"curies":[{"name":"wp","href":"https:\/\/api.w.org\/{rel}","templated":true}]}}