{"id":177506,"date":"2025-10-15T02:33:10","date_gmt":"2025-10-15T02:33:10","guid":{"rendered":"https:\/\/www.europesays.com\/es\/177506\/"},"modified":"2025-10-15T02:33:10","modified_gmt":"2025-10-15T02:33:10","slug":"los-ganadores-del-gp-de-estados-unidos-de-f1-desde-que-se-corre-en-el-circuito-de-las-americas","status":"publish","type":"post","link":"https:\/\/www.europesays.com\/es\/177506\/","title":{"rendered":"Los ganadores del GP de Estados Unidos de F1 desde que se corre en el Circuito de las Am\u00e9ricas"},"content":{"rendered":"<p> El Gran Premio de <strong>Estados Unidos<\/strong> se llevar\u00e1 a cabo este fin de semana en el <strong>Circuito de las Am\u00e9ricas<\/strong>, que es uno de los m\u00e1s nuevos en el campeonato de F\u00f3rmula 1 (<strong>F1<\/strong>).<\/p>\n<p>La primera vez que se corri\u00f3 en este circuito, que cuenta con 20 curvas y una longitud de 5,516 kil\u00f3metros, fue en la temporada 2012 y el triunfo qued\u00f3 en manos del brit\u00e1nico Lewis Hamilton, quien ya corr\u00eda para Mercedes.<\/p>\n<p> Al a\u00f1o siguiente el ganador fue el alem\u00e1n Sebastian Vettel (Red Bull), mientras que las siguientes cuatro ediciones quedaron en manos de Hamilton.<\/p>\n<p>En 2018 y 2019 son\u00f3 el himno finland\u00e9s en el podio, debido a los respectivos triunfos de Kimi Raikkonen (Ferrari) y Valtteri Bottas (Mercedes).<\/p>\n<p>Luego del 2020, a\u00f1o en el que no se corri\u00f3 este GP por la pandemia de Covid-19, comenz\u00f3 un fuerte dominio del neerland\u00e9s Max Verstappen (Red Bull), quien se impuso de manera consecutiva en 2021, 2022 y 2023.<\/p>\n<p>El encargado de cortar con la hegemon\u00eda de Verstappen fue el monegasco Charles Leclerc, de Ferrari, que tuvo una actuaci\u00f3n impecable para quedarse con el triunfo en el 2024.<\/p>\n<p> Los ganadores del GP de Estados Unidos de F1 en el Circuito de las Am\u00e9ricas <\/p>\n<p>2012: Lewis Hamilton (Mercedes)<\/p>\n<p>2013: Sebastian Vettel (Red Bull)<\/p>\n<p>2014: Lewis Hamilton (Mercedes)<\/p>\n<p>2015: Lewis Hamilton (Mercedes)<\/p>\n<p>2016: Lewis Hamilton (Mercedes)<\/p>\n<p>2017: Lewis Hamilton (Mercedes)<\/p>\n<p>2018: Kimi Raikkonen (Ferrari)<\/p>\n<p>2019: Valtteri Bottas (Mercedes)<\/p>\n<p>2020: no se corri\u00f3 por la pandemia de Covid-19<\/p>\n<p>2021: Max Verstappen (Red Bull)<\/p>\n<p>2022: Max Verstappen (Red Bull)<\/p>\n<p>2023: Max Verstappen (Red Bull)<\/p>\n<p>2024: Charles Leclerc (Ferrari)<\/p>\n","protected":false},"excerpt":{"rendered":"El Gran Premio de Estados Unidos se llevar\u00e1 a cabo este fin de semana en el Circuito de&hellip;\n","protected":false},"author":2,"featured_media":177507,"comment_status":"","ping_status":"","sticky":false,"template":"","format":"standard","meta":{"footnotes":""},"categories":[270],"tags":[168,25,24,306,271,272,23,167],"class_list":{"0":"post-177506","1":"post","2":"type-post","3":"status-publish","4":"format-standard","5":"has-post-thumbnail","7":"category-formula-1","8":"tag-deportes","9":"tag-es","10":"tag-espana","11":"tag-f1","12":"tag-formula-1","13":"tag-formula1","14":"tag-spain","15":"tag-sports"},"share_on_mastodon":{"url":"","error":""},"_links":{"self":[{"href":"https:\/\/www.europesays.com\/es\/wp-json\/wp\/v2\/posts\/177506","targetHints":{"allow":["GET"]}}],"collection":[{"href":"https:\/\/www.europesays.com\/es\/wp-json\/wp\/v2\/posts"}],"about":[{"href":"https:\/\/www.europesays.com\/es\/wp-json\/wp\/v2\/types\/post"}],"author":[{"embeddable":true,"href":"https:\/\/www.europesays.com\/es\/wp-json\/wp\/v2\/users\/2"}],"replies":[{"embeddable":true,"href":"https:\/\/www.europesays.com\/es\/wp-json\/wp\/v2\/comments?post=177506"}],"version-history":[{"count":0,"href":"https:\/\/www.europesays.com\/es\/wp-json\/wp\/v2\/posts\/177506\/revisions"}],"wp:featuredmedia":[{"embeddable":true,"href":"https:\/\/www.europesays.com\/es\/wp-json\/wp\/v2\/media\/177507"}],"wp:attachment":[{"href":"https:\/\/www.europesays.com\/es\/wp-json\/wp\/v2\/media?parent=177506"}],"wp:term":[{"taxonomy":"category","embeddable":true,"href":"https:\/\/www.europesays.com\/es\/wp-json\/wp\/v2\/categories?post=177506"},{"taxonomy":"post_tag","embeddable":true,"href":"https:\/\/www.europesays.com\/es\/wp-json\/wp\/v2\/tags?post=177506"}],"curies":[{"name":"wp","href":"https:\/\/api.w.org\/{rel}","templated":true}]}}