{"id":177510,"date":"2025-10-15T02:35:08","date_gmt":"2025-10-15T02:35:08","guid":{"rendered":"https:\/\/www.europesays.com\/es\/177510\/"},"modified":"2025-10-15T02:35:08","modified_gmt":"2025-10-15T02:35:08","slug":"el-eterno-gafe-del-sporting-con-el-9-goleador-y-un-largo-historial-de-decepciones-en-mas-de-20-anos","status":"publish","type":"post","link":"https:\/\/www.europesays.com\/es\/177510\/","title":{"rendered":"El eterno gafe del Sporting con el \u00ab9\u00bb goleador y un largo historial de decepciones en m\u00e1s de 20 a\u00f1os"},"content":{"rendered":"<p>\t\t \t\t\tErick Ram\u00edrez <strong class=\"pd-l\">Real Sporting de Gij\u00f3n  <\/strong><\/p>\n<p>\t\t\t\t\t\tLos delanteros rojiblancos acumulan 0 goles<br \/>\n\t\t\t\t\t\t<strong>14 oct 2025<\/strong> . Actualizado a las 23:21 h.\t\t\t\t\t\t<\/p>\n<p class=\"first-paragraph txt\">Posiblemente nunca m\u00e1s habr\u00e1 un<strong> 9<\/strong> como <strong>Quini<\/strong> en la historia del<strong> Real Sporting de Gij\u00f3n<\/strong>, pero lo cierto es que en las \u00faltimas d\u00e9cadas se trata de un dorsal que est\u00e1 dando de manera general un escaso rendimiento. Desde la salida de otra leyenda como <strong>David Villa<\/strong> en el verano del 2003, el grueso de los futbolistas no han cumplido las expectativas.<\/p>\n<p class=\"txt\">El primer dorsal 9 desde entonces fue <strong>Mate Bilic. <\/strong>Parad\u00f3jicamente,<strong>\u00a0<\/strong>una de las excepciones que confirma la regla. El delantero croata tuvo dos etapas en El Molin\u00f3n &#8211; Enrique Castro &#8216;Quini&#8217; y siempre que disfrut\u00f3 de minutos de juego y de la confianza de su entrenador ofreci\u00f3 goles.\u00a0Entre las citadas etapas ocuparon dicho n\u00famero <strong>Calandria<\/strong> y <strong>Karanka<\/strong>, el primero tuvo un mal primer a\u00f1o con solo 2 goles y una segunda temporada en la que s\u00ed alcanz\u00f3 las 12 dianas. En cuanto al vasco, llegaba avalado por ser importante en un ascenso reciente del Murcia, pero se convirti\u00f3 en un bluf y nunca lleg\u00f3 a tener la confianza de sus entrenadores.<\/p>\n<p class=\"txt\">Despu\u00e9s fue el turno de <strong>Miguel \u00c1ngel Guerrero<\/strong> a partir del 2013. El primer a\u00f1o apenas jug\u00f3, en el segundo s\u00ed disput\u00f3 32 jornadas como titular y se fue hasta los 11 goles en el a\u00f1o del ascenso de los guajes, para posteriormente volver a tener un papel secundario y ser descartado por Aberlardo Fern\u00e1ndez al entender que hac\u00eda falta un cambio en la zona para dar un salto de calidad en la liga de las estrellas.<\/p>\n<p class=\"txt\">Llegaba la oportunidad para <strong>Carlos Castro<\/strong>, que heredaba el 9 y seguramente se trate del jugador con m\u00e1s olfato goleador de la cantera desde los tiempos Guaje Villa. El punta asturiano nunca lleg\u00f3 a dar un paso adelante y ocup\u00f3 ef\u00edmeramente su plaza<strong> Nick Blackman<\/strong>, un futbolista de buena planta y zancada, con buen golpeo de bal\u00f3n, pero con fama de &#8216;borrarse&#8217; de los entrenamientos al menor problema f\u00edsico.<\/p>\n<p class=\"txt\">En 2019 llegaba otro 9 m\u00e1s destacado por su calidad t\u00e9cnica que por sus goles, un <strong>\u00c1lvaro V\u00e1zquez<\/strong> que a los pocos meses ya se encontraba en las quinielas de los descartes y solo tuvo un ef\u00edmero protagonismo con Miroslav Djukic.\u00a0En 2022 fue <strong>Jony<\/strong>, pese a no ser un delantero centro al uso, el que ocup\u00f3 el dorsal 9. De nuevo con un decepcionante rendimiento, en su caso debido a una serie de lesiones y molestias f\u00edsicas que llegaron para quedarse en su carrera deportiva.<\/p>\n<p class=\"txt\">En 2023 tom\u00f3 la alternativa otro extremo como <strong>Dani Queipo<\/strong>, que tampoco acab\u00f3 de dar paso al frente que se esperaba con el n\u00famero 9 a su espalda, y este verano lleg\u00f3 el turno para el cuestionado <strong>Jordy Caicedo<\/strong>. El ecuatoriano se encuentra por ahora fuera de los planes principales de<a class=\"link-txt\" href=\"https:\/\/www.lavozdeasturias.es\/noticia\/sporting1905\/2025\/10\/14\/jimenez-critica-polemica-no-gol-racing-confia-mejorar-caicedo-futbolistas-estaran-encima-visto-sporting\/00031760430418618984873.htm\" target=\"_blank\" rel=\"nofollow noopener\"> Borja Jim\u00e9nez<\/a>, como ya sucedi\u00f3 con Asier Garitano y Rub\u00e9n Alb\u00e9s.<\/p>\n<p class=\"txt\">M\u00e1s all\u00e1 del n\u00famero a la espalda, a 14 de octubre, los tres delanteros sportinguistas acumulan <strong>0 goles<\/strong> en su casillero particular, ya que Juan Otero y Amadou todav\u00eda no han podido celebrar ninguna diana. Si bien es cierto que el atacante cafetero va camino de batir un r\u00e9cord de asistencias en la categor\u00eda de plata.<\/p>\n<p class=\"txt\">&#13;<br \/>\n\t\t&#13;<br \/>\n\t\t\t&#13;<br \/>\n\t\t&#13;<br \/>\n\t\t&#13;<br \/>\n\t\t&#13;<br \/>\n\t\t\t\t\t\t\t\t\t\t\t\t&#13;<br \/>\n\t\t\t\t\t\t\t\t&#13;<br \/>\n&#13;<br \/>\n&#13;<\/p>\n<p>\t\t\t&#13;<br \/>\n\t&#13;<\/p>\n<p>\t\t\t<a href=\"https:\/\/www.lavozdeasturias.es\/noticia\/sporting1905\/2025\/10\/14\/caudal-descarta-jugar-copa-sporting-molinon-ganariamos-dinero-sera-mieres-pueblo-toco-gordo\/00031760445935714383404.htm\" data-analytics=\"link-embed\" rel=\"nofollow noopener\" target=\"_blank\">El Caudal descarta jugar en El Molin\u00f3n la Copa con el Sporting: \u00abGanar\u00edamos m\u00e1s dinero pero ser\u00e1 en Mieres por el pueblo,\u00a0nos toc\u00f3 el gordo\u00bb<\/a><\/p>\n<p class=\"a-min-author\">\n<p>\t\t\t\t\t\t\t\t\t\t\tAlejandro Vigil Mor\u00e1n<\/p>\n<p>\t&#13;<br \/>\n\t&#13;<br \/>\n&#13;<br \/>\n\t\t\t\t&#13;<br \/>\n\t\t\t\t&#13;<br \/>\n\t&#13;<br \/>\n\t\t\t&#13;<br \/>\n\t\t\t&#13;<br \/>\n\t\t&#13;\n<\/p>\n<p class=\"txt\"><strong>Mario Gonz\u00e1lez, Jeraldino, V\u00edctor Campuzano, Cristo, Milovanovic, Erick Ram\u00edrez, Cop, Borja Viguera, Lacina Traor\u00e9, Neftali y Stefan Scepovic <\/strong>(en una segunda floja etapa, frente a una inicial muy buena)\u00a0son algunos de los nombres que se han firmado sin \u00e9xito en la \u00faltima d\u00e9cada en una zona en la que solo han cuajado<strong> Uros Djurdjevic, Tony Sanabria y Michael Santos<\/strong>, que ciertamente fue reconvertido porque en primera instancia no llegaba como delantero centro.<\/p>\n<p>&#13;<br \/>\n\tArchivado en:&#13;<br \/>\n\t\t\t\t\t<a href=\"https:\/\/www.lavozdeasturias.es\/temas\/sporting-de-gijon\/\" target=\"_blank\" class=\"mg-l\" rel=\"nofollow noopener\">Sporting de Gij\u00f3n<\/a>&#13;<br \/>\n\t&#13;<\/p>\n","protected":false},"excerpt":{"rendered":"Erick Ram\u00edrez Real Sporting de Gij\u00f3n Los delanteros rojiblancos acumulan 0 goles 14 oct 2025 . Actualizado a&hellip;\n","protected":false},"author":2,"featured_media":177511,"comment_status":"","ping_status":"","sticky":false,"template":"","format":"standard","meta":{"footnotes":""},"categories":[268],"tags":[168,25,24,280,282,281,23,4783,167],"class_list":{"0":"post-177510","1":"post","2":"type-post","3":"status-publish","4":"format-standard","5":"has-post-thumbnail","7":"category-futbol","8":"tag-deportes","9":"tag-es","10":"tag-espana","11":"tag-football","12":"tag-futbol","13":"tag-soccer","14":"tag-spain","15":"tag-sporting-de-gijon","16":"tag-sports"},"share_on_mastodon":{"url":"","error":""},"_links":{"self":[{"href":"https:\/\/www.europesays.com\/es\/wp-json\/wp\/v2\/posts\/177510","targetHints":{"allow":["GET"]}}],"collection":[{"href":"https:\/\/www.europesays.com\/es\/wp-json\/wp\/v2\/posts"}],"about":[{"href":"https:\/\/www.europesays.com\/es\/wp-json\/wp\/v2\/types\/post"}],"author":[{"embeddable":true,"href":"https:\/\/www.europesays.com\/es\/wp-json\/wp\/v2\/users\/2"}],"replies":[{"embeddable":true,"href":"https:\/\/www.europesays.com\/es\/wp-json\/wp\/v2\/comments?post=177510"}],"version-history":[{"count":0,"href":"https:\/\/www.europesays.com\/es\/wp-json\/wp\/v2\/posts\/177510\/revisions"}],"wp:featuredmedia":[{"embeddable":true,"href":"https:\/\/www.europesays.com\/es\/wp-json\/wp\/v2\/media\/177511"}],"wp:attachment":[{"href":"https:\/\/www.europesays.com\/es\/wp-json\/wp\/v2\/media?parent=177510"}],"wp:term":[{"taxonomy":"category","embeddable":true,"href":"https:\/\/www.europesays.com\/es\/wp-json\/wp\/v2\/categories?post=177510"},{"taxonomy":"post_tag","embeddable":true,"href":"https:\/\/www.europesays.com\/es\/wp-json\/wp\/v2\/tags?post=177510"}],"curies":[{"name":"wp","href":"https:\/\/api.w.org\/{rel}","templated":true}]}}