{"id":177518,"date":"2025-10-15T02:42:07","date_gmt":"2025-10-15T02:42:07","guid":{"rendered":"https:\/\/www.europesays.com\/es\/177518\/"},"modified":"2025-10-15T02:42:07","modified_gmt":"2025-10-15T02:42:07","slug":"miguel-merino-sobre-la-calidad-de-su-hijo-mikel-es-un-jugador-muy-valido-para-lo-que-le-pide-la-seleccion-futbol","status":"publish","type":"post","link":"https:\/\/www.europesays.com\/es\/177518\/","title":{"rendered":"Miguel Merino, sobre la calidad de su hijo: \u00abMikel es un jugador muy v\u00e1lido para lo que le pide la selecci\u00f3n\u00bb | F\u00fatbol"},"content":{"rendered":"<p>Espa\u00f1a<a href=\"https:\/\/cadenaser.com\/nacional\/2025\/10\/14\/espana-bulgaria-en-directo-el-partido-de-la-fase-de-clasificacion-para-el-mundial-2026-en-vivo-cadena-ser\/\" target=\"_blank\" rel=\"nofollow noopener\" title=\"https:\/\/cadenaser.com\/nacional\/2025\/10\/14\/espana-bulgaria-en-directo-el-partido-de-la-fase-de-clasificacion-para-el-mundial-2026-en-vivo-cadena-ser\/\"> ha ganado a Bulgaria 4-0 y con dos goles de Mikel Merino de cabeza<\/a>. Aunque Mikel Merino juegue con Espa\u00f1a de mediocentro, es un jugador con mucha llegada y que en ocasiones puede jugar de delantero centro. En los \u00faltimos cuatro partidos con Espa\u00f1a ha metido seis goles, de hecho meti\u00f3 un hat-trick a Turqu\u00eda en la victoria por 0-6. \u00abT\u00e9cnicamente, es un jugador bueno, tiene capacidad para rematar\u00bb, comenta Miguel Merino sobre el nivel de su hijo Mikel. <\/p>\n<p>La temporada pasada fue la mejor en cuanto a goles, meti\u00f3 siete en la Premier League y dos en Champions League. Fue esa temporada cuando desarroll\u00f3 su faceta goleadora y como delantero centro, debido a las bajas de Gabriel Jes\u00fas y Kai Havertz tuvo que jugar en esa posici\u00f3n varios partidos. \u00abS\u00ed que es verdad que en el Arsenal tuvo la oportunidad de jugar de delantero para sustituir a Havertz\u00bb, explica el padre de Mikel Merino sobre como lleg\u00f3 a esa posici\u00f3n. \u00abArteta le dio la oportunidad de estar cerca de \u00e1rea y se est\u00e1 aprovechando de eso, aparte del balance defensivo\u00bb, a\u00f1ade sobre lo que le aport\u00f3 esa nueva posici\u00f3n. <\/p>\n<p>M\u00e1s informaci\u00f3n<\/p>\n<p>\u00ab\u00c9l es un jugador muy inteligente\u00bb, menciona Miguel Merino sobre c\u00f3mo es su hijo como futbolista. \u00abHubo un partido que fue muy importante, y empez\u00f3 un poco m\u00e1s retrasado en su posici\u00f3n e intercambi\u00f3 a Pedri y Mikel en la posici\u00f3n y le est\u00e1 dando mucho m\u00e1s r\u00e9dito\u00bb, explica el exfutbolista y padre de Mikel Merino sobre c\u00f3mo ha mejorado su hijo con el nuevo cambio de posici\u00f3n. Con la nueva versi\u00f3n de Mikel ha ganado m\u00e1s protagonismo en ataque y ha perdido un poco de presencia f\u00edsica. \u00abNo es una cuesti\u00f3n de comparar, cuando estaba Fabi\u00e1n, Pedri y Rodri el equipo jugaba muy bien\u00bb, comenta Miguel sobre que se hable de que con Merino se juega mejor que con otros jugadores. \u00abSon jugadores diferentes y trabajan la presi\u00f3n muy bien\u00bb, a\u00f1ade Miguel sobre su hijo y los dem\u00e1s mediocentros de la selecci\u00f3n. <\/p>\n<p>\u00abCon Pedri y Fabi\u00e1n est\u00e1 m\u00e1s cerca del \u00e1rea\u00bb, recalca Miguel Merino sobre c\u00f3mo se compenetra con los dem\u00e1s mediocentros para llegar al \u00e1rea y no desnivelar el balance del medio campo espa\u00f1ol. \u00abMikel es un jugador muy v\u00e1lido para lo que le pide la selecci\u00f3n\u00bb, a\u00f1ade el padre del mediocentro de la selecci\u00f3n. \u00abEn el Arsenal est\u00e1 mejorando el &#8216;timing&#8217; de cuando entrar\u00bb, detalla Miguel sobre como su hijo est\u00e1 perfeccionado otras facetas para ser a\u00fan mejor jugador. Mikel Merino afronta su 12\u00aa temporada como profesional y la m\u00e1s importante porque en apenas ocho meses podr\u00eda jugar su primer Mundial con Espa\u00f1a. Actualmente, se encuentra en el Arsenal, que es l\u00edder de la Premier League y uno de los favoritos a ganar la Champions League, por lo que podr\u00eda lograr un triplete hist\u00f3rico con Liga, Champions y el Mundial 2026 con Espa\u00f1a.<\/p>\n","protected":false},"excerpt":{"rendered":"Espa\u00f1a ha ganado a Bulgaria 4-0 y con dos goles de Mikel Merino de cabeza. Aunque Mikel Merino&hellip;\n","protected":false},"author":2,"featured_media":177519,"comment_status":"","ping_status":"","sticky":false,"template":"","format":"standard","meta":{"footnotes":""},"categories":[93],"tags":[21399,16705,50773,168,25,24,1205,50774,50775,280,1207,282,50776,50777,50778,18808,1211,1212,50779,1215,50780,20116,50781,23,50782,50783,50784,167,16710,1221,21405,1607,50785],"class_list":{"0":"post-177518","1":"post","2":"type-post","3":"status-publish","4":"format-standard","5":"has-post-thumbnail","7":"category-deportes","8":"tag-action-shot","9":"tag-athletic-performance","10":"tag-bulgarian-team","11":"tag-deportes","12":"tag-es","13":"tag-espana","14":"tag-european-football","15":"tag-f22photo","16":"tag-fifa-world-cup-qualifier","17":"tag-football","18":"tag-football-match","19":"tag-futbol","20":"tag-goal","21":"tag-goal-celebration","22":"tag-guille-martinez","23":"tag-guillermo-martinez","24":"tag-league","25":"tag-match","26":"tag-match-event","27":"tag-nurphoto","28":"tag-october-14","29":"tag-player","30":"tag-qualifier-match","31":"tag-spain","32":"tag-spain-vs-bulgaria","33":"tag-spanish-football-team","34":"tag-spanish-team","35":"tag-sports","36":"tag-sports-journalism","37":"tag-sports-photography","38":"tag-team-sports","39":"tag-valladolid","40":"tag-world-cup-qualifier"},"share_on_mastodon":{"url":"","error":""},"_links":{"self":[{"href":"https:\/\/www.europesays.com\/es\/wp-json\/wp\/v2\/posts\/177518","targetHints":{"allow":["GET"]}}],"collection":[{"href":"https:\/\/www.europesays.com\/es\/wp-json\/wp\/v2\/posts"}],"about":[{"href":"https:\/\/www.europesays.com\/es\/wp-json\/wp\/v2\/types\/post"}],"author":[{"embeddable":true,"href":"https:\/\/www.europesays.com\/es\/wp-json\/wp\/v2\/users\/2"}],"replies":[{"embeddable":true,"href":"https:\/\/www.europesays.com\/es\/wp-json\/wp\/v2\/comments?post=177518"}],"version-history":[{"count":0,"href":"https:\/\/www.europesays.com\/es\/wp-json\/wp\/v2\/posts\/177518\/revisions"}],"wp:featuredmedia":[{"embeddable":true,"href":"https:\/\/www.europesays.com\/es\/wp-json\/wp\/v2\/media\/177519"}],"wp:attachment":[{"href":"https:\/\/www.europesays.com\/es\/wp-json\/wp\/v2\/media?parent=177518"}],"wp:term":[{"taxonomy":"category","embeddable":true,"href":"https:\/\/www.europesays.com\/es\/wp-json\/wp\/v2\/categories?post=177518"},{"taxonomy":"post_tag","embeddable":true,"href":"https:\/\/www.europesays.com\/es\/wp-json\/wp\/v2\/tags?post=177518"}],"curies":[{"name":"wp","href":"https:\/\/api.w.org\/{rel}","templated":true}]}}