{"id":177524,"date":"2025-10-15T02:47:15","date_gmt":"2025-10-15T02:47:15","guid":{"rendered":"https:\/\/www.europesays.com\/es\/177524\/"},"modified":"2025-10-15T02:47:15","modified_gmt":"2025-10-15T02:47:15","slug":"el-papa-en-el-quirinal-la-paz-es-construir-una-convivencia-digna-y-prospera","status":"publish","type":"post","link":"https:\/\/www.europesays.com\/es\/177524\/","title":{"rendered":"El Papa en el Quirinal: la paz es construir una convivencia digna y pr\u00f3spera"},"content":{"rendered":"<p>En el centro del discurso de Le\u00f3n XIV durante su visita al Presidente de la Rep\u00fablica Italiana Mattarella, la paz y el multilateralismo, el apoyo a las familias, en una Europa en la que la natalidad est\u00e1 en \u00abnotable descenso\u00bb, el cuidado de la creaci\u00f3n, la acogida a los emigrantes y el agradecimiento por la ayuda en la organizaci\u00f3n del Jubileo<\/p>\n<p><b>Alessandro Di Bussolo &#8211; Ciudad del Vaticano<\/b><\/p>\n<p>Le\u00f3n XIV en el Quirinal invita a mirar los rostros de los muchos que \u00abse ven arrastrados por la ferocidad irracional de quienes planean sin piedad la muerte y la destrucci\u00f3n\u00bb en las numerosas guerras \u00abque devastan nuestro planeta\u00bb y a escuchar su grito. Y renueva \u00abel sentido llamamiento\u00bb de san Pablo VI en su <a href=\"https:\/\/www.vatican.va\/content\/paul-vi\/it\/messages\/peace\/documents\/hf_p-vi_mes_19671208_i-world-day-for-peace.html\" rel=\"external nofollow noopener\" target=\"_blank\">Mensaje para la primera Jornada de la Paz<\/a>, en 1968:<\/p>\n<p>Renuevo mi ferviente llamamiento para que se siga trabajando por restablecer la paz en todas las partes del mundo y para que se cultiven y promuevan cada vez m\u00e1s los principios de justicia, equidad y cooperaci\u00f3n entre los pueblos, que son su base indispensable.<\/p>\n<p>El Papa recuerda los llamamientos de sus predecesores, desde Benedicto XV hasta P\u00edo XII, y las palabras de San Juan XXIII en la Enc\u00edclica Pacem in terris: \u00abtodo ser humano es una persona, es decir, una naturaleza dotada de inteligencia y libre voluntad; y, por lo tanto, es sujeto de derechos y deberes que brotan inmediata y simult\u00e1neamente de su propia naturaleza: derechos y deberes que son, por lo tanto, universales, inviolables, inalienables\u00bb.<\/p>\n<p>Agradecimiento al compromiso de Italia con los ni\u00f1os de Gaza <\/p>\n<p>En el Sal\u00f3n de los Espejos, tras escuchar el discurso del Presidente de la Rep\u00fablica Italiana, Sergio Mattarella, el Papa agradece \u00abel compromiso del Gobierno italiano en favor de tantas situaciones de dificultad relacionadas con la guerra y la miseria, en particular con respecto a los ni\u00f1os de Gaza, tambi\u00e9n en colaboraci\u00f3n con el Hospital Bambino Ges\u00f9\u00bb. Se trata, explica, de \u00abcontribuciones importantes y eficaces para la construcci\u00f3n de una convivencia digna, pac\u00edfica y pr\u00f3spera para todos los miembros de la familia humana\u00bb.<\/p>\n<p><b\/>El valor del multilateralismo en la resoluci\u00f3n de conflictos <\/p>\n<p>Para construir la paz, prosigue el Pont\u00edfice, el multilateralismo, por el que el Estado italiano y la Santa Sede siempre han profesado un \u00abcompromiso com\u00fan\u00bb, es \u00abun valor muy importante\u00bb, porque los complejos desaf\u00edos de nuestro tiempo hacen \u00abm\u00e1s necesario que nunca buscar y adoptar soluciones compartidas\u00bb. Y cita lo que el Papa Francisco escribi\u00f3 en la Enc\u00edclica Fratelli tutti y en su \u00faltimo <a href=\"https:\/\/www.vatican.va\/content\/francesco\/it\/speeches\/2025\/january\/documents\/20250109-corpo-diplomatico.html\" rel=\"external nofollow noopener\" target=\"_blank\">discurso al Cuerpo Diplom\u00e1tico<\/a>.<\/p>\n<p>Por lo tanto, es indispensable implementar din\u00e1micas y procesos, recordando sus objetivos originales, destinados principalmente a resolver conflictos y favorecer el desarrollo promoviendo lenguajes transparentes y evitando ambigu\u0308edades que puedan provocar divisiones.<\/p>\n<p>    <img decoding=\"async\" src=\"data:image\/gif;base64,R0lGODlhAQABAIAAAAAAAP\/\/\/yH5BAEAAAAALAAAAAABAAEAAAIBRAA7\" data-original=\"https:\/\/www.vaticannews.va\/content\/dam\/vaticannews\/agenzie\/images\/srv\/2025\/10\/14\/2025-10-14-visita-ufficiale-al-presidente-della-epubblica-italia\/1760436705216.JPG\/_jcr_content\/renditions\/cq5dam.thumbnail.cropped.750.422.jpeg\" alt=\"El Papa Le\u00f3n XIV durante su visita al presidente italiano Sergio Mattarella\" title=\"El Papa Le\u00f3n XIV durante su visita al presidente italiano Sergio Mattarella\"\/><\/p>\n<p>\n   El Papa Le\u00f3n XIV durante su visita al presidente italiano Sergio Mattarella \u00a0 (@Vatican Media)\n  <\/p>\n<p><b\/>Garantizar el apoyo a todas las familias <\/p>\n<p>Junto a la paz, la familia est\u00e1 en el centro de las preocupaciones del Pont\u00edfice, que subraya el \u00absignificativo descenso de la natalidad\u00bb en Europa, que exige comprometerse \u00a0en \u00abpromover decisiones a distintos niveles en favor de la familia, apoyando sus esfuerzos, promoviendo sus valores y protegiendo sus necesidades y derechos\u201d. En la tradici\u00f3n italiana, recuerda, el bien de la \u00abcomunidad dom\u00e9stica\u00bb suscita sentimientos de \u00abamor, respeto y dedicaci\u00f3n\u00bb.<\/p>\n<p>En particular, quisiera subrayar la importancia de garantizar a todas las familias el apoyo indispensable de un trabajo digno, en condiciones justas y atendiendo a las necesidades relacionadas con la maternidad y la paternidad.<\/p>\n<p>Hagamos todo lo posible, es la invitaci\u00f3n del Papa Le\u00f3n XIV, \u00abpara dar confianza a las familias, especialmente a las j\u00f3venes, para que puedan mirar con serenidad hacia el futuro y crecer en armon\u00eda\u00bb.<\/p>\n<p>     <a href=\"https:\/\/www.vaticannews.va\/es\/papa\/news\/2025-10\/visita-papa-quirinal-mattarella-convivencia-dialogo-guerra.html\" title=\"Mattarella: convivencia y di\u00e1logo, ant\u00eddotos contra la guerra\" rel=\"nofollow noopener\" target=\"_blank\"><\/p>\n<p>        <img decoding=\"async\" src=\"data:image\/gif;base64,R0lGODlhAQABAIAAAAAAAP\/\/\/yH5BAEAAAAALAAAAAABAAEAAAIBRAA7\" data-original=\"https:\/\/www.vaticannews.va\/content\/dam\/vaticannews\/agenzie\/images\/srv\/2025\/10\/14\/2025-10-14-visita-ufficiale-al-presidente-della-epubblica-italia\/1760432787494.JPG\/_jcr_content\/renditions\/cq5dam.thumbnail.cropped.500.281.jpeg\" alt=\"Mattarella: convivencia y di\u00e1logo, ant\u00eddotos contra la guerra\"\/><\/p>\n<p>      <\/a><\/p>\n<p>\n      Una mirada a la actualidad internacional, el s\u00f3lido v\u00ednculo entre la Santa Sede e Italia, la necesidad de redescubrir los valores que fundaron Europa, el papel de la Iglesia en &#8230;\n     <\/p>\n<p>Protecci<b\/>\u00f3n de la vida y solidaridad con los emigrantes <\/p>\n<p>En el mismo marco, Le\u00f3n XIV habla de la protecci\u00f3n de la vida, \u00aben todas sus etapas, desde la concepci\u00f3n hasta la vejez, hasta el momento de la muerte\u00bb. Una sensibilidad que espera que siga creciendo, \u00abtambi\u00e9n en lo que se refiere a la accesibilidad a la atenci\u00f3n m\u00e9dica y a los medicamentos, seg\u00fan las necesidades de cada uno\u00bb. Y se muestra agradecido por la asistencia que Italia ofrece \u00abcon gran generosidad a los migrantes, que cada vez llaman m\u00e1s a sus puertas, as\u00ed como por su compromiso en la lucha contra la trata de seres humanos\u00bb. Desaf\u00edos ante los que el pa\u00eds nunca se ha acobardado, y por ello el Papa anima a \u00abmantener siempre viva la actitud de apertura y solidaridad \u00ab.<\/p>\n<p>Al mismo tiempo, quisiera recordar la importancia de una integraci\u00f3n constructiva de quienes llegan a los valores y tradiciones de la sociedad italiana, para que el don rec\u00edproco que se realiza en este encuentro de pueblos sea verdaderamente para el enriquecimiento y el bien de todos.<\/p>\n<p>Por eso, el Pont\u00edfice subraya \u00ablo valioso que espara cada uno amar y comunicar su propia historia y cultura, con sus signos y expresiones: cuanto m\u00e1s sereconoce y se ama serenamente lo que se es, m\u00e1s f\u00e1cil es encontrar e integrar al otro sin miedo y con el coraz\u00f3n abierto\u00bb.<\/p>\n<p>San Fr<b\/>ancisco y el cuidado de la \u00abcasa com\u00fan <\/p>\n<p>Recordando que se acerca el octavo centenario de la muerte de San Francisco de As\u00eds, Patrono de Italia, el 3 de octubre de 1226, el Papa Le\u00f3n XIV subraya la \u00aburgente cuesti\u00f3n\u00bb del cuidado de la \u00abcasa com\u00fan\u00bb. El Pobrecillo, a quien el Papa Francisco puso como modelo en su <a href=\"https:\/\/www.vatican.va\/content\/francesco\/it\/encyclicals\/documents\/papa-francesco_20150524_enciclica-laudato-si.html\" rel=\"external nofollow noopener\" target=\"_blank\">Enc\u00edclica Laudato si&#8217;,<\/a> lanz\u00f3 su mensaje desde el \u00abcoraz\u00f3n geogr\u00e1fico\u00bb de Italia, y nos ense\u00f1\u00f3 \u00aba alabar al Creador respetando a todas las criaturas\u00bb.<\/p>\n<p>Por eso, creo que Italia ha recibido de manera especial la misi\u00f3n de transmitir a los pueblos la cultura que reconoce a la tierra \u00abcomo una hermana, con la cual compartimos la existencia, y como una madre bella que nos acoge entre sus brazos\u00bb.<\/p>\n<p><b>El fuerte v\u00ednculo entre la Santa Sede e Italia<\/b> <\/p>\n<p>El Papa inicia su discurso subrayando el \u00abfuerte v\u00ednculo\u00bb que une a la Sede de Pedro con el pueblo italiano, las \u00abcordiales relaciones bilaterales\u00bb entre Italia y la Santa Sede, marcadas siempre por una \u00absincera amistad y efectiva colaboraci\u00f3n mutua\u00bb. Una feliz uni\u00f3n \u00abque tiene sus ra\u00edces en la historia de esta Pen\u00ednsula y en la larga tradici\u00f3n religiosa y cultural de este pa\u00eds salpicado de iglesias y campanarios, \u00abtesoros de arte y devoci\u00f3n\u00bb y testimonio de la \u00abcreatividad innata\u00bb de los italianos y de su \u00abfe genuina y s\u00f3lida\u00bb.<\/p>\n<p><b>Agradecimiento por el compromiso tras la muerte de Francisco y el Jubileo<\/b> <\/p>\n<p>Inmediatamente despu\u00e9s, Le\u00f3n XIV expresa el agradecimiento de la Santa Sede por el compromiso de las autoridades italianas \u00abcon motivo de diversos y exigentes acontecimientos eclesiales con centro de gravedad en Roma y resonancia universal\u00bb. Y cita los acontecimientos que siguieron a la muerte del Papa Francisco, que en su visita al Quirinal y a Mattarella, el 10 de junio de 2017, hab\u00eda dicho &#8216;Mis ra\u00edces est\u00e1n en este pa\u00eds&#8217;. Su amor por la tierra y el pueblo italianos, a\u00f1adi\u00f3 el Pont\u00edfice, \u00abencontr\u00f3 en aquellos d\u00edas una respuesta conmovedora y c\u00e1lida\u00bb.<\/p>\n<p>Quiero expresar mi m\u00e1s sincero agradecimiento a usted, se\u00f1or Presidente, y a todo el pa\u00eds por la c\u00e1lida acogida y la eficiente organizaci\u00f3n que Italia ha brindado durante meses, a lo largo del A\u00f1o Jubilar.<\/p>\n<p><b>La Iglesia y el Estado italiano juntos por el bien com\u00fan<\/b> <\/p>\n<p>Un Jubileo que Francisco ha querido dedicar a la esperanza, y el Papa Le\u00f3n XIV cree que \u00abla hermosa sinergia y colaboraci\u00f3n que estamos viviendo estos d\u00edas constituye ya de por s\u00ed un signo de esperanza para todos aquellos que con fe vienen a atravesar la Puerta Santa y a rezar sobre las tumbas de Pedro y los Ap\u00f3stoles\u201d.<\/p>\n<p>El Papa record\u00f3 que en 2029 se celebrar\u00e1 el centenario de los <a href=\"https:\/\/www.vatican.va\/roman_curia\/secretariat_state\/archivio\/documents\/rc_seg-st_19290211_patti-lateranensi_it.html\" rel=\"external nofollow noopener\" target=\"_blank\">Pactos de Letr\u00e1n<\/a>, y reiter\u00f3 la importancia de la \u00abdistinci\u00f3n rec\u00edproca de \u00e1mbitos\u00bb, a partir de la cual, la Iglesia cat\u00f3lica y el Estado italiano colaboran \u00abpor el bien com\u00fan, al servicio de la persona humana, cuya dignidad inviolable debe ocupar siempre el primer lugar en los procesos de toma de decisiones y en la acci\u00f3n, a todos los niveles, para el desarrollo social, especialmente para la protecci\u00f3n de los m\u00e1s fr\u00e1giles y necesitados\u00bb.<\/p>\n<p>    <img decoding=\"async\" src=\"data:image\/gif;base64,R0lGODlhAQABAIAAAAAAAP\/\/\/yH5BAEAAAAALAAAAAABAAEAAAIBRAA7\" data-original=\"https:\/\/www.vaticannews.va\/content\/dam\/vaticannews\/agenzie\/images\/srv\/2025\/10\/14\/2025-10-14-visita-ufficiale-al-presidente-della-epubblica-italia\/1760435486134.JPG\/_jcr_content\/renditions\/cq5dam.thumbnail.cropped.750.422.jpeg\" alt=\"El Papa junto al presidente italiano Mattarella en el Quirinal\" title=\"El Papa junto al presidente italiano Mattarella en el Quirinal\"\/><\/p>\n<p>\n   El Papa junto al presidente italiano Mattarella en el Quirinal \u00a0 (@Vatican Media)\n  <\/p>\n<p><b>No nos dejemos fascinar por modelos masificadores<\/b> <\/p>\n<p>Las \u00faltimas palabras, Le\u00f3n XIV las dedica a se\u00f1alar, con preocupaci\u00f3n, la tendencia actual a no apreciar suficientemente, lo que nos transmitieron nuestros padres, \u00ablos modelos y los valores madurados a lo largo de los siglos que marcan nuestra identidad cultural, llegando incluso a veces borrar su relevancia hist\u00f3rica y humana\u00bb. Y cita las palabras del cardenal Ratzinger en la <a href=\"https:\/\/www.vatican.va\/gpII\/documents\/homily-pro-eligendo-pontifice_20050418_it.html\" rel=\"external nofollow noopener\" target=\"_blank\">misa \u00abpro eligendo Romano Pontifice\u00bb de abril de 2005<\/a>:<\/p>\n<p>No nos dejemos fascinar por modelos masificadores y fluidos, que solo promueven una apariencia de libertad, para luego hacer a las personas dependientes de formas de control como las modas del momento, las estrategias comerciales u otras.<\/p>\n<p>Mirar al fut<b\/>uro, atesorar tradiciones <\/p>\n<p>Para mirar al presente y al futuro con \u00abconciencia, serenidad, responsabilidad y sentido de la perspectiva\u00bb, subraya el Pont\u00edfice, es importante \u00abtener presente la memoria de quienes nos han precedido, atesorar las tradiciones que nos han llevado a ser lo que somos\u00bb. Y concluye su discurso animando a todos los italianos a embarcarse en la hermosa aventura de descubrir y redescubrir su \u00abinmensa riqueza\u00bb, pero \u00aba menudo humilde y oculta\u00bb.<\/p>\n","protected":false},"excerpt":{"rendered":"En el centro del discurso de Le\u00f3n XIV durante su visita al Presidente de la Rep\u00fablica Italiana Mattarella,&hellip;\n","protected":false},"author":2,"featured_media":177525,"comment_status":"","ping_status":"","sticky":false,"template":"","format":"standard","meta":{"footnotes":""},"categories":[42],"tags":[17,18,367,13,14,11,61,62,63,64,628,435,19,20,9,10,15,16,399,400,11506,12,21,22,65,66,67],"class_list":{"0":"post-177524","1":"post","2":"type-post","3":"status-publish","4":"format-standard","5":"has-post-thumbnail","7":"category-internacional","8":"tag-breaking-news","9":"tag-breakingnews","10":"tag-familia","11":"tag-featured-news","12":"tag-featurednews","13":"tag-headlines","14":"tag-internacional","15":"tag-international","16":"tag-international-news","17":"tag-internationalnews","18":"tag-italia","19":"tag-jubileo","20":"tag-latest-news","21":"tag-latestnews","22":"tag-news","23":"tag-noticias","24":"tag-noticias-destacadas","25":"tag-noticiasdestacadas","26":"tag-papa-francisco","27":"tag-papa-leon-xiv","28":"tag-paz","29":"tag-titulares","30":"tag-ultimas-noticias","31":"tag-ultimasnoticias","32":"tag-world","33":"tag-world-news","34":"tag-worldnews"},"share_on_mastodon":{"url":"","error":""},"_links":{"self":[{"href":"https:\/\/www.europesays.com\/es\/wp-json\/wp\/v2\/posts\/177524","targetHints":{"allow":["GET"]}}],"collection":[{"href":"https:\/\/www.europesays.com\/es\/wp-json\/wp\/v2\/posts"}],"about":[{"href":"https:\/\/www.europesays.com\/es\/wp-json\/wp\/v2\/types\/post"}],"author":[{"embeddable":true,"href":"https:\/\/www.europesays.com\/es\/wp-json\/wp\/v2\/users\/2"}],"replies":[{"embeddable":true,"href":"https:\/\/www.europesays.com\/es\/wp-json\/wp\/v2\/comments?post=177524"}],"version-history":[{"count":0,"href":"https:\/\/www.europesays.com\/es\/wp-json\/wp\/v2\/posts\/177524\/revisions"}],"wp:featuredmedia":[{"embeddable":true,"href":"https:\/\/www.europesays.com\/es\/wp-json\/wp\/v2\/media\/177525"}],"wp:attachment":[{"href":"https:\/\/www.europesays.com\/es\/wp-json\/wp\/v2\/media?parent=177524"}],"wp:term":[{"taxonomy":"category","embeddable":true,"href":"https:\/\/www.europesays.com\/es\/wp-json\/wp\/v2\/categories?post=177524"},{"taxonomy":"post_tag","embeddable":true,"href":"https:\/\/www.europesays.com\/es\/wp-json\/wp\/v2\/tags?post=177524"}],"curies":[{"name":"wp","href":"https:\/\/api.w.org\/{rel}","templated":true}]}}