{"id":177539,"date":"2025-10-15T03:01:09","date_gmt":"2025-10-15T03:01:09","guid":{"rendered":"https:\/\/www.europesays.com\/es\/177539\/"},"modified":"2025-10-15T03:01:09","modified_gmt":"2025-10-15T03:01:09","slug":"critica-del-nuevo-libro-de-lenorado-padura-morir-en-la-arena-cronica-del-fracaso-y-hundimiento-de-un-pais","status":"publish","type":"post","link":"https:\/\/www.europesays.com\/es\/177539\/","title":{"rendered":"CR\u00cdTICA DEL NUEVO LIBRO DE LENORADO PADURA | &#8216;Morir en la arena&#8217;: cr\u00f3nica del fracaso y hundimiento de un pa\u00eds"},"content":{"rendered":"<p class=\"ft-text\">Nada m\u00e1s abrir las primeras p\u00e1ginas de la \u00faltima novela de <a class=\"ft-link ft-link--decoration\" href=\"https:\/\/www.elperiodico.com\/es\/ocio-y-cultura\/20220917\/leonardo-padura-solucion-irse-cuba-14398777\" rel=\"nofollow noopener\" target=\"_blank\">Leonardo Padura<\/a> (La Habana, 1955), <strong>&#8216;Morir en la arena&#8217;<\/strong>, nos topamos con el aviso de que es una \u00abnovela basada en hechos reales\u00bb, algo que siempre hemos asumido en la obra del autor cubano, de forma m\u00e1s o menos directa. Es probable que las tramas policiales de Mario Conde sean inventadas, pero todos tenemos claro que el trasfondo, el d\u00eda a d\u00eda, las conversaciones, las sobremesas y las descripciones de calles y rincones son tan reales como lo puede ser una cr\u00f3nica. Tal vez por eso sorprende esa advertencia. \u00bfDe verdad puede una obra de Padura contar una historia m\u00e1s real que las que ya nos ha narrado?<\/p>\n<p class=\"ft-text\">En &#8216;Morir en la arena&#8217; seguimos a Rodolfo, un hombre marcado por dos sucesos: el trauma de la guerra de Angola y, sobre todo, el asesinato de su padre a manos de su hermano Geni. Est\u00e1 a punto de jubilarse, ese momento ansiado en el que uno deja de levantarse para cumplir con lo que deciden otros y se convierte, al fin, en due\u00f1o de su tiempo. Pero su realidad dista de ser id\u00edlica.<\/p>\n<p class=\"ft-text\">Tras toda una vida de trabajo, se enfrenta al mismo panorama que los cubanos de la generaci\u00f3n de Padura: pensiones que apenas alcanzan para sobrevivir 15 d\u00edas al mes. Los asalariados tampoco lo tienen mejor, aunque siempre encuentran modos de completar ingresos en los m\u00e1rgenes de la legalidad. Fuera del mercado laboral, en cambio, el futuro se estrecha a\u00fan m\u00e1s.<\/p>\n<blockquote class=\"ft-mol-quote\" data-aida-quote=\"\"><p>Padura utiliza la particularidad de Cuba para desplegar la universalidad de sus historias. Y lo hace con una mirada inc\u00f3moda<\/p><\/blockquote>\n<p class=\"ft-text\">A esa incertidumbre se suma la liberaci\u00f3n inminente de Geni. Tras m\u00e1s de media vida en prisi\u00f3n y aquejado de una enfermedad terminal, las autoridades deciden ponerlo en libertad. El gesto podr\u00eda leerse desde la compasi\u00f3n: permitirle despedirse de los suyos. Pero la impresi\u00f3n que queda es otra, la de un Estado que se desentiende de un desahuciado.<\/p>\n<p>Destreza para mantener la tensi\u00f3n<\/p>\n<p class=\"ft-text\">Aunque no estamos ante una novela policiaca, Padura maneja con destreza los tempos y resortes del g\u00e9nero para mantener la tensi\u00f3n. El regreso de Geni abre la posibilidad de resolver el enigma de por qu\u00e9 mat\u00f3 a su padre. Ni en el juicio ni en todos estos a\u00f1os ha revelado sus motivos, y esa ausencia de respuesta obsesiona a Rodolfo. Desde la elecci\u00f3n del arma \u2013un martillo\u2013 hasta la sospecha de que quiz\u00e1 encubriera algo o a alguien; la herida sigue abierta.<\/p>\n<p class=\"ft-text\">Este conflicto que se perfila tan apasionante es, en realidad, solo una excusa. Un tel\u00f3n de fondo para hablar del hambre, de la dificultad de acceder a una vivienda, de la pandemia \u2013que sirvi\u00f3 para encerrar a\u00fan m\u00e1s al pa\u00eds en su propia realidad\u2013, de la censura \u2013tan asumida que ya opera como autocensura\u2013 y de los problemas que golpean a una poblaci\u00f3n que lucha por sobrevivir y, a menudo, por huir de la isla en la que ha vivido siempre.<\/p>\n<p class=\"ft-text\">Padura utiliza la particularidad de Cuba para desplegar la universalidad de sus historias. Y lo hace con una mirada inc\u00f3moda: pone el dedo en la llaga de una sociedad \u2013la nuestra, la contempor\u00e1nea, la universal\u2013 marcada por la escasez y la incertidumbre, pero tambi\u00e9n nos recuerda que la literatura no est\u00e1 para dictar sentencias, sino para incomodar con preguntas. Esa puede ser su verdad m\u00e1s radical: que lo que entendemos como ficci\u00f3n es, en realidad, la cr\u00f3nica persistente de una memoria colectiva.<\/p>\n<p><img decoding=\"async\" src=\"https:\/\/www.europesays.com\/es\/wp-content\/uploads\/2025\/10\/6dea860d-9c38-4345-8cbf-87e2b38ef222_source-aspect-ratio_default_0.webp.webp\" width=\"111\" height=\"159\" alt=\"\" class=\"ft-helper-img-rd\" loading=\"lazy\"\/>Morir en la arena<\/p>\n<p class=\"ft-text\"><strong>Leonardo Padura<\/strong><\/p>\n<p class=\"ft-text\">Tusquets<\/p>\n<p class=\"ft-text\">384 p\u00e1ginas<\/p>\n<p class=\"ft-text\">22,90 euros<\/p>\n","protected":false},"excerpt":{"rendered":"Nada m\u00e1s abrir las primeras p\u00e1ginas de la \u00faltima novela de Leonardo Padura (La Habana, 1955), &#8216;Morir en&hellip;\n","protected":false},"author":2,"featured_media":177540,"comment_status":"","ping_status":"","sticky":false,"template":"","format":"standard","meta":{"footnotes":""},"categories":[172],"tags":[3334,224,1497,1499,1164,146,147,25,24,367,448,2253,1496,225,2616,1645,32148,23],"class_list":{"0":"post-177539","1":"post","2":"type-post","3":"status-publish","4":"format-standard","5":"has-post-thumbnail","7":"category-libros","8":"tag-arena","9":"tag-books","10":"tag-critica","11":"tag-critica-de-libros","12":"tag-cuba","13":"tag-entertainment","14":"tag-entretenimiento","15":"tag-es","16":"tag-espana","17":"tag-familia","18":"tag-historia","19":"tag-leonardo","20":"tag-libro","21":"tag-libros","22":"tag-morir","23":"tag-novela","24":"tag-padura","25":"tag-spain"},"share_on_mastodon":{"url":"","error":""},"_links":{"self":[{"href":"https:\/\/www.europesays.com\/es\/wp-json\/wp\/v2\/posts\/177539","targetHints":{"allow":["GET"]}}],"collection":[{"href":"https:\/\/www.europesays.com\/es\/wp-json\/wp\/v2\/posts"}],"about":[{"href":"https:\/\/www.europesays.com\/es\/wp-json\/wp\/v2\/types\/post"}],"author":[{"embeddable":true,"href":"https:\/\/www.europesays.com\/es\/wp-json\/wp\/v2\/users\/2"}],"replies":[{"embeddable":true,"href":"https:\/\/www.europesays.com\/es\/wp-json\/wp\/v2\/comments?post=177539"}],"version-history":[{"count":0,"href":"https:\/\/www.europesays.com\/es\/wp-json\/wp\/v2\/posts\/177539\/revisions"}],"wp:featuredmedia":[{"embeddable":true,"href":"https:\/\/www.europesays.com\/es\/wp-json\/wp\/v2\/media\/177540"}],"wp:attachment":[{"href":"https:\/\/www.europesays.com\/es\/wp-json\/wp\/v2\/media?parent=177539"}],"wp:term":[{"taxonomy":"category","embeddable":true,"href":"https:\/\/www.europesays.com\/es\/wp-json\/wp\/v2\/categories?post=177539"},{"taxonomy":"post_tag","embeddable":true,"href":"https:\/\/www.europesays.com\/es\/wp-json\/wp\/v2\/tags?post=177539"}],"curies":[{"name":"wp","href":"https:\/\/api.w.org\/{rel}","templated":true}]}}